{"id":1031,"date":"2020-12-31T17:27:58","date_gmt":"2020-12-31T17:27:58","guid":{"rendered":"http:\/\/letnanskelentilky.cz\/?p=1031"},"modified":"2020-08-27T09:11:41","modified_gmt":"2020-08-27T09:11:41","slug":"etapa-6-val-zustava-parkoviste-v-bahoku","status":"publish","type":"post","link":"https:\/\/www.jan-mikulecky.cz\/index.php\/2020\/12\/31\/etapa-6-val-zustava-parkoviste-v-bahoku\/","title":{"rendered":"Etapa 6: Val z\u016fst\u00e1v\u00e1, parkovi\u0161t\u011b v Bahoku"},"content":{"rendered":"<p>Veden\u00ed radnice za\u010dalo znovu diskutovat n\u011bkolik let star\u00fd z\u00e1m\u011br revitalizace Bahoku, kter\u00fd zahrnuje roz\u0161\u00ed\u0159en\u00ed obchodn\u00edch prostor pro st\u00e1vaj\u00edc\u00ed i nov\u00e9 podnikatele, parkovac\u00ed m\u00edsta a dal\u0161\u00ed mo\u017enosti. Drobn\u00e9 provozovny vedle zast\u00e1vky Fry\u010dovick\u00e1 dnes zahrnuj\u00ed restaurace, obchody, d\u00edlny a skladov\u00e9 prostory. Z\u00e1klad efektivn\u011bj\u0161\u00edho vyu\u017eit\u00ed Bahoku byl polo\u017een u\u017e p\u0159ed lety, kdy byla zpracov\u00e1na jednoduch\u00e1 studie o mo\u017enostech rozvoje tohoto objektu. Nyn\u00ed je tato diskuse op\u011bt na stole, proto\u017ee pot\u0159eba parkov\u00e1n\u00ed je v&nbsp;t\u00e9to oblasti z\u0159ejm\u00e1 a nav\u00edc sou\u010dasn\u00ed podnikatel\u00e9 v&nbsp;Bahoku volaj\u00ed po jeho rozvoji.<!--more--><\/p>\n<p>Nov\u00fd z\u00e1m\u011br vytvo\u0159\u00ed obchodn\u00ed prostory pro st\u00e1vaj\u00edc\u00ed podnikatele. Je tak\u00e9 pravd\u011bpodobn\u00e9, \u017ee&nbsp;objekt bude zv\u00fd\u0161en p\u0159ibli\u017en\u011b na 2&nbsp;patra tak, aby vznikla parkovac\u00ed m\u00edsta pro obyvatele okoln\u00edch ulic. Je to samoz\u0159ejm\u011b investice, kter\u00e1 vy\u017eaduje ur\u010ditou n\u00e1vratnost, proto bude z\u0159ejm\u011b \u010d\u00e1st parkovac\u00edch m\u00edst placena. Av\u0161ak minim\u00e1ln\u011b 1\/4 parkovac\u00edch m\u00edst bude pro ob\u010dany Let\u0148an ZDARMA.&nbsp;Zv\u00fd\u0161en\u00ed objektu tak\u00e9 zlep\u0161\u00ed ochranu proti hluku a prachu z&nbsp;Tupolevovy ulice. Obyvatel\u00e9 zejm\u00e9na v&nbsp;M\u00edsteck\u00e9 a N\u00fddeck\u00e9 ulici tak budou m\u00edt ti\u0161\u0161\u00ed a \u010dist\u0161\u00ed prost\u0159ed\u00ed pro \u017eivot.<\/p>\n<p>S&nbsp;rozvojem Bahoku tak\u00e9 souvis\u00ed budoucnost valu v&nbsp;Malkovsk\u00e9ho ulici. Val byl p\u0159edm\u011btem rozs\u00e1hl\u00fdch diskus\u00ed a r\u016fzn\u00fdch kampan\u00ed, kter\u00e9 nebyly v\u017edy zalo\u017eeny na dostatku relevantn\u00edch informac\u00ed. T\u00edmto se toto um\u011ble vytvo\u0159en\u00e9 t\u00e9ma uzav\u00edr\u00e1. Val je sou\u010d\u00e1st\u00ed projektu Let\u0148ansk\u00fdch lentilek, kde bylo v prvn\u00ed verzi architektonick\u00e9 studie navr\u017eeno parkovi\u0161t\u011b. Je v\u0161ak nutn\u00e9 si uv\u011bdomit, \u017ee prvn\u00ed verze v\u00fdkres\u016f se obvykle v\u00fdrazn\u011b li\u0161\u00ed od skute\u010dn\u00e9ho proveden\u00ed projektu.<\/p>\n<p>Stejn\u011b jako do\u0161lo ke <a title=\"Parkov\u00e1n\u00ed v Ivan\u010dick\u00e9: zm\u011bna podle po\u017eadavk\u016f obyvatel\" href=\"http:\/\/letnanskelentilky.cz\/parkovani-v-ivancicke-zmena-podle-pozadavku-obyvatel\/\" target=\"_blank\" rel=\"noopener noreferrer\">zm\u011bn\u00e1m v Ivan\u010dick\u00e9 ulici<\/a>, u <a title=\"Co bude m\u00edsto ps\u00ed lentilky?\" href=\"http:\/\/letnanskelentilky.cz\/co-bude-misto-psi-lentilky\/\" target=\"_blank\" rel=\"noopener noreferrer\">ps\u00ed lentilky<\/a> nebo v <a title=\"Parkov\u00e1n\u00ed u M\u00edsteck\u00e9 567-569\" href=\"http:\/\/letnanskelentilky.cz\/parkovani-u-mistecke-587-589\/\" target=\"_blank\" rel=\"noopener noreferrer\">parkovan\u00ed v M\u00edsteck\u00e9<\/a>, tak i zm\u011bna valu na parkovi\u0161t\u011b byla pouze v prvn\u00edm n\u00e1vrhu architekt\u016f, ale sou\u010dasn\u00fd n\u00e1zor Let\u0148ansk\u00e9 radnice je zcela opa\u010dn\u00fd:<\/p>\n<ol>\n<li>RM\u010c podporuje zachov\u00e1n\u00ed Valu Malkovsk\u00e9ho, kter\u00fd pln\u00ed ur\u010ditou ochranou funkci bytov\u00fdch dom\u016f v&nbsp;ulici Malkovsk\u00e9ho a podporuje dal\u0161\u00ed rozvoj cel\u00e9 oblasti kolem valu jako ochrann\u00e9ho prvku.<\/li>\n<li>RM\u010c jako n\u00e1jemce pozemku 757\/56 bude i nad\u00e1le zaji\u0161\u0165ovat d\u016fslednou p\u00e9\u010di o&nbsp;zele\u0148 na valu a okol\u00ed, v\u010detn\u011b ps\u00ed louky Malkovsk\u00e9ho.<\/li>\n<\/ol>\n<div>Viz z\u00e1pis Rady m\u011bstsk\u00e9 \u010d\u00e1sti ze dne 15\/5\/2013.<\/div>\n<p>Nikdy nebylo v \u00famyslu zru\u0161it cel\u00fd val a m\u00edsto n\u011bj zbudovat rozs\u00e1hl\u00e9 parkovi\u0161t\u011b. Sp\u00ed\u0161e naopak, obec se sna\u017eila z\u00edskat pozemky alespo\u0148 do pron\u00e1jmu, aby zele\u0148 na valu d\u00e1le netrp\u011bla a mohla b\u00fdt obnovena. Po slo\u017eit\u00fdch jedn\u00e1n\u00edch jsou nyn\u00ed pozemky na valu ve spr\u00e1v\u011b obce do roku 2032.<\/p>\n<p>S ohledem na po\u017eadavky obyvatel Malkovsk\u00e9ho ulice, kter\u00e9 jsou v souladu s n\u00e1zorem majitele pozemku &#8211; spole\u010dnost\u00ed CPI Byty a.s. bude val zachov\u00e1n a bude se <a href=\"http:\/\/www.letnanskelisty.cz\/sidliste-a-zivotni-prostredi\/810-val-je-po-ozdravn%C3%A9m-z%C3%A1sahu,-obyvatel%C3%A9-jej-schv%C3%A1lili.html\" target=\"_blank\" rel=\"noopener noreferrer\">d\u00e1le pracovat na efektivn\u00ed \u00fadr\u017eb\u011b jeho zelen\u011b<\/a>. Rada M\u010c Praha 18 ji\u017e v&nbsp;listopadu 2012 odsouhlasila v usnesen\u00ed 474\/25\/12 z\u00e1m\u011br <a title=\"Ps\u00ed louka Malkovsk\u00e9ho\" href=\"http:\/\/letnanskelentilky.cz\/psi-louka-malkovskeho\/\" target=\"_blank\" rel=\"noopener noreferrer\">vybudov\u00e1n\u00ed ps\u00ed louky Malkovsk\u00e9ho vedle valu<\/a>, \u010d\u00edm\u017e zcela jasn\u011b deklarovala sv\u016fj \u00famysl val neru\u0161it, ale regenerovat a&nbsp;dostat ho zp\u011bt do \u017eivota.<\/p>\n<p>P\u016fvodn\u011b pl\u00e1novan\u00e9 referendum o budoucnosti valu pozb\u00fdv\u00e1 s ohledem na sou\u010dasn\u00e9 rozhodnut\u00ed Let\u0148ansk\u00e9 radnice platnosti. Nicm\u00e9n\u011b jeho budoucnost bude st\u00e1le na ob\u010danech Malkovsk\u00e9ho ulice, jejich\u017e n\u00e1zor bude kdykoli vysly\u0161en. Pokud budou n\u011bkdy v p\u0159\u00ed\u0161t\u00edch letech pl\u00e1nov\u00e1ny zm\u011bny v oblasti valu, je na ob\u010danech, aby p\u0159i\u0161li s p\u0159edstavou, jak s valem d\u00e1l pracovat. Do t\u00e9 doby bude pouze \u0159\u00e1dn\u011b udr\u017eov\u00e1na zele\u0148 a&nbsp;provozov\u00e1na ps\u00ed louka Malkovsk\u00e9ho.<\/p>\n<p>Rozvoj Bahoku je pl\u00e1nov\u00e1n a\u017e po roce 2014. V&nbsp;leto\u0161n\u00edm roce byly zah\u00e1jeny p\u0159\u00edpravn\u00e9 pr\u00e1ce, jejich\u017e v\u00fdstup bude podkladem pro dal\u0161\u00ed rozhodnut\u00ed veden\u00ed Let\u0148ansk\u00e9 radnice. Investici je mo\u017en\u00e9 realizovat z&nbsp;obecn\u00edho rozpo\u010dtu, ale budou tak\u00e9 \u0159e\u0161eny mo\u017enosti p\u0159isp\u011bn\u00ed Magistr\u00e1tu nebo spolupr\u00e1ce s&nbsp;priv\u00e1tn\u00edm investorem.<\/p>\n","protected":false},"excerpt":{"rendered":"<p>Veden\u00ed radnice za\u010dalo znovu diskutovat n\u011bkolik let star\u00fd z\u00e1m\u011br revitalizace Bahoku, kter\u00fd zahrnuje roz\u0161\u00ed\u0159en\u00ed obchodn\u00edch prostor pro st\u00e1vaj\u00edc\u00ed i nov\u00e9 podnikatele, parkovac\u00ed m\u00edsta a dal\u0161\u00ed mo\u017enosti. Drobn\u00e9 provozovny vedle zast\u00e1vky Fry\u010dovick\u00e1 dnes zahrnuj\u00ed restaurace, obchody, d\u00edlny a skladov\u00e9 prostory. Z\u00e1klad efektivn\u011bj\u0161\u00edho vyu\u017eit\u00ed Bahoku byl polo\u017een u\u017e p\u0159ed lety, kdy byla zpracov\u00e1na jednoduch\u00e1 studie o mo\u017enostech &hellip; <\/p>\n<p class=\"link-more\"><a href=\"https:\/\/www.jan-mikulecky.cz\/index.php\/2020\/12\/31\/etapa-6-val-zustava-parkoviste-v-bahoku\/\" class=\"more-link\">Pokra\u010dovat ve \u010dten\u00ed<span class=\"screen-reader-text\"> &#8222;Etapa 6: Val z\u016fst\u00e1v\u00e1, parkovi\u0161t\u011b v Bahoku&#8220;<\/span><\/a><\/p>\n","protected":false},"author":1,"featured_media":0,"comment_status":"closed","ping_status":"closed","sticky":false,"template":"","format":"standard","meta":[],"categories":[16,15],"tags":[],"_links":{"self":[{"href":"https:\/\/www.jan-mikulecky.cz\/index.php\/wp-json\/wp\/v2\/posts\/1031"}],"collection":[{"href":"https:\/\/www.jan-mikulecky.cz\/index.php\/wp-json\/wp\/v2\/posts"}],"about":[{"href":"https:\/\/www.jan-mikulecky.cz\/index.php\/wp-json\/wp\/v2\/types\/post"}],"author":[{"embeddable":true,"href":"https:\/\/www.jan-mikulecky.cz\/index.php\/wp-json\/wp\/v2\/users\/1"}],"replies":[{"embeddable":true,"href":"https:\/\/www.jan-mikulecky.cz\/index.php\/wp-json\/wp\/v2\/comments?post=1031"}],"version-history":[{"count":1,"href":"https:\/\/www.jan-mikulecky.cz\/index.php\/wp-json\/wp\/v2\/posts\/1031\/revisions"}],"predecessor-version":[{"id":2773,"href":"https:\/\/www.jan-mikulecky.cz\/index.php\/wp-json\/wp\/v2\/posts\/1031\/revisions\/2773"}],"wp:attachment":[{"href":"https:\/\/www.jan-mikulecky.cz\/index.php\/wp-json\/wp\/v2\/media?parent=1031"}],"wp:term":[{"taxonomy":"category","embeddable":true,"href":"https:\/\/www.jan-mikulecky.cz\/index.php\/wp-json\/wp\/v2\/categories?post=1031"},{"taxonomy":"post_tag","embeddable":true,"href":"https:\/\/www.jan-mikulecky.cz\/index.php\/wp-json\/wp\/v2\/tags?post=1031"}],"curies":[{"name":"wp","href":"https:\/\/api.w.org\/{rel}","templated":true}]}}