{"id":1036,"date":"2021-01-04T23:05:10","date_gmt":"2021-01-04T23:05:10","guid":{"rendered":"http:\/\/letnanskelentilky.cz\/?p=1036"},"modified":"2020-08-27T09:12:22","modified_gmt":"2020-08-27T09:12:22","slug":"psi-louka-malkovskeho","status":"publish","type":"post","link":"https:\/\/www.jan-mikulecky.cz\/index.php\/2021\/01\/04\/psi-louka-malkovskeho\/","title":{"rendered":"Ps\u00ed prostor Malkovsk\u00e9ho"},"content":{"rendered":"<p><a href=\"http:\/\/letnanskelentilky.cz\/wp-content\/uploads\/Ps\u00ed-louka-Malkovsk\u00e9ho-130313.png\"><img loading=\"lazy\" class=\"alignleft size-thumbnail wp-image-1039\" title=\"Ps\u00ed louka Malkovsk\u00e9ho 130313\" alt=\"\" src=\"http:\/\/letnanskelentilky.cz\/wp-content\/uploads\/Ps\u00ed-louka-Malkovsk\u00e9ho-130313-150x150.png\" width=\"150\" height=\"150\"><\/a>Pr\u00e1zdn\u00fd prostor mezi ulic\u00ed Tupolevova a valem Malkovsk\u00e9ho bude vyu\u017eit\u00fd jako ps\u00ed louka. M\u011bstsk\u00e1 \u010d\u00e1st m\u00e1 pozemek pronajat\u00fd na 20 let. Vlastn\u00edk pozemku CPI Byty a.s. s&nbsp;realizac\u00ed z\u00e1m\u011bru souhlas\u00ed. Let\u0148an\u0161t\u00ed psi tak budou m\u00edt po pr\u00e1zdnin\u00e1ch dal\u0161\u00ed mo\u017enost v\u00fdb\u011bhu a jin\u00fdch aktivit na rozloze v\u00edce ne\u017e 2000 m2.<!--more--><\/p>\n<p>U Tupolevovy ulice bude vybudov\u00e1n ochrann\u00fd plot, aby psi byli ve v\u011bt\u0161\u00edm bezpe\u010d\u00ed. Na louce budou instalov\u00e1ny agility prvky:&nbsp;skok, skok s&nbsp;deskou, \u0161ikm\u00e1 st\u011bna, kruh. Plocha je i v sou\u010dasn\u00e9 dob\u011b pejska\u0159i hojn\u011b vyu\u017e\u00edv\u00e1na a nyn\u00ed bude tento prostor v\u00edce bezpe\u010dn\u00fd a bude nab\u00edzet mo\u017enosti pro aktivn\u00ed ven\u010den\u00ed dom\u00e1c\u00edch mazl\u00ed\u010dk\u016f. Po <a href=\"http:\/\/letnanskelentilky.cz\/wp-content\/uploads\/IMG_0889-001.jpg\" target=\"_blank\" rel=\"noopener noreferrer\">louce Fry\u010dovick\u00e1<\/a>&nbsp;a P\u0159\u00edborsk\u00e1 tak vznikne dal\u0161\u00ed plocha pro aktivn\u00ed ven\u010den\u00ed ps\u00edch mazl\u00ed\u010dk\u016f.<\/p>\n<p><a href=\"http:\/\/letnanskelentilky.cz\/wp-content\/uploads\/Ps\u00ed-louka-Malkovsk\u00e9ho-130313.png\"><img loading=\"lazy\" class=\"aligncenter size-full wp-image-1039\" title=\"Ps\u00ed louka Malkovsk\u00e9ho 130313\" alt=\"\" src=\"http:\/\/letnanskelentilky.cz\/wp-content\/uploads\/Ps\u00ed-louka-Malkovsk\u00e9ho-130313.png\" width=\"366\" height=\"522\"><\/a><em>Aktualizace 15\/10\/2013: P\u016fvodn\u00ed z\u00e1m\u011br byl p\u0159ehodnocen a ps\u00ed prostor byl otev\u0159en bez pevn\u00e9ho plotu. Instalace by vy\u017eadovala slo\u017eit\u00e9 stavebn\u00ed povolen\u00ed,&nbsp;<em>jeho\u017e z\u00edsk\u00e1n\u00ed by nebylo ekonomicky efektivn\u00ed.<\/em><\/em><\/p>\n<p>&nbsp;<\/p>\n","protected":false},"excerpt":{"rendered":"<p>Pr\u00e1zdn\u00fd prostor mezi ulic\u00ed Tupolevova a valem Malkovsk\u00e9ho bude vyu\u017eit\u00fd jako ps\u00ed louka. M\u011bstsk\u00e1 \u010d\u00e1st m\u00e1 pozemek pronajat\u00fd na 20 let. Vlastn\u00edk pozemku CPI Byty a.s. s&nbsp;realizac\u00ed z\u00e1m\u011bru souhlas\u00ed. Let\u0148an\u0161t\u00ed psi tak budou m\u00edt po pr\u00e1zdnin\u00e1ch dal\u0161\u00ed mo\u017enost v\u00fdb\u011bhu a jin\u00fdch aktivit na rozloze v\u00edce ne\u017e 2000 m2.<\/p>\n","protected":false},"author":1,"featured_media":0,"comment_status":"closed","ping_status":"closed","sticky":false,"template":"","format":"standard","meta":[],"categories":[16,18],"tags":[],"_links":{"self":[{"href":"https:\/\/www.jan-mikulecky.cz\/index.php\/wp-json\/wp\/v2\/posts\/1036"}],"collection":[{"href":"https:\/\/www.jan-mikulecky.cz\/index.php\/wp-json\/wp\/v2\/posts"}],"about":[{"href":"https:\/\/www.jan-mikulecky.cz\/index.php\/wp-json\/wp\/v2\/types\/post"}],"author":[{"embeddable":true,"href":"https:\/\/www.jan-mikulecky.cz\/index.php\/wp-json\/wp\/v2\/users\/1"}],"replies":[{"embeddable":true,"href":"https:\/\/www.jan-mikulecky.cz\/index.php\/wp-json\/wp\/v2\/comments?post=1036"}],"version-history":[{"count":1,"href":"https:\/\/www.jan-mikulecky.cz\/index.php\/wp-json\/wp\/v2\/posts\/1036\/revisions"}],"predecessor-version":[{"id":2775,"href":"https:\/\/www.jan-mikulecky.cz\/index.php\/wp-json\/wp\/v2\/posts\/1036\/revisions\/2775"}],"wp:attachment":[{"href":"https:\/\/www.jan-mikulecky.cz\/index.php\/wp-json\/wp\/v2\/media?parent=1036"}],"wp:term":[{"taxonomy":"category","embeddable":true,"href":"https:\/\/www.jan-mikulecky.cz\/index.php\/wp-json\/wp\/v2\/categories?post=1036"},{"taxonomy":"post_tag","embeddable":true,"href":"https:\/\/www.jan-mikulecky.cz\/index.php\/wp-json\/wp\/v2\/tags?post=1036"}],"curies":[{"name":"wp","href":"https:\/\/api.w.org\/{rel}","templated":true}]}}