{"id":1068,"date":"2020-12-27T15:27:49","date_gmt":"2020-12-27T15:27:49","guid":{"rendered":"http:\/\/letnanskelentilky.cz\/?p=1068"},"modified":"2020-08-27T09:11:05","modified_gmt":"2020-08-27T09:11:05","slug":"parter-zs-tupolevova","status":"publish","type":"post","link":"https:\/\/www.jan-mikulecky.cz\/index.php\/2020\/12\/27\/parter-zs-tupolevova\/","title":{"rendered":"Parter Z\u0160 Tupolevova"},"content":{"rendered":"<p><a href=\"http:\/\/letnanskelentilky.cz\/wp-content\/uploads\/Parter1.png\"><img loading=\"lazy\" class=\"alignleft size-thumbnail wp-image-1073\" title=\"Parter1\" alt=\"\" src=\"http:\/\/letnanskelentilky.cz\/wp-content\/uploads\/Parter1-150x150.png\" width=\"150\" height=\"150\"><\/a>Z\u00e1kladn\u00ed \u0161kola Tupolevova je ze severn\u00ed strany odd\u011blena od panelov\u00fdch dom\u016f parkem. T\u011b\u017ei\u0161t\u011bm ve\u0159ejn\u00e9ho prostoru je asfaltov\u00e1 plocha p\u0159ed hlavn\u00edm vstupem do budovy, ze kter\u00e9 se rozv\u011btvuj\u00ed p\u011b\u0161\u00ed cesty: k autobusov\u00e9 zast\u00e1vce, k dom\u016fm a do parku. M\u00edsto p\u016fsob\u00ed pr\u00e1zdn\u011b a nevyu\u017eit\u011b. \u010cas \u0161koln\u00edch n\u00e1stup\u016f skon\u010dil. Nen\u00ed zde nic, co by lidi p\u0159it\u00e1hlo a upoutalo jejich pozornost. \u00dakolem pro architekty bylo naj\u00edt novou identitu tohoto m\u00edsta, kter\u00e1 by p\u0159it\u00e1hla lidi a&nbsp;vytvo\u0159ila funguj\u00edc\u00ed urb\u00e1nn\u00ed prostranstv\u00ed.<!--more--><\/p>\n<p><strong>Sjednocen\u00ed parku<\/strong><\/p>\n<p>Prvn\u00edm bodem v cest\u011b za o\u017eiven\u00edm ve\u0159ejn\u00e9ho parteru \u0161koly je sjednocen\u00ed parku. Inspirac\u00ed byl charakteristick\u00fd znak tohoto m\u00edsta: pravo\u00fahl\u00e1 geometrick\u00e1 plocha vsazen\u00e1 do rostl\u00e9 organick\u00e9 struktury cest. Tento motiv architekti vyu\u017eili a pos\u00edlili. Stejn\u00fdm zp\u016fsobem zd\u016fraznili i vedlej\u0161\u00ed vstup do budovy a m\u00edsto dal\u0161\u00edho k\u0159\u00ed\u017een\u00ed cest v parku. Vznikla tak t\u0159i jasn\u011b vyhran\u011bn\u00e1 m\u00edsta &#8211; uzly na s\u00edti cest, kter\u00e9 jsou vymezen\u00e9 nejenom sv\u00fdm tvarem, ale i povrchem z ciheln\u00e9 dla\u017eby. Tyto piazzy vtisknou \u00fazem\u00ed nov\u00fd jednotn\u00fd charakter, roz\u010dlen\u00ed ve\u0159ejn\u00fd prostor a zd\u016frazn\u00ed jeho hierarchii.<\/p>\n<p><a href=\"http:\/\/letnanskelentilky.cz\/wp-content\/uploads\/Pudorys.png\"><img loading=\"lazy\" class=\"alignleft size-full wp-image-1075\" title=\"Pudorys\" alt=\"\" src=\"http:\/\/letnanskelentilky.cz\/wp-content\/uploads\/Pudorys.png\" width=\"851\" height=\"566\"><\/a><\/p>\n<p>Dal\u0161\u00edm krokem ke sjednocen\u00ed parku, je dopln\u011bn\u00ed strom\u016f v jeho v\u00fdchodn\u00ed \u010d\u00e1sti. Stromy budou jednak odd\u011blovat parkovi\u0161t\u011b, zejm\u00e9na v\u0161ak dotvo\u0159\u00ed pr\u016fb\u011b\u017en\u00fd, kompaktn\u00ed zelen\u00fd p\u00e1s proch\u00e1zej\u00edc\u00ed pod\u00e9l cel\u00e9 severn\u00ed fas\u00e1dy \u0161koly.<\/p>\n<p><strong>Multi-genera\u010dn\u00ed prostor<\/strong><\/p>\n<p>D\u016fle\u017eit\u00fdm momentem n\u00e1vrhu bylo pochopen\u00ed, pro koho a \u010d\u00edm vlastn\u011b by tento prostor m\u011bl b\u00fdt. Je to prostor prim\u00e1rn\u011b ur\u010den\u00fd pro d\u011bti, nicm\u00e9n\u011b st\u00e1le se jedn\u00e1 o prostor ve\u0159ejn\u00fd, kter\u00fd by m\u011bl slou\u017eit v\u0161em. D\u00edky sv\u00e9 poloze mezi autobusovou zast\u00e1vkou a bytov\u00fdmi domy tudy denn\u011b proch\u00e1z\u00ed spousta lid\u00ed \u2026nejen \u0161kol\u00e1k\u016f. Tento prostor by m\u011bl n\u011bco nab\u00eddnout \u00fapln\u011b ka\u017ed\u00e9mu.<\/p>\n<p>Jako prvek, kter\u00fd toto dok\u00e1\u017ee a skute\u010dn\u011b ka\u017ed\u00e9ho trochu vyburcuje z ka\u017edodenn\u00ed reality, navrhli architekti rozvln\u011bn\u00ed hlavn\u00ed piazzy, vytvo\u0159en\u00ed boul\u00ed p\u0159ibli\u017en\u011b metr vysok\u00fdch p\u0159ed vstupem do \u0161koly. C\u00edlem je, aby nikdo, kdo tudy bude proch\u00e1zet, nez\u016fstal nete\u010dn\u00fd. Aby ka\u017ed\u00e9 d\u00edt\u011b vyb\u011bhlo nahoru na kopec a zase dol\u016f, aby se ka\u017ed\u00fd teenager nebo dosp\u011bl\u00fd mohl na bouli pohodln\u011b posadit nebo se t\u0159eba jen o n\u00ed op\u0159\u00edt, a aby ka\u017ed\u00fd, kdo nahoru vyb\u011bhnout nem\u016f\u017ee, se alespo\u0148 pousm\u00e1l.<\/p>\n<p><a href=\"http:\/\/letnanskelentilky.cz\/wp-content\/uploads\/Parter2.png\"><img loading=\"lazy\" class=\"alignleft size-full wp-image-1074\" title=\"Parter2\" alt=\"\" src=\"http:\/\/letnanskelentilky.cz\/wp-content\/uploads\/Parter2.png\" width=\"846\" height=\"419\"><\/a><\/p>\n<p>V dne\u0161n\u00ed dob\u011b, kdy se i d\u011bti st\u00e1le m\u00e9n\u011b a m\u00e9n\u011b h\u00fdbou, je spr\u00e1vn\u00e9 alespo\u0148 touto cestou podpo\u0159it chu\u0165 rozeb\u011bhnout se. Rozvln\u011bn\u00ed bude podporovat image \u0161koly, kam se d\u011bti nemus\u00ed b\u00e1t chodit, naopak \u0161kolu k d\u011btem v\u00edce p\u0159ibl\u00ed\u017e\u00ed. Mezi boulemi bude zachov\u00e1n dostate\u010dn\u011b velk\u00fd prostor pro plynul\u00fd pr\u016fchod a po obvodu a pro celoro\u010dn\u00ed \u00fadr\u017ebu. Stejn\u011b tak jako v cel\u00e9m parku, budou kolem tohoto prostoru osazeny nov\u00e9 lavi\u010dky, nov\u00e1 sv\u00edtidla a odpadkov\u00e9 ko\u0161e.<\/p>\n<p><strong>Obnova h\u0159i\u0161\u0165 v parku<\/strong><\/p>\n<p>Posledn\u00edm bodem n\u00e1vrhu je obnoven\u00ed p\u016fvodn\u00edch m\u00edst v parku ur\u010den\u00fdch pro d\u011bti. Jedn\u00e1 se o m\u00edsta dvou b\u00fdval\u00fdch p\u00edskovi\u0161\u0165 um\u00edst\u011bn\u00fdch na zatravn\u011bn\u00fdch ploch\u00e1ch mezi stromy. Ob\u011b tato m\u00edsta by se m\u011bla vr\u00e1tit d\u011btem. Ka\u017ed\u00e9 h\u0159i\u0161t\u011b bude pro jinou v\u011bkovou skupinu. Pro ty nejmen\u0161\u00ed bude ur\u010dena plocha v z\u00e1padn\u00ed \u010d\u00e1sti parku. Budou zde houpa\u010dky, klouza\u010dky a jednoduch\u00e9 prol\u00e9za\u010dky. Po obvodu budou um\u00edst\u011bny lavi\u010dky pro d\u011btsk\u00fd doprovod.<\/p>\n<p>Pro star\u0161\u00ed d\u011bti bude ur\u010deno druh\u00e9 h\u0159i\u0161t\u011b uprost\u0159ed parku. H\u0159i\u0161t\u011b bude tvo\u0159it prostorov\u00e1 struktura dvou uzav\u0159en\u00fdch okruh\u016f trubek, propl\u00e9taj\u00edc\u00edch se mezi stromy. Mezi t\u011bmito trubkami bude nata\u017eena lanov\u00e1 s\u00ed\u0165 s r\u016fzn\u00fdmi hrac\u00edmi elementy.<\/p>\n<p><strong>Parkov\u00e1n\u00ed<\/strong><\/p>\n<p>V&nbsp;ulici Dobratick\u00e1 p\u0159ibyde p\u0159ibli\u017en\u011b 10 nov\u00fdch parkovac\u00edch m\u00edst. P\u0159ed vchody 520-522 vznikne pojezdov\u00fd chodn\u00edk ur\u010den\u00fd k&nbsp;manipulaci n\u00e1klad\u016f, p\u0159\u00edjezdu hasi\u010d\u016f a z\u00e1chrann\u00e9 slu\u017eby a ke kr\u00e1tkodob\u00e9mu parkov\u00e1n\u00ed pro vylo\u017een\u00ed a nalo\u017een\u00ed. Cel\u00fd prostor se tak velmi zklidn\u00ed a nav\u00edc \u0159idi\u010di dostanou nov\u00fd v\u011bt\u0161\u00ed prostor k&nbsp;parkov\u00e1n\u00ed.<\/p>\n<p><a href=\"http:\/\/letnanskelentilky.cz\/wp-content\/uploads\/Parkovani.png\"><img loading=\"lazy\" class=\"alignleft size-full wp-image-1082\" title=\"Parkovani\" alt=\"\" src=\"http:\/\/letnanskelentilky.cz\/wp-content\/uploads\/Parkovani.png\" width=\"647\" height=\"559\"><\/a><\/p>\n<p><strong>Financov\u00e1n\u00ed<\/strong><\/p>\n<p>C\u00edlem je financovat projekt z&nbsp;dota\u010dn\u00edch program\u016f magistr\u00e1tu hlavn\u00edho m\u011bsta, p\u0159\u00edpadn\u011b jin\u00fdch zdroj\u016f. Projek\u010dn\u00ed pr\u00e1ce byly p\u0159ed pr\u00e1zdniny dokon\u010deny a projekt dostal v\u0161echna pot\u0159ebn\u00e1 povolen\u00ed. Do konce roku 2013 bude zn\u00e1mo, zda se parter p\u0159ed z\u00e1kladn\u00ed \u0161kolou Tupolevova poda\u0159\u00ed v&nbsp;p\u0159\u00ed\u0161t\u00edm roce realizovat. Pokud ne, budeme muset \u010dekat na lep\u0161\u00ed finan\u010dn\u00ed situaci.<\/p>\n<p>V&nbsp;p\u0159\u00edpad\u011b jak\u00fdchkoli koment\u00e1\u0159\u016f k n\u00e1vrhu m\u016f\u017eete vyu\u017e\u00edt p\u0159\u00edm\u00fd kontakt: <a href=\"mailto:mikulecky@letnany.cz\">mikulecky@letnany.cz<\/a>.&nbsp;M\u00e1te tak\u00e9 mo\u017enost vyj\u00e1d\u0159it V\u00e1\u0161 n\u00e1zor n\u00ed\u017ee.<\/p>\n<p><strong><a href=\"http:\/\/letnanskelentilky.cz\/wp-content\/uploads\/parter-zs-letnany-final_SMALL.pdf\" target=\"_blank\" rel=\"noopener noreferrer\">Prezentace Parter Z\u0160 Tupolevova \u2013 st\u00e1hnout<\/a><\/strong><\/p>\n<p><a href=\"http:\/\/letnanskelentilky.cz\/wp-content\/uploads\/Koncept.png\"><img loading=\"lazy\" class=\"alignleft size-full wp-image-1072\" title=\"Koncept\" alt=\"\" src=\"http:\/\/letnanskelentilky.cz\/wp-content\/uploads\/Koncept.png\" width=\"770\" height=\"333\"><\/a><\/p>\n","protected":false},"excerpt":{"rendered":"<p>Z\u00e1kladn\u00ed \u0161kola Tupolevova je ze severn\u00ed strany odd\u011blena od panelov\u00fdch dom\u016f parkem. T\u011b\u017ei\u0161t\u011bm ve\u0159ejn\u00e9ho prostoru je asfaltov\u00e1 plocha p\u0159ed hlavn\u00edm vstupem do budovy, ze kter\u00e9 se rozv\u011btvuj\u00ed p\u011b\u0161\u00ed cesty: k autobusov\u00e9 zast\u00e1vce, k dom\u016fm a do parku. M\u00edsto p\u016fsob\u00ed pr\u00e1zdn\u011b a nevyu\u017eit\u011b. \u010cas \u0161koln\u00edch n\u00e1stup\u016f skon\u010dil. Nen\u00ed zde nic, co by lidi p\u0159it\u00e1hlo a upoutalo &hellip; <\/p>\n<p class=\"link-more\"><a href=\"https:\/\/www.jan-mikulecky.cz\/index.php\/2020\/12\/27\/parter-zs-tupolevova\/\" class=\"more-link\">Pokra\u010dovat ve \u010dten\u00ed<span class=\"screen-reader-text\"> &#8222;Parter Z\u0160 Tupolevova&#8220;<\/span><\/a><\/p>\n","protected":false},"author":1,"featured_media":0,"comment_status":"closed","ping_status":"closed","sticky":false,"template":"","format":"standard","meta":[],"categories":[18,7],"tags":[],"_links":{"self":[{"href":"https:\/\/www.jan-mikulecky.cz\/index.php\/wp-json\/wp\/v2\/posts\/1068"}],"collection":[{"href":"https:\/\/www.jan-mikulecky.cz\/index.php\/wp-json\/wp\/v2\/posts"}],"about":[{"href":"https:\/\/www.jan-mikulecky.cz\/index.php\/wp-json\/wp\/v2\/types\/post"}],"author":[{"embeddable":true,"href":"https:\/\/www.jan-mikulecky.cz\/index.php\/wp-json\/wp\/v2\/users\/1"}],"replies":[{"embeddable":true,"href":"https:\/\/www.jan-mikulecky.cz\/index.php\/wp-json\/wp\/v2\/comments?post=1068"}],"version-history":[{"count":1,"href":"https:\/\/www.jan-mikulecky.cz\/index.php\/wp-json\/wp\/v2\/posts\/1068\/revisions"}],"predecessor-version":[{"id":2771,"href":"https:\/\/www.jan-mikulecky.cz\/index.php\/wp-json\/wp\/v2\/posts\/1068\/revisions\/2771"}],"wp:attachment":[{"href":"https:\/\/www.jan-mikulecky.cz\/index.php\/wp-json\/wp\/v2\/media?parent=1068"}],"wp:term":[{"taxonomy":"category","embeddable":true,"href":"https:\/\/www.jan-mikulecky.cz\/index.php\/wp-json\/wp\/v2\/categories?post=1068"},{"taxonomy":"post_tag","embeddable":true,"href":"https:\/\/www.jan-mikulecky.cz\/index.php\/wp-json\/wp\/v2\/tags?post=1068"}],"curies":[{"name":"wp","href":"https:\/\/api.w.org\/{rel}","templated":true}]}}