{"id":1091,"date":"2020-12-29T18:40:24","date_gmt":"2020-12-29T18:40:24","guid":{"rendered":"http:\/\/letnanskelentilky.cz\/?p=1091"},"modified":"2020-08-27T09:11:22","modified_gmt":"2020-08-27T09:11:22","slug":"atrium-zs-frycovicka","status":"publish","type":"post","link":"https:\/\/www.jan-mikulecky.cz\/index.php\/2020\/12\/29\/atrium-zs-frycovicka\/","title":{"rendered":"Atrium Z\u0160 Fry\u010dovick\u00e1"},"content":{"rendered":"<p><a href=\"http:\/\/letnanskelentilky.cz\/wp-content\/uploads\/AtriumZSFrycovicka.png\"><img loading=\"lazy\" class=\"alignleft size-thumbnail wp-image-1092\" title=\"AtriumZSFrycovicka\" src=\"http:\/\/letnanskelentilky.cz\/wp-content\/uploads\/AtriumZSFrycovicka-150x150.png\" alt=\"\" width=\"150\" height=\"150\"><\/a>P\u0159es letn\u00ed pr\u00e1zdniny 2013 bude zcela zm\u011bn\u011bno atrium v&nbsp;z\u00e1kladn\u00ed \u0161kole Fry\u010dovick\u00e1. Po dohod\u011b se stavebn\u00ed spole\u010dnost\u00ed JUMAR, kter\u00e1 pr\u00e1ce provede jako sponzorsk\u00fd dar, bude odstran\u011bn star\u00fd asfalt a nov\u011b budou \u0161kol\u00e1ci tr\u00e1vit p\u0159est\u00e1vky na zelen\u00e9 tr\u00e1v\u011b. \u010c\u00e1st pevn\u00e9 plochy z\u016fstane pro ob\u010dasn\u00e9 akce \u0161koly, p\u0159ibude p\u00e1r metr\u016f nov\u00fdch chodn\u00edk\u016f. Sou\u010dasn\u00e1 zele\u0148 bude kompletn\u011b rekultivov\u00e1na.<!--more--><\/p>\n<p>Atrium ve \u0161kole je star\u00e9 30 let. Zni\u010den\u00fd asfalt a neudr\u017eovan\u00e1 zele\u0148 nen\u00ed ide\u00e1ln\u00ed prostor pro tr\u00e1ven\u00ed voln\u00e9ho \u010dasu \u0161kol\u00e1k\u016f. Proto do\u0161lo k dohod\u011b se spole\u010dnost\u00ed <a href=\"http:\/\/www.jumar.cz\/\" target=\"_blank\" rel=\"noopener noreferrer\">JUMAR <\/a>a v&nbsp;r\u00e1mci sponzorsk\u00e9ho p\u0159\u00edsp\u011bvku bude atrium zcela rekonstruov\u00e1no. Nov\u00e9 vnit\u0159n\u00ed prostor \u0161koly bude skv\u011bl\u00fdm dopl\u0148kem k&nbsp;<a title=\"Lentilky etapa 9: Had\u00ed stezka Fry\u010dovick\u00e1\" href=\"http:\/\/letnanskelentilky.cz\/lentilky-etapa-9-hadi-stezka-frycovicka\/\" target=\"_blank\" rel=\"noopener noreferrer\">Had\u00ed stezce Fry\u010dovick\u00e1<\/a> a celkov\u011b dob\u0159e zapadne do projektu Let\u0148ansk\u00fdch lentilek, kter\u00fd v&nbsp;pr\u016fb\u011bhu p\u0159\u00ed\u0161t\u00edch let obnov\u00ed kompletn\u00ed ve\u0159ejn\u00e9 plochy na s\u00eddli\u0161ti.<\/p>\n<p>Je spr\u00e1vn\u00e9, \u017ee spole\u010dnosti, kter\u00e9 se pod\u00edlej\u00ed na revitalizaci s\u00eddli\u0161t\u011b, d\u00e1vaj\u00ed n\u011bco zp\u011bt. Let\u0148ansk\u00e1 radnice velmi oce\u0148uje rozhodnut\u00ed pana Rulfa, jednatele <strong><a href=\"http:\/\/www.jumar.cz\/\" target=\"_blank\" rel=\"noopener noreferrer\">spole\u010dnosti JUMAR<\/a><\/strong>, \u017ee d\u00e1 Z\u0160 Fry\u010dovick\u00e1 <strong>sponzorsk\u00fd dar ve v\u00fd\u0161i 500.000 K\u010d<\/strong>. Zcela jist\u011b se dal\u0161\u00ed spole\u010dnosti p\u016fsob\u00edc\u00ed v&nbsp;Let\u0148anech p\u0159idaj\u00ed. Hod\u00ed se dodat, \u017ee v&nbsp;kv\u011btnu a \u010dervnu odjeli d\u011bti z&nbsp;M\u0160 Malkovsk\u00e9ho a dru\u017einy Z\u0160 Fry\u010dovick\u00e1 do <a href=\"http:\/\/www.mirakulum.cz\" target=\"_blank\" rel=\"noopener noreferrer\">d\u011btsk\u00e9ho parku Mirakulum<\/a>. D\u00edky sponzorsk\u00fdm dar\u016fm Parku Mirakulum a spole\u010dnosti V\u00fdtahy Praha m\u011bly d\u011bti vstup a dopravu zcela zdarma.<\/p>\n","protected":false},"excerpt":{"rendered":"<p>P\u0159es letn\u00ed pr\u00e1zdniny 2013 bude zcela zm\u011bn\u011bno atrium v&nbsp;z\u00e1kladn\u00ed \u0161kole Fry\u010dovick\u00e1. Po dohod\u011b se stavebn\u00ed spole\u010dnost\u00ed JUMAR, kter\u00e1 pr\u00e1ce provede jako sponzorsk\u00fd dar, bude odstran\u011bn star\u00fd asfalt a nov\u011b budou \u0161kol\u00e1ci tr\u00e1vit p\u0159est\u00e1vky na zelen\u00e9 tr\u00e1v\u011b. \u010c\u00e1st pevn\u00e9 plochy z\u016fstane pro ob\u010dasn\u00e9 akce \u0161koly, p\u0159ibude p\u00e1r metr\u016f nov\u00fdch chodn\u00edk\u016f. Sou\u010dasn\u00e1 zele\u0148 bude kompletn\u011b rekultivov\u00e1na.<\/p>\n","protected":false},"author":1,"featured_media":0,"comment_status":"closed","ping_status":"closed","sticky":false,"template":"","format":"standard","meta":[],"categories":[10,7],"tags":[],"_links":{"self":[{"href":"https:\/\/www.jan-mikulecky.cz\/index.php\/wp-json\/wp\/v2\/posts\/1091"}],"collection":[{"href":"https:\/\/www.jan-mikulecky.cz\/index.php\/wp-json\/wp\/v2\/posts"}],"about":[{"href":"https:\/\/www.jan-mikulecky.cz\/index.php\/wp-json\/wp\/v2\/types\/post"}],"author":[{"embeddable":true,"href":"https:\/\/www.jan-mikulecky.cz\/index.php\/wp-json\/wp\/v2\/users\/1"}],"replies":[{"embeddable":true,"href":"https:\/\/www.jan-mikulecky.cz\/index.php\/wp-json\/wp\/v2\/comments?post=1091"}],"version-history":[{"count":1,"href":"https:\/\/www.jan-mikulecky.cz\/index.php\/wp-json\/wp\/v2\/posts\/1091\/revisions"}],"predecessor-version":[{"id":2772,"href":"https:\/\/www.jan-mikulecky.cz\/index.php\/wp-json\/wp\/v2\/posts\/1091\/revisions\/2772"}],"wp:attachment":[{"href":"https:\/\/www.jan-mikulecky.cz\/index.php\/wp-json\/wp\/v2\/media?parent=1091"}],"wp:term":[{"taxonomy":"category","embeddable":true,"href":"https:\/\/www.jan-mikulecky.cz\/index.php\/wp-json\/wp\/v2\/categories?post=1091"},{"taxonomy":"post_tag","embeddable":true,"href":"https:\/\/www.jan-mikulecky.cz\/index.php\/wp-json\/wp\/v2\/tags?post=1091"}],"curies":[{"name":"wp","href":"https:\/\/api.w.org\/{rel}","templated":true}]}}