{"id":1101,"date":"2021-01-02T12:27:18","date_gmt":"2021-01-02T12:27:18","guid":{"rendered":"http:\/\/letnanskelentilky.cz\/?p=1101"},"modified":"2020-08-27T09:12:03","modified_gmt":"2020-08-27T09:12:03","slug":"letnanske-lentilky-dostaly-dotaci-27-000-000-kc","status":"publish","type":"post","link":"https:\/\/www.jan-mikulecky.cz\/index.php\/2021\/01\/02\/letnanske-lentilky-dostaly-dotaci-27-000-000-kc\/","title":{"rendered":"Let\u0148ansk\u00e9 lentilky dostaly dotaci 27.000.000 K\u010d"},"content":{"rendered":"<p style=\"text-align: left;\"><a href=\"http:\/\/letnanskelentilky.cz\/wp-content\/uploads\/Logo-EU.png\"><img loading=\"lazy\" class=\"alignleft size-full wp-image-1107\" title=\"Logo EU\" src=\"http:\/\/letnanskelentilky.cz\/wp-content\/uploads\/Logo-EU.png\" alt=\"\" width=\"169\" height=\"139\"><\/a>Rada hlavn\u00edho m\u011bsta (11\/6) a n\u00e1sledn\u011b zastupitelstvo (20\/6) schv\u00e1lily v\u00fdsledky v\u00fdzvy dota\u010dn\u00edho programu OPPK 2.1.&nbsp;Revitalizace a ochrana \u00fazem\u00ed.<\/p>\n<p style=\"text-align: center;\"><strong>Projekt Let\u0148ansk\u00e9 lentilky obdr\u017eel<br \/>\n<span style=\"text-decoration: underline;\">dotaci 26 656 828 K\u010d<\/span><\/strong>.<\/p>\n<p style=\"text-align: left;\"><!--more-->Je to obrovsk\u00fd \u00fasp\u011bch, proto\u017ee tak vysokou dotaci z evropsk\u00fdch fond\u016f zat\u00edm Let\u0148any nikdy nedostaly. Lentilky byly se sv\u00fdmi 71 body vyhodnoceny jako 3. nejlep\u0161\u00ed projekt leto\u0161n\u00ed v\u00fdzvy. V r\u00e1mci cel\u00e9ho dota\u010dn\u00edho programu, kter\u00fd prob\u00edhal v letech 2007 &#8211; 2013 je tento projekt \u010dtvrt\u00fd s nejvy\u0161\u0161\u00edm bodov\u00fdm ohodnocen\u00edm.<\/p>\n<p style=\"text-align: left;\">\u017d\u00e1dost o dotace pod\u00e1vaj\u00ed m\u011bstsk\u00e9 \u010d\u00e1sti, hlavn\u00ed m\u011bsto, ob\u010dansk\u00e1 sdru\u017een\u00ed a dal\u0161\u00ed organizace.&nbsp;<strong>Ze \u017e\u00e1dost\u00ed, kter\u00e9 podaly m\u011bstsk\u00e9 \u010d\u00e1sti, je projekt Let\u0148ansk\u00fdch lentilek nejlep\u0161\u00ed &#8211; <span style=\"text-decoration: underline;\">dostal nejv\u00edce bod\u016f v cel\u00e9 sedmilet\u00e9 historii programu OPPK<\/span>.<\/strong> Toto je jasn\u00fd d\u016fkaz, \u017ee projekt Lentilek byl \u0159\u00e1dn\u011b a velmi kvalitn\u011b zpracov\u00e1n a v p\u0159\u00edpravn\u00fdch prac\u00edch nedo\u0161lo k jedin\u00e9mu pochyben\u00ed.<\/p>\n<p style=\"text-align: left;\">Obrovsk\u00fd d\u00edk pat\u0159\u00ed v\u0161em pracovn\u00edk\u016fm Let\u0148ansk\u00e9 radnice, kte\u0159\u00ed se na projektu doposud pod\u00edleli, dodavatel\u016fm a samoz\u0159ejm\u011b i<a title=\"Let\u0148ansk\u00e9 s\u00eddli\u0161t\u011b se m\u011bn\u00ed podle p\u0159\u00e1n\u00ed jeho obyvatel\" href=\"http:\/\/letnanskelentilky.cz\/letnanske-sidliste-se-meni-podle-prani-jeho-obyvatel\/\"> obyvatel\u016fm Let\u0148an a z\u00e1stupc\u016fm SVJ<\/a>, kte\u0159\u00ed sv\u00fdmi n\u00e1zory p\u0159isp\u011bli k celkov\u00e9mu vzhledu nov\u00e9ho s\u00eddli\u0161t\u011b.<\/p>\n<p>T\u00edmto v\u0161ak pr\u00e1ce nekon\u010d\u00ed. Jsme st\u00e1le na polovin\u011b cesty. N\u00e1sledn\u00e9 kroky budou: vybrat vhodn\u00e9ho dodavatele stavby a realizovat projekt s term\u00ednem dokon\u010den\u00ed 2014-15. Pracuje se tak\u00e9 na <a title=\"Lentilky etapa 9: Had\u00ed stezka Fry\u010dovick\u00e1\" href=\"http:\/\/letnanskelentilky.cz\/lentilky-etapa-9-hadi-stezka-frycovicka\/\">dal\u0161\u00edch etap\u00e1ch projektu<\/a>, pro kter\u00e9 se budou op\u011bt \u017e\u00e1dat dotace.<\/p>\n<p><a href=\"http:\/\/letnanskelentilky.cz\/wp-content\/uploads\/Praha_v_barve.jpg\"><img loading=\"lazy\" class=\"alignleft  wp-image-1118\" title=\"Praha_v_barve\" src=\"http:\/\/letnanskelentilky.cz\/wp-content\/uploads\/Praha_v_barve.jpg\" alt=\"\" width=\"74\" height=\"74\"><\/a><\/p>\n<p><a href=\"http:\/\/letnanskelentilky.cz\/wp-content\/uploads\/oppk_logo_POZ.jpg\"><img loading=\"lazy\" class=\"alignleft  wp-image-1117\" title=\"oppk_logo_POZ\" src=\"http:\/\/letnanskelentilky.cz\/wp-content\/uploads\/oppk_logo_POZ.jpg\" alt=\"\" width=\"238\" height=\"66\"><\/a><\/p>\n<p><a href=\"http:\/\/letnanskelentilky.cz\/wp-content\/uploads\/EU_velke_RGB.jpg\"><img loading=\"lazy\" class=\"alignleft  wp-image-1116\" title=\"EU_velke_RGB\" src=\"http:\/\/letnanskelentilky.cz\/wp-content\/uploads\/EU_velke_RGB.jpg\" alt=\"\" width=\"99\" height=\"85\"><\/a><\/p>\n<p>&nbsp;<\/p>\n","protected":false},"excerpt":{"rendered":"<p>Rada hlavn\u00edho m\u011bsta (11\/6) a n\u00e1sledn\u011b zastupitelstvo (20\/6) schv\u00e1lily v\u00fdsledky v\u00fdzvy dota\u010dn\u00edho programu OPPK 2.1.&nbsp;Revitalizace a ochrana \u00fazem\u00ed. Projekt Let\u0148ansk\u00e9 lentilky obdr\u017eel dotaci 26 656 828 K\u010d.<\/p>\n","protected":false},"author":1,"featured_media":0,"comment_status":"closed","ping_status":"closed","sticky":false,"template":"","format":"standard","meta":[],"categories":[5],"tags":[],"_links":{"self":[{"href":"https:\/\/www.jan-mikulecky.cz\/index.php\/wp-json\/wp\/v2\/posts\/1101"}],"collection":[{"href":"https:\/\/www.jan-mikulecky.cz\/index.php\/wp-json\/wp\/v2\/posts"}],"about":[{"href":"https:\/\/www.jan-mikulecky.cz\/index.php\/wp-json\/wp\/v2\/types\/post"}],"author":[{"embeddable":true,"href":"https:\/\/www.jan-mikulecky.cz\/index.php\/wp-json\/wp\/v2\/users\/1"}],"replies":[{"embeddable":true,"href":"https:\/\/www.jan-mikulecky.cz\/index.php\/wp-json\/wp\/v2\/comments?post=1101"}],"version-history":[{"count":1,"href":"https:\/\/www.jan-mikulecky.cz\/index.php\/wp-json\/wp\/v2\/posts\/1101\/revisions"}],"predecessor-version":[{"id":2774,"href":"https:\/\/www.jan-mikulecky.cz\/index.php\/wp-json\/wp\/v2\/posts\/1101\/revisions\/2774"}],"wp:attachment":[{"href":"https:\/\/www.jan-mikulecky.cz\/index.php\/wp-json\/wp\/v2\/media?parent=1101"}],"wp:term":[{"taxonomy":"category","embeddable":true,"href":"https:\/\/www.jan-mikulecky.cz\/index.php\/wp-json\/wp\/v2\/categories?post=1101"},{"taxonomy":"post_tag","embeddable":true,"href":"https:\/\/www.jan-mikulecky.cz\/index.php\/wp-json\/wp\/v2\/tags?post=1101"}],"curies":[{"name":"wp","href":"https:\/\/api.w.org\/{rel}","templated":true}]}}