{"id":1138,"date":"2020-12-25T18:11:22","date_gmt":"2020-12-25T18:11:22","guid":{"rendered":"http:\/\/letnanskelentilky.cz\/?p=1138"},"modified":"2020-08-27T09:10:45","modified_gmt":"2020-08-27T09:10:45","slug":"komise-rszp-je-maximalne-transparentni","status":"publish","type":"post","link":"https:\/\/www.jan-mikulecky.cz\/index.php\/2020\/12\/25\/komise-rszp-je-maximalne-transparentni\/","title":{"rendered":"Komise RS\u017dP je maxim\u00e1ln\u011b transparentn\u00ed"},"content":{"rendered":"<p><a href=\"http:\/\/letnanskelentilky.cz\/wp-content\/uploads\/Seminar-SVJ-3-120222.jpg\"><img loading=\"lazy\" class=\"alignleft  wp-image-87\" alt=\"Seminar SVJ 3 120222\" src=\"http:\/\/letnanskelentilky.cz\/wp-content\/uploads\/Seminar-SVJ-3-120222.jpg\" width=\"173\" height=\"115\"><\/a>Komise regenerace s\u00eddli\u0161t\u011b a \u017eivotn\u00edho prost\u0159ed\u00ed je nejv\u00edce transparentn\u00ed komis\u00ed Let\u0148ansk\u00e9 samospr\u00e1vy. Ji\u017e od za\u010d\u00e1tku jej\u00ed p\u0159edseda Jan Mikuleck\u00fd, radn\u00ed za regeneraci s\u00eddli\u0161t\u011b a \u017dP, preferuje otev\u0159enost a co nejv\u011bt\u0161\u00ed prostor k diskusi.<!--more--><\/p>\n<p>Sv\u011bd\u010d\u00ed o tom mj. u\u017e samotn\u00e9 slo\u017een\u00ed \u010dlen\u016f komise, kte\u0159\u00ed byli vybr\u00e1ni nikoli podle politick\u00e9ho kl\u00ed\u010de, ale na z\u00e1klad\u011b ve\u0159ejn\u00e9 v\u00fdzvy z aktivn\u00edch obyvatel\u016f Let\u0148an.<\/p>\n<p>D\u00e1le jsou v\u0161echny z\u00e1pisy komise bezprost\u0159edn\u011b po jejich seps\u00e1n\u00ed <a title=\"Z\u00e1pisy\" href=\"http:\/\/letnanskelentilky.cz\/ke-stazeni\/zapisy\/\">k dispozici ve\u0159ejn\u011b na webu ke sta\u017een\u00ed<\/a>. Dokonce vybran\u00ed obyvatel\u00e9 Let\u0148an maj\u00ed to privilegium, \u017ee dost\u00e1vaj\u00ed z\u00e1pisy v origin\u00e1le do schr\u00e1nky. Tento zp\u016fsob distribuce byl zvolen zejm\u00e9na z d\u016fvodu, \u017ee tito lid\u00e9 \u017e\u00e1dali o z\u00e1pisy na z\u00e1klad\u011b z\u00e1kona&nbsp;\u010d.106\/1999 Sb., o svobodn\u00e9m p\u0159\u00edstupu k informac\u00edm. Opakovan\u00e9 zas\u00edl\u00e1n\u00ed z\u00e1pis\u016f zbyte\u010dn\u011b zat\u011b\u017eovalo \u00fa\u0159edn\u00edky Let\u0148ansk\u00e9 radnice, a proto radn\u00ed Mikuleck\u00fd rozhodl, \u017ee ka\u017ed\u00fd, kdo po\u017e\u00e1d\u00e1 by\u0165 jen o jeden z\u00e1pis komise RS\u017dP, bude n\u00e1sledn\u011b dost\u00e1vat v\u0161echny dal\u0161\u00ed z\u00e1pisy p\u0159\u00edmo do schr\u00e1nky. U\u0161et\u0159\u00ed se tak \u010das i pen\u00edze na obou stran\u00e1ch.<\/p>\n<p>Maxim\u00e1ln\u00ed transparentnost tak\u00e9 dokazuje <a title=\"Komise RS\u017dP: mo\u017enost \u00fa\u010dasti na jedn\u00e1n\u00ed\" href=\"http:\/\/letnanskelentilky.cz\/komise-rszp-moznost-ucasti-na-jednani-o-lentilkach\/\">v\u00fdzva pro v\u0161echny obyvatele Let\u0148an k \u00fa\u010dasti na jedn\u00e1n\u00ed komise<\/a>. N\u011bkolik obyvatel t\u00e9to mo\u017enosti vyu\u017eilo a diskuse byla ve v\u0161ech p\u0159\u00edpadech velmi p\u0159\u00ednosn\u00e1.<\/p>\n<p>Pokud m\u00e1te jak\u00e9koli dotazy, koment\u00e1\u0159e, st\u00ed\u017enosti nebo pochvaly, kter\u00e9 byste r\u00e1di prodiskutovali, p\u0159ij\u010fte na dal\u0161\u00ed jedn\u00e1n\u00ed komise RS\u017dP, kter\u00e9 se kon\u00e1 11\/12\/2013 v 18,00 na Let\u0148ansk\u00e9 radnici.<\/p>\n","protected":false},"excerpt":{"rendered":"<p>Komise regenerace s\u00eddli\u0161t\u011b a \u017eivotn\u00edho prost\u0159ed\u00ed je nejv\u00edce transparentn\u00ed komis\u00ed Let\u0148ansk\u00e9 samospr\u00e1vy. Ji\u017e od za\u010d\u00e1tku jej\u00ed p\u0159edseda Jan Mikuleck\u00fd, radn\u00ed za regeneraci s\u00eddli\u0161t\u011b a \u017dP, preferuje otev\u0159enost a co nejv\u011bt\u0161\u00ed prostor k diskusi.<\/p>\n","protected":false},"author":1,"featured_media":0,"comment_status":"closed","ping_status":"closed","sticky":false,"template":"","format":"standard","meta":[],"categories":[5],"tags":[],"_links":{"self":[{"href":"https:\/\/www.jan-mikulecky.cz\/index.php\/wp-json\/wp\/v2\/posts\/1138"}],"collection":[{"href":"https:\/\/www.jan-mikulecky.cz\/index.php\/wp-json\/wp\/v2\/posts"}],"about":[{"href":"https:\/\/www.jan-mikulecky.cz\/index.php\/wp-json\/wp\/v2\/types\/post"}],"author":[{"embeddable":true,"href":"https:\/\/www.jan-mikulecky.cz\/index.php\/wp-json\/wp\/v2\/users\/1"}],"replies":[{"embeddable":true,"href":"https:\/\/www.jan-mikulecky.cz\/index.php\/wp-json\/wp\/v2\/comments?post=1138"}],"version-history":[{"count":1,"href":"https:\/\/www.jan-mikulecky.cz\/index.php\/wp-json\/wp\/v2\/posts\/1138\/revisions"}],"predecessor-version":[{"id":2770,"href":"https:\/\/www.jan-mikulecky.cz\/index.php\/wp-json\/wp\/v2\/posts\/1138\/revisions\/2770"}],"wp:attachment":[{"href":"https:\/\/www.jan-mikulecky.cz\/index.php\/wp-json\/wp\/v2\/media?parent=1138"}],"wp:term":[{"taxonomy":"category","embeddable":true,"href":"https:\/\/www.jan-mikulecky.cz\/index.php\/wp-json\/wp\/v2\/categories?post=1138"},{"taxonomy":"post_tag","embeddable":true,"href":"https:\/\/www.jan-mikulecky.cz\/index.php\/wp-json\/wp\/v2\/tags?post=1138"}],"curies":[{"name":"wp","href":"https:\/\/api.w.org\/{rel}","templated":true}]}}