{"id":1170,"date":"2020-12-19T23:06:36","date_gmt":"2020-12-19T23:06:36","guid":{"rendered":"http:\/\/letnanskelentilky.cz\/?p=1170"},"modified":"2020-08-27T09:09:34","modified_gmt":"2020-08-27T09:09:34","slug":"podekovani-zastupcum-svj-2","status":"publish","type":"post","link":"https:\/\/www.jan-mikulecky.cz\/index.php\/2020\/12\/19\/podekovani-zastupcum-svj-2\/","title":{"rendered":"Pod\u011bkov\u00e1n\u00ed z\u00e1stupc\u016fm SVJ"},"content":{"rendered":"<p>V\u00e1\u017een\u00ed z\u00e1stupci SVJ,<\/p>\n<p>v&nbsp;pr\u016fb\u011bhu posledn\u00edch let se let\u0148ansk\u00e9 s\u00eddli\u0161t\u011b v\u00fdrazn\u011b zm\u011bnilo. \u0158ada dom\u016f se i letos obl\u00e9kla do nov\u00e9 fas\u00e1dy a maj\u00ed nov\u00e9 v\u00fdtahy. Nic z&nbsp;toho by nebylo mo\u017en\u00e9 bez Va\u0161eho \u00fasil\u00ed. Rekonstrukce dom\u016f je velmi n\u00e1ro\u010dn\u00e1 a&nbsp;slo\u017eit\u00e1 a v&nbsp;mnoha ohledech je to pr\u00e1ce nedocen\u011bn\u00e1. D\u00edky V\u00e1m jsou v\u0161ak Let\u0148any ka\u017ed\u00fdm rokem atraktivn\u011bj\u0161\u00ed a&nbsp;modern\u011bj\u0161\u00ed.<\/p>\n<p>Radnice M\u010c Praha 18 intenzivn\u011b pracuje na projektu Let\u0148ansk\u00e9 lentilky, kter\u00fd v leto\u0161n\u00edm roce z\u00edskal dotaci 27 000 000 K\u010d. Realizace je napl\u00e1nov\u00e1na na tento rok a v\u0161ichni v\u011b\u0159\u00edme, \u017ee na podzim 2014 se stane prvn\u00ed f\u00e1ze Let\u0148ansk\u00fdch lentilek skute\u010dnost\u00ed. V p\u0159\u00edprav\u011b jsou dal\u0161\u00ed f\u00e1ze, kter\u00e9 by m\u011bly b\u00fdt op\u011bt financov\u00e1ny z evropsk\u00fdch fond\u016f.<\/p>\n<p>Obrovsk\u00e9 pod\u011bkov\u00e1n\u00ed v\u0161ak pat\u0159\u00ed V\u00e1m, bez kter\u00fdch by Let\u0148any nem\u011bly tolik dom\u016f s nov\u00fdm vzhledem. Va\u0161e pr\u00e1ce v roli z\u00e1stupc\u016f SVJ je obrovsk\u00fdm p\u0159\u00ednosem pro obnovu na\u0161eho s\u00eddli\u0161t\u011b.<\/p>\n<p><b><i>P\u0159eji V\u00e1m do roku 2014 hodn\u011b pohody, \u0161t\u011bst\u00ed a energie.<\/i><\/b><\/p>\n<p>Jan Mikuleck\u00fd,&nbsp;radn\u00ed pro regeneraci s\u00eddli\u0161t\u011b&nbsp;a \u017eivotn\u00ed prost\u0159ed\u00ed<\/p>\n","protected":false},"excerpt":{"rendered":"<p>V\u00e1\u017een\u00ed z\u00e1stupci SVJ, v&nbsp;pr\u016fb\u011bhu posledn\u00edch let se let\u0148ansk\u00e9 s\u00eddli\u0161t\u011b v\u00fdrazn\u011b zm\u011bnilo. \u0158ada dom\u016f se i letos obl\u00e9kla do nov\u00e9 fas\u00e1dy a maj\u00ed nov\u00e9 v\u00fdtahy. Nic z&nbsp;toho by nebylo mo\u017en\u00e9 bez Va\u0161eho \u00fasil\u00ed. Rekonstrukce dom\u016f je velmi n\u00e1ro\u010dn\u00e1 a&nbsp;slo\u017eit\u00e1 a v&nbsp;mnoha ohledech je to pr\u00e1ce nedocen\u011bn\u00e1. D\u00edky V\u00e1m jsou v\u0161ak Let\u0148any ka\u017ed\u00fdm rokem atraktivn\u011bj\u0161\u00ed a&nbsp;modern\u011bj\u0161\u00ed. Radnice &hellip; <\/p>\n<p class=\"link-more\"><a href=\"https:\/\/www.jan-mikulecky.cz\/index.php\/2020\/12\/19\/podekovani-zastupcum-svj-2\/\" class=\"more-link\">Pokra\u010dovat ve \u010dten\u00ed<span class=\"screen-reader-text\"> &#8222;Pod\u011bkov\u00e1n\u00ed z\u00e1stupc\u016fm SVJ&#8220;<\/span><\/a><\/p>\n","protected":false},"author":1,"featured_media":0,"comment_status":"closed","ping_status":"closed","sticky":false,"template":"","format":"standard","meta":[],"categories":[5],"tags":[],"_links":{"self":[{"href":"https:\/\/www.jan-mikulecky.cz\/index.php\/wp-json\/wp\/v2\/posts\/1170"}],"collection":[{"href":"https:\/\/www.jan-mikulecky.cz\/index.php\/wp-json\/wp\/v2\/posts"}],"about":[{"href":"https:\/\/www.jan-mikulecky.cz\/index.php\/wp-json\/wp\/v2\/types\/post"}],"author":[{"embeddable":true,"href":"https:\/\/www.jan-mikulecky.cz\/index.php\/wp-json\/wp\/v2\/users\/1"}],"replies":[{"embeddable":true,"href":"https:\/\/www.jan-mikulecky.cz\/index.php\/wp-json\/wp\/v2\/comments?post=1170"}],"version-history":[{"count":1,"href":"https:\/\/www.jan-mikulecky.cz\/index.php\/wp-json\/wp\/v2\/posts\/1170\/revisions"}],"predecessor-version":[{"id":2767,"href":"https:\/\/www.jan-mikulecky.cz\/index.php\/wp-json\/wp\/v2\/posts\/1170\/revisions\/2767"}],"wp:attachment":[{"href":"https:\/\/www.jan-mikulecky.cz\/index.php\/wp-json\/wp\/v2\/media?parent=1170"}],"wp:term":[{"taxonomy":"category","embeddable":true,"href":"https:\/\/www.jan-mikulecky.cz\/index.php\/wp-json\/wp\/v2\/categories?post=1170"},{"taxonomy":"post_tag","embeddable":true,"href":"https:\/\/www.jan-mikulecky.cz\/index.php\/wp-json\/wp\/v2\/tags?post=1170"}],"curies":[{"name":"wp","href":"https:\/\/api.w.org\/{rel}","templated":true}]}}