{"id":1177,"date":"2020-12-17T17:31:27","date_gmt":"2020-12-17T17:31:27","guid":{"rendered":"http:\/\/letnanskelentilky.cz\/?p=1177"},"modified":"2020-08-27T09:09:16","modified_gmt":"2020-08-27T09:09:16","slug":"letnanske-lentilky-zacnou-v-breznu","status":"publish","type":"post","link":"https:\/\/www.jan-mikulecky.cz\/index.php\/2020\/12\/17\/letnanske-lentilky-zacnou-v-breznu\/","title":{"rendered":"Let\u0148ansk\u00e9 lentilky za\u010dnou v b\u0159eznu"},"content":{"rendered":"<p><a href=\"http:\/\/letnanskelentilky.cz\/wp-content\/uploads\/Fand\u00edme-modr\u00e1.png\"><img loading=\"lazy\" class=\"alignleft size-thumbnail wp-image-1178\" style=\"border: 0px;\" alt=\"Fand\u00edme modr\u00e1\" src=\"http:\/\/letnanskelentilky.cz\/wp-content\/uploads\/Fand\u00edme-modr\u00e1-150x150.png\" width=\"150\" height=\"150\"><\/a>Prvn\u00ed f\u00e1ze projektu, kter\u00e1 zahrnuje ulice Ku\u017eelova, Jan\u010dova, Malkovsk\u00e9ho a M\u00edsteck\u00e1 ulice, vnitroblok kolem \u017dabky a&nbsp;ji\u017en\u00ed \u010d\u00e1st vnitrobloku u M\u0160 Malkovsk\u00e9ho, m\u00e1 sv\u00e9ho dodavatele. V\u00edt\u011bzem v\u00fdb\u011brov\u00e9ho \u0159\u00edzen\u00ed se stala spole\u010dnost Skanska s&nbsp;cenou m\u00edrn\u011b p\u0159evy\u0161uj\u00edc\u00ed 40 mil. K\u010d. Stavebn\u00ed pr\u00e1ce by m\u011bly za\u010d\u00edt v&nbsp;b\u0159eznu a&nbsp;budou pokra\u010dovat a\u017e do \u0159\u00edjna.<\/p>\n<p><!--more-->Detailn\u00ed harmonogram prac\u00ed je pr\u00e1v\u011b p\u0159ipravov\u00e1n a v\u0161ichni obyvatel\u00e9 s&nbsp;n\u00edm budou v&nbsp;dal\u0161\u00edch t\u00fddnech sezn\u00e1meni. <i>\u201eV pr\u016fb\u011bhu cel\u00e9 stavby dostanou lid\u00e9 do schr\u00e1nek n\u011bkolik let\u00e1k\u016f s&nbsp;informacemi, kter\u00e9 pr\u00e1ce se budou aktu\u00e1ln\u011b v&nbsp;okol\u00ed jejich dom\u016f prov\u00e1d\u011bt. A samoz\u0159ejm\u011b nejaktu\u00e1ln\u011bj\u0161\u00ed informace budou na webu www.letnanskelentilky.cz,\u201c <\/i>\u0159\u00edk\u00e1 radn\u00ed Honza Mikuleck\u00fd, odpov\u011bdn\u00fd za cel\u00fd projekt Lentilek.<\/p>\n<p><a href=\"http:\/\/letnanskelentilky.cz\/wp-content\/uploads\/Lentilka-posilovna.png\"><img loading=\"lazy\" class=\"alignleft  wp-image-511\" style=\"border: 0px;\" alt=\"Lentilka posilovna\" src=\"http:\/\/letnanskelentilky.cz\/wp-content\/uploads\/Lentilka-posilovna.png\" width=\"661\" height=\"415\"><\/a><\/p>\n<p><strong>Do\u010dasn\u00e9 omezen\u00ed parkov\u00e1n\u00ed<\/strong><\/p>\n<p>Nejv\u00edce poc\u00edt\u00ed omezen\u00ed z\u0159ejm\u011b \u0159idi\u010di, proto\u017ee kompletn\u00ed rekonstrukce komunikaci si vy\u017e\u00e1d\u00e1 jejich uzav\u0159en\u00ed a omezen\u00ed jak pr\u016fjezdu, tak parkov\u00e1n\u00ed. Dodavatel stavby v\u0161ak mus\u00ed respektovat n\u011bkolik podm\u00ednek a nesm\u00ed uzav\u0159\u00edt v\u0161echny silnice nar\u00e1z. Po celou dobu realizace bude st\u00e1le k dispozici min. 70 parkovac\u00edch m\u00edst v ulic\u00edch Jan\u010dova, Ivan\u010dick\u00e1 nebo M\u00edsteck\u00e1 (sou\u010d\u00e1st\u00ed dot\u010den\u00e9ho \u00fazem\u00ed je pouze M\u00edsteck\u00e1 567-569 v\u010detn\u011b parkovi\u0161t\u011b). Uzav\u0159ena m\u016f\u017ee b\u00fdt v\u017edy pouze jedna z ulic Jan\u010dova, M\u00edsteck\u00e1 a&nbsp;Ivan\u010dick\u00e1, tzn. \u017ee nesm\u00ed b\u00fdt uzav\u0159en\u00e9 2 a v\u00edce z uveden\u00fdch ulic najednou. P\u0159\u00edstup k parkovac\u00edm m\u00edst\u016fm za domem Malkovsk\u00e9ho \u010d.p. 602 (pozemky 757\/123-128) a vjezdu do spodn\u00ed gar\u00e1\u017ee v dom\u011b Malkovsk\u00e9ho 602 mus\u00ed b\u00fdt zaji\u0161t\u011bn po celou dobu trv\u00e1n\u00ed stavby.<\/p>\n<p><strong>Dojde i na zele\u0148<\/strong><\/p>\n<p>Nov\u00e9 Lentilky p\u0159inesou tak\u00e9 v\u00fdznamnou zm\u011bnu v&nbsp;zeleni. Vzniknou nov\u00e9 tr\u00e1vn\u00edky a z\u00e1honky, budou vysazen\u00e9 nov\u00e9 stromy a ke\u0159e. Odborn\u00edci detailn\u011b posuzovali ka\u017ed\u00fd strom na s\u00eddli\u0161ti a navrhli zm\u011bny velmi citliv\u011b k&nbsp;sou\u010dasn\u00e9mu stavu. I p\u0159esto, \u017ee v&nbsp;r\u00e1mci projektu bude vysazeno velk\u00e9 mno\u017estv\u00ed nov\u00e9 zelen\u011b, tak je samoz\u0159ejm\u00fdm c\u00edlem v&nbsp;maxim\u00e1ln\u00ed m\u00ed\u0159e vyu\u017e\u00edt st\u00e1vaj\u00edc\u00edch zdrav\u00fdch strom\u016f a ke\u0159\u016f. Dojde v\u0161ak i na k\u00e1cen\u00ed. V&nbsp;drtiv\u00e9 v\u011bt\u0161in\u011b se bude jednat o stromy nemocn\u00e9 nebo neperspektivn\u00ed, kter\u00e9 nemaj\u00ed budoucnost. Ve\u0161ker\u00e9 odstra\u0148ov\u00e1n\u00ed zelen\u011b bude prov\u00e1d\u011bno pod p\u0159\u00edsn\u00fdm odborn\u00fdm dohledem, aby zbyte\u010dn\u011b nebyly po\u0161kozeny zdrav\u00e9 stromy a ke\u0159e.<\/p>\n<p style=\"text-align: center;\"><a href=\"http:\/\/letnanskelentilky.cz\/wp-content\/uploads\/N\u00e1m\u011bst\u00ed-\u017dabka.png\"><img loading=\"lazy\" class=\"aligncenter  wp-image-1183\" style=\"border: 0px;\" alt=\"N\u00e1m\u011bst\u00ed \u017dabka\" src=\"http:\/\/letnanskelentilky.cz\/wp-content\/uploads\/N\u00e1m\u011bst\u00ed-\u017dabka.png\" width=\"867\" height=\"429\"><\/a><\/p>\n<p>Postupn\u011b budou realizov\u00e1ny i nov\u00e9 komunikace, chodn\u00edky, d\u011btsk\u00e1 h\u0159i\u0161t\u011b a zele\u0148. Lid\u00e9 tak budou moci krok za krokem sledovat, jak se let\u0148ansk\u00e9 s\u00eddli\u0161t\u011b m\u011bn\u00ed. Veden\u00ed projektu slo\u017een\u00e9 z&nbsp;dodavatele, projektant\u016f a&nbsp;z\u00e1stupc\u016f radnice bude konzultovat n\u011bkter\u00e9 detaily p\u0159\u00edmo se z\u00e1stupci SVJ. Je v\u0161ak nutn\u00e9 zd\u016fraznit, \u017ee koncept projektu vych\u00e1z\u00ed ze studie a dal\u0161\u00ed dokumentace, kter\u00e1 byla tvo\u0159ena posledn\u00ed 3 roky, a po celou dobu se k&nbsp;n\u00ed bylo mo\u017en\u00e9 vyj\u00e1d\u0159it. Um\u00edst\u011bn\u00ed parkovac\u00edch m\u00edst, chodn\u00edk\u016f, d\u011btsk\u00fdch h\u0159i\u0161\u0165 a dal\u0161\u00edch sou\u010d\u00e1st\u00ed stavby je tedy nem\u011bnn\u00e9. Ale nap\u0159\u00edklad \u00fapravu zelen\u011b p\u0159\u00edmo p\u0159ed domy budou v&nbsp;n\u011bkter\u00fdch p\u0159\u00edpadech moci lid\u00e9 ovlivnit.<\/p>\n<p><strong>Fand\u00edme Lentilk\u00e1m<\/strong><\/p>\n<p>Pr\u00e1ce budou realizov\u00e1ny tak, aby omezen\u00ed pro obyvatele byla co nejmen\u0161\u00ed. Jaro a l\u00e9to v\u0161ak bude pro s\u00eddli\u0161t\u011b n\u00e1ro\u010dn\u00e9.&nbsp;<i>\u201eJako ka\u017ed\u00e1 rozs\u00e1hl\u00e1 stavba bude i tato velk\u00fdm z\u00e1sahem do \u017eivota lid\u00ed s\u00eddli\u0161ti, omez\u00edme parkov\u00e1n\u00ed a lid\u00e9 budou muset obch\u00e1zet staveni\u0161t\u011b. Nicm\u00e9n\u011b v\u011b\u0159\u00edm, \u017ee to v\u0161ichni pochop\u00ed, proto\u017ee v\u00fdsledek bude st\u00e1t za to,\u201c&nbsp;<\/i>dod\u00e1v\u00e1 radn\u00ed Mikuleck\u00fd<\/p>\n<p style=\"text-align: center;\"><a href=\"http:\/\/letnanskelentilky.cz\/wp-content\/uploads\/Fand\u00edme-modr\u00e1.png\"><img loading=\"lazy\" class=\"aligncenter size-full wp-image-1178\" style=\"border: 0px;\" alt=\"Fand\u00edme modr\u00e1\" src=\"http:\/\/letnanskelentilky.cz\/wp-content\/uploads\/Fand\u00edme-modr\u00e1.png\" width=\"212\" height=\"236\"><\/a><\/p>\n","protected":false},"excerpt":{"rendered":"<p>Prvn\u00ed f\u00e1ze projektu, kter\u00e1 zahrnuje ulice Ku\u017eelova, Jan\u010dova, Malkovsk\u00e9ho a M\u00edsteck\u00e1 ulice, vnitroblok kolem \u017dabky a&nbsp;ji\u017en\u00ed \u010d\u00e1st vnitrobloku u M\u0160 Malkovsk\u00e9ho, m\u00e1 sv\u00e9ho dodavatele. V\u00edt\u011bzem v\u00fdb\u011brov\u00e9ho \u0159\u00edzen\u00ed se stala spole\u010dnost Skanska s&nbsp;cenou m\u00edrn\u011b p\u0159evy\u0161uj\u00edc\u00ed 40 mil. K\u010d. Stavebn\u00ed pr\u00e1ce by m\u011bly za\u010d\u00edt v&nbsp;b\u0159eznu a&nbsp;budou pokra\u010dovat a\u017e do \u0159\u00edjna.<\/p>\n","protected":false},"author":1,"featured_media":0,"comment_status":"closed","ping_status":"closed","sticky":false,"template":"","format":"standard","meta":[],"categories":[5],"tags":[],"_links":{"self":[{"href":"https:\/\/www.jan-mikulecky.cz\/index.php\/wp-json\/wp\/v2\/posts\/1177"}],"collection":[{"href":"https:\/\/www.jan-mikulecky.cz\/index.php\/wp-json\/wp\/v2\/posts"}],"about":[{"href":"https:\/\/www.jan-mikulecky.cz\/index.php\/wp-json\/wp\/v2\/types\/post"}],"author":[{"embeddable":true,"href":"https:\/\/www.jan-mikulecky.cz\/index.php\/wp-json\/wp\/v2\/users\/1"}],"replies":[{"embeddable":true,"href":"https:\/\/www.jan-mikulecky.cz\/index.php\/wp-json\/wp\/v2\/comments?post=1177"}],"version-history":[{"count":1,"href":"https:\/\/www.jan-mikulecky.cz\/index.php\/wp-json\/wp\/v2\/posts\/1177\/revisions"}],"predecessor-version":[{"id":2766,"href":"https:\/\/www.jan-mikulecky.cz\/index.php\/wp-json\/wp\/v2\/posts\/1177\/revisions\/2766"}],"wp:attachment":[{"href":"https:\/\/www.jan-mikulecky.cz\/index.php\/wp-json\/wp\/v2\/media?parent=1177"}],"wp:term":[{"taxonomy":"category","embeddable":true,"href":"https:\/\/www.jan-mikulecky.cz\/index.php\/wp-json\/wp\/v2\/categories?post=1177"},{"taxonomy":"post_tag","embeddable":true,"href":"https:\/\/www.jan-mikulecky.cz\/index.php\/wp-json\/wp\/v2\/tags?post=1177"}],"curies":[{"name":"wp","href":"https:\/\/api.w.org\/{rel}","templated":true}]}}