{"id":1194,"date":"2020-12-13T19:27:34","date_gmt":"2020-12-13T19:27:34","guid":{"rendered":"http:\/\/letnanskelentilky.cz\/?p=1194"},"modified":"2020-08-27T09:08:42","modified_gmt":"2020-08-27T09:08:42","slug":"harmonogram-lentilek-jak-budou-zavrene-ulice","status":"publish","type":"post","link":"https:\/\/www.jan-mikulecky.cz\/index.php\/2020\/12\/13\/harmonogram-lentilek-jak-budou-zavrene-ulice\/","title":{"rendered":"Harmonogram Lentilek: jak budou zav\u0159en\u00e9 ulice?"},"content":{"rendered":"<p><a href=\"http:\/\/letnanskelentilky.cz\/wp-content\/uploads\/Harmonogram-LL-I-140531.jpg\"><img loading=\"lazy\" class=\"alignleft  wp-image-1236\" alt=\"Harmonogram\" src=\"http:\/\/letnanskelentilky.cz\/wp-content\/uploads\/Harmonogram-studie-140307-150x150.jpg\" width=\"150\" height=\"150\"><\/a>Lentilky za\u010daly. Pr\u00e1ce jsou v&nbsp;pln\u00e9m proudu a ka\u017ed\u00fd na s\u00eddli\u0161ti m\u016f\u017ee poc\u00edtit ur\u010dit\u00e1 omezen\u00ed. Zejm\u00e9na \u0159idi\u010di, pro kter\u00e9 se do\u010dasn\u011b zav\u0159e n\u011bkolik ulic kv\u016fli v\u00fdstavb\u011b nov\u00fdch parkovac\u00edch m\u00edst a&nbsp;nov\u00e9mu povrchu. Stavebn\u00ed firma Skanska v\u0161ak mus\u00ed respektovat \u0159adu podm\u00ednek a nesm\u00ed uzav\u0159\u00edt v\u0161echny silnice nar\u00e1z. Po celou dobu realizace bude st\u00e1le k dispozici min. 70 parkovac\u00edch m\u00edst v ulic\u00edch Jan\u010dova, Ivan\u010dick\u00e1 nebo M\u00edsteck\u00e1 (sou\u010d\u00e1st\u00ed dot\u010den\u00e9ho \u00fazem\u00ed je pouze M\u00edsteck\u00e1 567-569 v\u010detn\u011b parkovi\u0161t\u011b).<!--more--><br \/>\n[ws_table id=&#8220;5&#8243;]<\/p>\n<h1><b>Harmonogram uzav\u00edr\u00e1n\u00ed ulic<\/b><\/h1>\n<p>Prvn\u00ed bude uzav\u0159ena \u010d\u00e1st Ku\u017eelovy ulice (od 24\/3). Omezen\u00ed se bude t\u00fdkat cca 10 parkovac\u00edch m\u00edst. Ve stejnou dobu se na 6 t\u00fddn\u016f zav\u0159e parkovi\u0161t\u011b u domu M\u00edsteck\u00e1 448. V&nbsp;kv\u011btnu se zav\u0159e Jan\u010dova od Ku\u017eelov\u00e9 po M\u00edsteckou. Zde vzniknou des\u00edtky nov\u00fdch parkovac\u00edch m\u00edst. Na konci \u010dervna se tato \u010d\u00e1st Jan\u010dovy otev\u0159e s&nbsp;nov\u00fdmi parkovac\u00edmi m\u00edsty a uzav\u0159e se od Ku\u017eelovy po Ivan\u010dickou.&nbsp;Ve stejnou dobu do konce \u010dervence bude tak\u00e9 zav\u0159eno parkovi\u0161t\u011b p\u0159ed M\u00edsteckou 567-569. V&nbsp;srpnu se odfr\u00e9zuj\u00ed zbytky star\u00e9ho asfaltu a polo\u017e\u00ed se nov\u00fd tam, kde je\u0161t\u011b nebude. To v\u0161ak bude znamenat uzav\u0159en\u00ed ulic pouze na n\u011bkolik m\u00e1lo dn\u00ed.<\/p>\n<div>\n<h1><b>Kdy budou zav\u0159en\u00e9 ulice?<\/b><\/h1>\n<p>[ws_table id=&#8220;2&#8243;]<\/p>\n<h1><b>Kdy budou hotov\u00e9 lentilky?<\/b><\/h1>\n<p>[ws_table id=&#8220;3&#8243;]<\/p>\n<h1>V jak\u00fdch oblastech se bude kdy pracovat?<\/h1>\n<p>[ws_table id=&#8220;4&#8243;]<\/p>\n<p>V\u0161echny term\u00edny jsou p\u0159edb\u011b\u017en\u00e9 a jsou velmi z\u00e1visl\u00e9 na konkr\u00e9tn\u00edm postupu prac\u00ed. Aktu\u00e1ln\u00ed p\u0159ehled v\u017edy najdete na tomto webu.&nbsp;Stavebn\u00ed pr\u00e1ce budou prov\u00e1d\u011bny tak, aby obyvatele na s\u00eddli\u0161ti omezovaly jen minim\u00e1ln\u011b. Nicm\u00e9n\u011b do podzimu bude na\u0161e s\u00eddli\u0161t\u011b jedno velk\u00e9 staveni\u0161t\u011b. Vydr\u017eme to, v\u00fdsledek bude st\u00e1t za to.<\/p>\n<p><em>Aktualizace 7\/3\/2014: Dopravn\u00ed zna\u010dky z\u00e1kaz zastaven\u00ed v Ku\u017eelov\u011b a M\u00edsteck\u00e9 ulici budou rozm\u00edst\u011bny v t\u00fddnu od 10\/3\/2014. Parkov\u00e1n\u00ed bude omezeno od 24\/3\/2014. Pozor, Skanska bude po tomto term\u00ednu auta parkuj\u00edc\u00ed v z\u00e1kazu odtahovat.<\/em><\/p>\n<p><em>Aktualizace 26\/4\/2014: Jan\u010dova od Ku\u017eelovy po M\u00edsteckou bude uzav\u0159ena od 8\/5\/2014. Pozor, Skanska bude po tomto term\u00ednu auta parkuj\u00edc\u00ed v z\u00e1kazu odtahovat.<\/em><\/p>\n<\/div>\n","protected":false},"excerpt":{"rendered":"<p>Lentilky za\u010daly. Pr\u00e1ce jsou v&nbsp;pln\u00e9m proudu a ka\u017ed\u00fd na s\u00eddli\u0161ti m\u016f\u017ee poc\u00edtit ur\u010dit\u00e1 omezen\u00ed. Zejm\u00e9na \u0159idi\u010di, pro kter\u00e9 se do\u010dasn\u011b zav\u0159e n\u011bkolik ulic kv\u016fli v\u00fdstavb\u011b nov\u00fdch parkovac\u00edch m\u00edst a&nbsp;nov\u00e9mu povrchu. Stavebn\u00ed firma Skanska v\u0161ak mus\u00ed respektovat \u0159adu podm\u00ednek a nesm\u00ed uzav\u0159\u00edt v\u0161echny silnice nar\u00e1z. Po celou dobu realizace bude st\u00e1le k dispozici min. 70 parkovac\u00edch &hellip; <\/p>\n<p class=\"link-more\"><a href=\"https:\/\/www.jan-mikulecky.cz\/index.php\/2020\/12\/13\/harmonogram-lentilek-jak-budou-zavrene-ulice\/\" class=\"more-link\">Pokra\u010dovat ve \u010dten\u00ed<span class=\"screen-reader-text\"> &#8222;Harmonogram Lentilek: jak budou zav\u0159en\u00e9 ulice?&#8220;<\/span><\/a><\/p>\n","protected":false},"author":1,"featured_media":0,"comment_status":"closed","ping_status":"closed","sticky":false,"template":"","format":"standard","meta":[],"categories":[8,14,11,16,12,15,4,5],"tags":[],"_links":{"self":[{"href":"https:\/\/www.jan-mikulecky.cz\/index.php\/wp-json\/wp\/v2\/posts\/1194"}],"collection":[{"href":"https:\/\/www.jan-mikulecky.cz\/index.php\/wp-json\/wp\/v2\/posts"}],"about":[{"href":"https:\/\/www.jan-mikulecky.cz\/index.php\/wp-json\/wp\/v2\/types\/post"}],"author":[{"embeddable":true,"href":"https:\/\/www.jan-mikulecky.cz\/index.php\/wp-json\/wp\/v2\/users\/1"}],"replies":[{"embeddable":true,"href":"https:\/\/www.jan-mikulecky.cz\/index.php\/wp-json\/wp\/v2\/comments?post=1194"}],"version-history":[{"count":1,"href":"https:\/\/www.jan-mikulecky.cz\/index.php\/wp-json\/wp\/v2\/posts\/1194\/revisions"}],"predecessor-version":[{"id":2764,"href":"https:\/\/www.jan-mikulecky.cz\/index.php\/wp-json\/wp\/v2\/posts\/1194\/revisions\/2764"}],"wp:attachment":[{"href":"https:\/\/www.jan-mikulecky.cz\/index.php\/wp-json\/wp\/v2\/media?parent=1194"}],"wp:term":[{"taxonomy":"category","embeddable":true,"href":"https:\/\/www.jan-mikulecky.cz\/index.php\/wp-json\/wp\/v2\/categories?post=1194"},{"taxonomy":"post_tag","embeddable":true,"href":"https:\/\/www.jan-mikulecky.cz\/index.php\/wp-json\/wp\/v2\/tags?post=1194"}],"curies":[{"name":"wp","href":"https:\/\/api.w.org\/{rel}","templated":true}]}}