{"id":1208,"date":"2020-12-15T00:46:22","date_gmt":"2020-12-15T00:46:22","guid":{"rendered":"http:\/\/letnanskelentilky.cz\/?p=1208"},"modified":"2020-08-27T09:08:58","modified_gmt":"2020-08-27T09:08:58","slug":"seminar-pro-svj-novy-obcansky-zakonik","status":"publish","type":"post","link":"https:\/\/www.jan-mikulecky.cz\/index.php\/2020\/12\/15\/seminar-pro-svj-novy-obcansky-zakonik\/","title":{"rendered":"Semin\u00e1\u0159 pro SVJ: nov\u00fd ob\u010dansk\u00fd z\u00e1kon\u00edk"},"content":{"rendered":"<p>M\u010c Praha 18 Let\u0148any po\u0159\u00e1d\u00e1&nbsp;pro spole\u010denstv\u00ed vlastn\u00edk\u016f bytov\u00fdch jednotek&nbsp;semin\u00e1\u0159 k&nbsp;nov\u00e9mu ob\u010dansk\u00e9mu z\u00e1kon\u00edku. Semin\u00e1\u0159 je ur\u010den p\u0159ev\u00e1\u017en\u011b \u010dlen\u016fm v\u00fdboru SVJ, nicm\u00e9n\u011b pozv\u00e1nka plat\u00ed pro kohokoli.<\/p>\n<p>JUDr. Pavl\u00edna \u0160ir\u016f\u010dkov\u00e1, advok\u00e1t <a href=\"http:\/\/www.akspol.cz\" target=\"_blank\" rel=\"noopener noreferrer\">spole\u010dn\u00e9 advok\u00e1tn\u00ed kancel\u00e1\u0159e Balcar, Hrouzek, Vesel\u00fd, Pavelka, Zelenkov\u00e1<\/a> V\u00e1s sezn\u00e1m\u00ed se v\u0161emi novinkami, kter\u00e9 nov\u00fd ob\u010dansk\u00fd z\u00e1kon\u00edk p\u0159in\u00e1\u0161\u00ed pro spole\u010denstv\u00ed vlastn\u00edk\u016f bytov\u00fdch jednotek.<\/p>\n<p>Term\u00edn:&nbsp;&nbsp;&nbsp;&nbsp;&nbsp;&nbsp;&nbsp;&nbsp;&nbsp;&nbsp;&nbsp;&nbsp;&nbsp;&nbsp;&nbsp; 12\/3\/2014, 18,00 \u2013 21,00<br \/>\nM\u00edsto:&nbsp;&nbsp; &nbsp;&nbsp;&nbsp;&nbsp;&nbsp;&nbsp;&nbsp;&nbsp;&nbsp;&nbsp;&nbsp;&nbsp;&nbsp;&nbsp;&nbsp; ob\u0159adn\u00ed m\u00edstnost \u00daM\u010c Praha Let\u0148any<!--more--><\/p>\n<p>\u00da\u010dast je <strong>ZDARMA.<\/strong><\/p>\n<p>Va\u0161i \u00fa\u010dast pros\u00edm potvr\u010fte na email mikulecky@letnany.cz, abychom p\u0159\u00edpadn\u011b upravili m\u00edsto kon\u00e1n\u00ed pro p\u0159edpokl\u00e1dan\u00fd po\u010det lid\u00ed.<\/p>\n<p><a href=\"http:\/\/letnanskelentilky.cz\/wp-content\/uploads\/Semin\u00e1\u0159-SVJ-pozv\u00e1nka-140214.png\"><img loading=\"lazy\" class=\"aligncenter size-full wp-image-1209\" alt=\"Semin\u00e1\u0159 SVJ pozv\u00e1nka 140214\" src=\"http:\/\/letnanskelentilky.cz\/wp-content\/uploads\/Semin\u00e1\u0159-SVJ-pozv\u00e1nka-140214.png\" width=\"673\" height=\"492\"><\/a><\/p>\n","protected":false},"excerpt":{"rendered":"<p>M\u010c Praha 18 Let\u0148any po\u0159\u00e1d\u00e1&nbsp;pro spole\u010denstv\u00ed vlastn\u00edk\u016f bytov\u00fdch jednotek&nbsp;semin\u00e1\u0159 k&nbsp;nov\u00e9mu ob\u010dansk\u00e9mu z\u00e1kon\u00edku. Semin\u00e1\u0159 je ur\u010den p\u0159ev\u00e1\u017en\u011b \u010dlen\u016fm v\u00fdboru SVJ, nicm\u00e9n\u011b pozv\u00e1nka plat\u00ed pro kohokoli. JUDr. Pavl\u00edna \u0160ir\u016f\u010dkov\u00e1, advok\u00e1t spole\u010dn\u00e9 advok\u00e1tn\u00ed kancel\u00e1\u0159e Balcar, Hrouzek, Vesel\u00fd, Pavelka, Zelenkov\u00e1 V\u00e1s sezn\u00e1m\u00ed se v\u0161emi novinkami, kter\u00e9 nov\u00fd ob\u010dansk\u00fd z\u00e1kon\u00edk p\u0159in\u00e1\u0161\u00ed pro spole\u010denstv\u00ed vlastn\u00edk\u016f bytov\u00fdch jednotek. Term\u00edn:&nbsp;&nbsp;&nbsp;&nbsp;&nbsp;&nbsp;&nbsp;&nbsp;&nbsp;&nbsp;&nbsp;&nbsp;&nbsp;&nbsp;&nbsp; 12\/3\/2014, 18,00 \u2013 &hellip; <\/p>\n<p class=\"link-more\"><a href=\"https:\/\/www.jan-mikulecky.cz\/index.php\/2020\/12\/15\/seminar-pro-svj-novy-obcansky-zakonik\/\" class=\"more-link\">Pokra\u010dovat ve \u010dten\u00ed<span class=\"screen-reader-text\"> &#8222;Semin\u00e1\u0159 pro SVJ: nov\u00fd ob\u010dansk\u00fd z\u00e1kon\u00edk&#8220;<\/span><\/a><\/p>\n","protected":false},"author":1,"featured_media":0,"comment_status":"closed","ping_status":"closed","sticky":false,"template":"","format":"standard","meta":[],"categories":[5],"tags":[],"_links":{"self":[{"href":"https:\/\/www.jan-mikulecky.cz\/index.php\/wp-json\/wp\/v2\/posts\/1208"}],"collection":[{"href":"https:\/\/www.jan-mikulecky.cz\/index.php\/wp-json\/wp\/v2\/posts"}],"about":[{"href":"https:\/\/www.jan-mikulecky.cz\/index.php\/wp-json\/wp\/v2\/types\/post"}],"author":[{"embeddable":true,"href":"https:\/\/www.jan-mikulecky.cz\/index.php\/wp-json\/wp\/v2\/users\/1"}],"replies":[{"embeddable":true,"href":"https:\/\/www.jan-mikulecky.cz\/index.php\/wp-json\/wp\/v2\/comments?post=1208"}],"version-history":[{"count":1,"href":"https:\/\/www.jan-mikulecky.cz\/index.php\/wp-json\/wp\/v2\/posts\/1208\/revisions"}],"predecessor-version":[{"id":2765,"href":"https:\/\/www.jan-mikulecky.cz\/index.php\/wp-json\/wp\/v2\/posts\/1208\/revisions\/2765"}],"wp:attachment":[{"href":"https:\/\/www.jan-mikulecky.cz\/index.php\/wp-json\/wp\/v2\/media?parent=1208"}],"wp:term":[{"taxonomy":"category","embeddable":true,"href":"https:\/\/www.jan-mikulecky.cz\/index.php\/wp-json\/wp\/v2\/categories?post=1208"},{"taxonomy":"post_tag","embeddable":true,"href":"https:\/\/www.jan-mikulecky.cz\/index.php\/wp-json\/wp\/v2\/tags?post=1208"}],"curies":[{"name":"wp","href":"https:\/\/api.w.org\/{rel}","templated":true}]}}