{"id":1253,"date":"2020-12-11T10:27:37","date_gmt":"2020-12-11T10:27:37","guid":{"rendered":"http:\/\/letnanskelentilky.cz\/?p=1253"},"modified":"2020-08-27T09:08:19","modified_gmt":"2020-08-27T09:08:19","slug":"jak-jsem-nechtel-pokacet-javory","status":"publish","type":"post","link":"https:\/\/www.jan-mikulecky.cz\/index.php\/2020\/12\/11\/jak-jsem-nechtel-pokacet-javory\/","title":{"rendered":"Jak jsem necht\u011bl pok\u00e1cet javory"},"content":{"rendered":"<p style=\"text-align: left;\">B\u00fdt radn\u00edm pro \u017eivotn\u00ed prost\u0159ed\u00ed je velmi nevd\u011b\u010dn\u00e1 role. Bu\u010f jste nep\u0159\u00edtel v\u0161ech strom\u016f, kter\u00fd chce v\u0161echno pok\u00e1cet a zni\u010dit, nebo ekoterorista chr\u00e1n\u00edc\u00ed ka\u017edou kop\u0159ivu. Neexistuje nic mezit\u00edm. A\u0165 d\u011bl\u00e1te cokoli, v\u0161e je \u0161patn\u011b. Pokud chr\u00e1n\u00edte zele\u0148, val\u00ed se v\u00e1s dotazy, pro\u010d br\u00e1n\u00edte rozvoji obce a jste ozna\u010deni za zp\u00e1te\u010dn\u00edky a zelen\u00e9 pomatence. Kdy\u017e pok\u00e1c\u00edte by\u0165 jen jedin\u00fd strom, tak hned \u010del\u00edte n\u00e1zor\u016fm, \u017ee zrovna tento strom tam st\u00e1l 50 let a lezli po n\u011bm v\u0161echny na\u0161e d\u011bti a jejich rodi\u010de a rodi\u010de rodi\u010d\u016f&#8230; Nepom\u016f\u017ee \u017e\u00e1dn\u00e9 vysv\u011btlov\u00e1n\u00ed o pot\u0159eb\u011b obnovy zelen\u011b, o perspektivnosti strom\u016f. Prost\u011b \u017e\u00e1dn\u00fd argument nen\u00ed akceptovateln\u00fd. Kdo chce psa b\u00edt, h\u016fl si v\u017edycky najde.<!--more--><\/p>\n<p>Mimochodem pou\u017e\u00edvat slovo perspektivn\u00ed je v&nbsp;posledn\u00edch dnech v Let\u0148anech pom\u011brn\u011b nebezpe\u010dn\u00e9. Mnohokr\u00e1t se mi vr\u00e1tilo jak bumerang, kdy\u017e jsem toto slovo pou\u017eil ve spojen\u00ed se zelen\u00ed. Je perspektivn\u00ed strom, kter\u00fd roste 30 let a dal\u0161\u00edch 30 vydr\u017e\u00ed? Nebo je to strom, kter\u00fd vydr\u017e\u00ed dal\u0161\u00edch 20 let? A co stromy, kter\u00e9 maj\u00ed vidinu pouh\u00fdch 5-10 let? Vyplat\u00ed se je udr\u017eet za ka\u017edou cenu nebo je m\u00e1me rad\u011bji pok\u00e1cet a zasadit 5ti let\u00fd strom, kter\u00fd u\u017e za 3 roky bude p\u011bkn\u011b vzrostl\u00fd a za t\u011bch 5-10 rok\u016f bude v pln\u00e9 s\u00edle? Ani odborn\u00edci se na obecn\u00e9 definici neshodnou a v\u017edy z\u00e1le\u017e\u00ed na konkr\u00e9tn\u00edm stromu, jeho um\u00edst\u011bn\u00ed, stylu \u00fadr\u017eby a mnoha dal\u0161\u00edch faktorech.<\/p>\n<p style=\"text-align: center;\"><a href=\"http:\/\/letnanskelentilky.cz\/wp-content\/uploads\/KrivaBorovice.jpg\"><img loading=\"lazy\" class=\"aligncenter size-full wp-image-1257\" style=\"border: 0px;\" alt=\"KrivaBorovice\" src=\"http:\/\/letnanskelentilky.cz\/wp-content\/uploads\/KrivaBorovice.jpg\" width=\"379\" height=\"285\"><\/a><\/p>\n<p>Zaje\u010fte se pod\u00edvat k&nbsp;soutoku Labe a Vltavy. Nad prav\u00fdm b\u0159ehem pokra\u010duj\u00edc\u00ed \u0159eky je kr\u00e1sn\u00e1 proch\u00e1zka. Cesta je lemov\u00e1na vzrostl\u00fdmi javory, kter\u00e9 maj\u00ed p\u0159es 50 let. V\u00edce ne\u017e polovina z nich je naka\u017eena d\u0159evokaznou houbou a postupn\u011b odum\u00edr\u00e1, nebezpe\u010dn\u011b se odlamuj\u00ed velk\u00e9 kostern\u00ed v\u011btve, rozlamuj\u00ed kmeny a to v\u0161e uprost\u0159ed ve\u0159ejn\u00e9 parkov\u00e9 plochy. Tento stav u\u017e trv\u00e1 v\u00edce ne\u017e 10 let. I p\u0159es doporu\u010den\u00ed cel\u00e9 \u0159ady odborn\u00edk\u016f m\u011blnick\u00e1 radnice probl\u00e9m nijak ne\u0159e\u0161\u00ed, proto\u017ee se boj\u00ed reakce obyvatel. Toto je b\u011b\u017en\u00e1 situace na mnoha m\u00edstech v \u010cesku.<\/p>\n<p>I v&nbsp;Let\u0148anech m\u00e1me n\u011bkolik m\u00edst, kter\u00e9 by si zaslou\u017eily v\u00fdrazn\u00fd odborn\u00fd z\u00e1sah. M\u00e1me zde nap\u0159\u00edklad ke\u0159ov\u00e9 celky, kter\u00e9 jsou p\u0159est\u00e1rl\u00e9 a jejich\u017e \u00fadr\u017eba n\u00e1s ro\u010dn\u011b stoj\u00ed 5x tolik ne\u017e by byla cena kompletn\u00ed obnovy zelen\u011b v dan\u00e9m m\u00edst\u011b. Je v\u0161ak velmi slo\u017eit\u00e9 tyto v\u011bci obh\u00e1jit. V\u017edy, kdy\u017e za\u010dnu mluvit o&nbsp;sou\u010dasn\u00fdch \u010di budouc\u00edch projektech, p\u0159ekvap\u00ed m\u011b, kolik m\u00e1me najednou v&nbsp;Let\u0148anech dendrolog\u016f, pr\u00e1vn\u00edk\u016f, odborn\u00edk\u016f na ve\u0159ejn\u00e9 zak\u00e1zky, specialist\u016f na evropsk\u00e9 dotace \u010di stava\u0159\u016f se zku\u0161enostmi z&nbsp;rozs\u00e1hl\u00fdch revitalizac\u00ed star\u00fdch s\u00eddli\u0161\u0165. Z&nbsp;popela povstanou arborist\u00e9, kte\u0159\u00ed p\u0159esn\u011b v\u011bd\u00ed pro\u010d pok\u00e1cet nebo nepok\u00e1cet ur\u010dit\u00e9 stromy, co a kde zasadit, pro\u010d se hod\u00ed do na\u0161\u00ed ulice v\u00edce borovice ne\u017e buky. Z&nbsp;ni\u010deho nic maj\u00ed tito lid\u00e9 obrovsk\u00e9 znalosti o tom, jak spr\u00e1vn\u011b ud\u011blat v\u00fdb\u011brov\u00e9 \u0159\u00edzen\u00ed, jak stanovit nediskrimina\u010dn\u00ed krit\u00e9ria, jak nevybrat nejlevn\u011bj\u0161\u00ed nab\u00eddku, proto\u017ee to n\u00e1m p\u0159eci nezaru\u010d\u00ed tolik po\u017eadovanou kvalitu. A&nbsp;nejv\u00edce p\u0159ekvapiv\u00e9 je, kdy\u017e se takov\u00fd odborn\u00edk na zele\u0148 stane hned druh\u00fd den expertem na ve\u0159ejn\u00e9 zak\u00e1zky a po v\u00edkendu je najednou konzultantem na certifikaci d\u011btsk\u00fdch h\u0159i\u0161\u0165. To v\u0161e samoz\u0159ejm\u011b pouze na platform\u011b anonymn\u00edho diskusn\u00edho f\u00f3ra.<\/p>\n<p style=\"text-align: center;\"><a href=\"http:\/\/letnanskelentilky.cz\/wp-content\/uploads\/1281_Vpr350-nabrezi-18.jpg\"><img loading=\"lazy\" class=\"alignnone size-thumbnail wp-image-1264\" style=\"border: 0px;\" alt=\"1281_Vpr350 - nabrezi 18\" src=\"http:\/\/letnanskelentilky.cz\/wp-content\/uploads\/1281_Vpr350-nabrezi-18-150x150.jpg\" width=\"150\" height=\"150\"><\/a>&nbsp;<a href=\"http:\/\/letnanskelentilky.cz\/wp-content\/uploads\/1284_Vpr353-nabrezi-15.jpg\"><img loading=\"lazy\" class=\"alignnone size-thumbnail wp-image-1267\" style=\"border: 0px;\" alt=\"1284_Vpr353 - nabrezi 15\" src=\"http:\/\/letnanskelentilky.cz\/wp-content\/uploads\/1284_Vpr353-nabrezi-15-150x150.jpg\" width=\"150\" height=\"150\"><\/a><a href=\"http:\/\/letnanskelentilky.cz\/wp-content\/uploads\/1283_Vpr352-nabrezi-16.jpg\"><img loading=\"lazy\" class=\"alignnone size-thumbnail wp-image-1265\" style=\"border: 0px;\" alt=\"1283_Vpr352 - nabrezi 16\" src=\"http:\/\/letnanskelentilky.cz\/wp-content\/uploads\/1283_Vpr352-nabrezi-16-150x150.jpg\" width=\"150\" height=\"150\"><\/a><\/p>\n<p>V Let\u0148anech jsem k \u00fadr\u017eb\u011b zelen\u011b p\u0159istoupil nov\u00fdm koncep\u010dn\u00edm zp\u016fsobem. P\u0159es 20 let se tu zad\u00e1vala odborn\u00e1 \u00fadr\u017eba v&nbsp;hodinov\u00fdch sazb\u00e1ch, tzn. \u017ee p\u0159ijeli arborist\u00e9 a zahradn\u00edci a&nbsp;p\u00e1r dn\u00ed pracovali na stromech v jedn\u00e9 ulici. Pak dostali zaplaceno podle sumy spot\u0159ebovan\u00fdch hodin. Z pohledu obecn\u00edho rozpo\u010dtu to nen\u00ed ekonomicky spr\u00e1vn\u00fd zp\u016fsob. Budete snad za rohl\u00edky platit podle toho, jak dlouho trv\u00e1 peka\u0159i je up\u00e9ct? Nebo rad\u011bji zaplat\u00edte za kus a je V\u00e1m jedno, jestli jeho p\u0159\u00edprava trvala hodinu nebo p\u016fl? Stejn\u00fd p\u0159\u00edstup k zeleni m\u00e1me od leto\u0161n\u00edho roku i v Let\u0148anech.<\/p>\n<p>Studentky z \u010cesk\u00e9 zahradnick\u00e9 akademie spo\u010d\u00edtaly v\u0161echny stromy a ke\u0159e a navrhly, jak se o&nbsp;n\u011b m\u00e1me starat. Te\u010f firm\u00e1m zad\u00e1v\u00e1me pr\u00e1ci p\u0159esn\u011b podle v\u00fdkonu nikoli podle \u010dasu a tak je to spr\u00e1vn\u011b. V\u00fd\u0161e spot\u0159ebovan\u00fdch financ\u00ed z\u016fstane ro\u010dn\u011b p\u0159ibli\u017en\u011b stejn\u00e1, ale ud\u011bl\u00e1me za n\u011b mnohem v\u00edce pr\u00e1ce. A&nbsp;v&nbsp;Let\u0148anech to bude vid\u011bt. Stromy dostanou novou tv\u00e1\u0159 a&nbsp;v&nbsp;dal\u0161\u00edch letech obnov\u00edme zele\u0148 na \u0159ad\u011b m\u00edst. Na\u0161e \u010dtvr\u0165 se bude zelenat v\u00edce ne\u017e v dne\u0161n\u00edch dnech. V Let\u0148anech rozhodn\u011b nebude v budoucnu strom\u016f a ke\u0159\u016f ub\u00fdvat. Bude to p\u0159esn\u011b naopak. Mohl jsem se dr\u017eet hesla \u201ekdo nic ned\u011bl\u00e1, nic nezkaz\u00ed.\u201c Nicm\u00e9n\u011b jako radn\u00ed za \u017eivotn\u00ed prost\u0159ed\u00ed jsem p\u0159ipravil \u0159adu projekt\u016f, kter\u00e9 znamenaj\u00ed v\u00edce zelen\u011b, v\u00edce strom\u016f, v\u00edce ke\u0159\u016f a v\u00edce zelen\u00fdch ploch m\u00edsto asfaltov\u00fdch chodn\u00edk\u016f nebo star\u00fdch betonov\u00fdch p\u00edskovi\u0161\u0165.<\/p>\n<p>V jedn\u00e9 v\u011bci se shodnu s b\u00fdval\u00fdm prezidentem. Na\u0161e planeta je modr\u00e1 nikoli zelen\u00e1. A t\u00edm nijak nepreferuji barvu, kter\u00e1 zdobila p\u0159edvolebn\u00ed billboardy strany, za kterou d\u011bl\u00e1m v&nbsp;Let\u0148anech radn\u00edho. Pln\u011b respektuji rozumn\u00e1 doporu\u010den\u00ed zelen\u00fdch aktivist\u016f a v \u0159ad\u011b p\u0159\u00edpad\u016f se s nimi i ztoto\u017e\u0148uji. Souhlas\u00edm nap\u0159\u00edklad s t\u00edm, aby se nek\u00e1cely zdrav\u00e9 stromy pod\u00e9l silnic, kter\u00e9 se mohou zd\u00e1t nebezpe\u010dn\u00e9. Rad\u011bji bych zpomalil na dan\u00e9m m\u00edst\u011b auta a nat\u0159el kmeny strom\u016f na b\u00edlo tak, jak to t\u0159eba navrhuje sdru\u017een\u00ed Arnika.<\/p>\n<p style=\"text-align: center;\"><a href=\"http:\/\/letnanskelentilky.cz\/wp-content\/uploads\/ArnikaStromyBile.jpg\"><img loading=\"lazy\" class=\"aligncenter  wp-image-1254\" style=\"border: 0px;\" alt=\"ArnikaStromyBile\" src=\"http:\/\/letnanskelentilky.cz\/wp-content\/uploads\/ArnikaStromyBile.jpg\" width=\"900\" height=\"675\"><\/a><\/p>\n<p><i>Zdroj: www.arnika.cz<\/i><\/p>\n<p><a href=\"http:\/\/mzp.cz\/cz\/news_140313_prohlaseni_kaceni\" target=\"_blank\" rel=\"noopener noreferrer\">Tiskov\u00e1 zpr\u00e1va pana ministra z 14\/3<\/a>, \u017ee jaro za\u010dalo o p\u00e1r dn\u00ed d\u0159\u00edve, mi v\u0161ak p\u0159ijde velmi ne\u0161\u0165astn\u00e1. Dok\u00e1\u017eu si p\u0159edstavit, kolika starost\u016fm to svou <strong><span style=\"text-decoration: underline;\">DOPORU\u010cUJ\u00cdC\u00cd<\/span> <\/strong>tiskovou zpr\u00e1vou zava\u0159il. M\u011bli napl\u00e1novan\u00e9 pr\u00e1ce do konce b\u0159ezna p\u0159esn\u011b v&nbsp;souladu s platnou vyhl\u00e1\u0161kou. M\u011bli nasmlouvan\u00e9 firmy a&nbsp;p\u0159ipraven\u00e9 vlastn\u00ed lidi. V\u0161e nejde p\u0159esunout jen tak ze dne na den na podzim. A te\u010f mus\u00ed v\u0161ichni \u010delit agresivn\u00edm ot\u00e1zk\u00e1m, pro\u010d pokra\u010duj\u00ed v napl\u00e1novan\u00e9 \u00fadr\u017eb\u011b, kdy\u017e u\u017e za\u010dalo jaro. Mus\u00ed pracovat d\u00e1l nap\u0159\u00edklad proto, \u017ee maj\u00ed platn\u00e9 smlouvy a z&nbsp;nich vypl\u00fdvaj\u00edc\u00ed sankce. Ano, stromy se d\u00edky tepl\u00e9 zim\u011b za\u010d\u00ednaj\u00ed zelenat letos o chv\u00edli d\u0159\u00edve, ale nap\u0159\u00edklad p\u00e1r dn\u00ed od vyd\u00e1n\u00ed zm\u00edn\u011bn\u00e9 tiskov\u00e9 zpr\u00e1vy p\u0159i\u0161ly no\u010dn\u00ed mrazy a v \u0158\u00ed\u010danech u Prahy po r\u00e1nu sn\u011b\u017eilo. Nechme p\u0159\u00edrodu, a\u0165 si s t\u00edm sama porad\u00ed. Je toti\u017e mnohem mocn\u011bj\u0161\u00ed ne\u017e minist\u0159i nebo v\u0161echna zelen\u00e1 sdru\u017een\u00ed dohromady. Naposledy jsme v na\u0161\u00ed zemi zkou\u0161eli porou\u010det po\u010das\u00ed p\u0159ed 25 lety a v\u0161ichni v\u00edme, jak to dopadlo.<\/p>\n<p style=\"text-align: center;\"><a href=\"http:\/\/letnanskelentilky.cz\/wp-content\/uploads\/JavoryMisteckaCB.png\"><img loading=\"lazy\" class=\"aligncenter  wp-image-1256\" style=\"border: 0px;\" alt=\"JavoryMisteckaCB\" src=\"http:\/\/letnanskelentilky.cz\/wp-content\/uploads\/JavoryMisteckaCB.png\" width=\"686\" height=\"439\"><\/a><\/p>\n<p>Starost o zele\u0148 ob\u010das p\u0159in\u00e1\u0161\u00ed i velmi nepopul\u00e1rn\u00ed kroky. U n\u00e1s p\u0159ed domem jsme pok\u00e1celi dva kr\u00e1sn\u00e9 a&nbsp;zdrav\u00e9 javory. Nechci se nikterak vymlouvat, bylo to moje rozhodnut\u00ed. Cht\u011bli jsme v&nbsp;Lentilk\u00e1ch velk\u00e9 sportovn\u00ed h\u0159i\u0161t\u011b pro d\u011bti a jedin\u00fd prostor na s\u00edt\u011bmi protkan\u00e9m s\u00eddli\u0161ti byl ve vnitrobloku Malkovsk\u00e9ho x M\u00edsteck\u00e1. Pracovali jsme s mnoha variantami. Za Ivan\u010dickou se h\u0159i\u0161t\u011b neve\u0161lo, v Ku\u017eelovce mezi domy by to byl nesmysl, tak zbyl pouze n\u00e1\u0161 vnitroblok. Navrhoval jsem d\u00e1t h\u0159i\u0161t\u011b m\u00edsto velk\u00e9 asfaltov\u00e9 plochy. Projektanti i architekti mi to rozmlouvali. H\u0159i\u0161t\u011b bude ze v\u0161ech 4 stran uzav\u0159eno a&nbsp;bude velmi rezonovat hluk. Bude um\u00edst\u011bno p\u0159\u00edli\u0161 bl\u00edzko domu 599-601. \u0158e\u0161en\u00ed okolo jdouc\u00edho diagon\u00e1ln\u00edho chodn\u00edku bude stavebn\u011b slo\u017eit\u00e9 kv\u016fli v\u00fd\u0161kov\u00fdm rozd\u00edl\u016fm. Um\u00edst\u011bn\u00ed h\u0159i\u0161t\u011b jsme diskutovali dny a m\u011bs\u00edce a nakonec muselo p\u0159ij\u00edt rozhodnut\u00ed. Bu\u010f h\u0159i\u0161t\u011b postav\u00edme u n\u00e1s p\u0159ed domem nebo ho nepostav\u00edme v\u016fbec. Rozhodnut\u00ed padlo na prvn\u00ed variantu, kter\u00e1 v\u0161ak znamen\u00e1 porazit 3 javory, z nich\u017e pouze jeden je nemocn\u00fd a nen\u00e1vratn\u011b po\u0161kozen\u00fd.<\/p>\n<p><a href=\"http:\/\/letnanskelentilky.cz\/wp-content\/uploads\/JavorPoskozenyCB.png\"><img loading=\"lazy\" class=\"alignleft size-medium wp-image-1255\" style=\"border: 0px;\" alt=\"JavorPoskozenyCB\" src=\"http:\/\/letnanskelentilky.cz\/wp-content\/uploads\/JavorPoskozenyCB-226x300.png\" width=\"226\" height=\"300\"><\/a>R\u00e1d bych se omluvil za to, \u017ee jsem nechal pok\u00e1cet dva zdrav\u00e9 stromy p\u0159ed na\u0161\u00edm domem. Sice vysad\u00edme t\u00e9m\u011b\u0159 100 nov\u00fdch strom\u016f, ale ka\u017ed\u00e9ho zdrav\u00e9ho je \u0161koda. Neomlouv\u00e1m se v\u0161ak t\u011bm, kte\u0159\u00ed na s\u00eddli\u0161ti \u0161\u00ed\u0159\u00ed hysterii kolem odstra\u0148ov\u00e1n\u00ed d\u0159evin. Neomlouv\u00e1m se t\u011bm, kte\u0159\u00ed pro sv\u00e9 postoje pou\u017e\u00edvaj\u00ed zcestn\u00e9 a l\u017eiv\u00e9 argumenty. Neomlouv\u00e1m t\u011bm, kte\u0159\u00ed se u\u017e m\u011bs\u00edce bez \u00fasp\u011bchu sna\u017e\u00ed obrat Let\u0148any o des\u00edtky mili\u00f3n\u016f dotac\u00ed. Ani se nechci omluvit t\u011bm, kte\u0159\u00ed m\u00edsto rozumn\u00e9 diskuse pou\u017e\u00edvaj\u00ed metody podobn\u00e9 honb\u011b na \u010darod\u011bjnice. A u\u017e v\u016fbec nen\u00ed moje omluva ur\u010dena pro zbab\u011blce, kte\u0159\u00ed neum\u00ed nic jin\u00e9ho, ne\u017e anonymn\u011b zavolat a vyhro\u017eovat bezbrann\u00e9 \u017een\u011b.&nbsp;<strong>Omlouv\u00e1m se v\u0161em slu\u0161n\u00fdm soused\u016fm, \u017ee jsem musel ud\u011blat takov\u00e9 rozhodnut\u00ed. Nebylo to jednoduch\u00e9.<\/strong><\/p>\n<p style=\"text-align: right;\">&nbsp; &nbsp; &nbsp; &nbsp; &nbsp; &nbsp; &nbsp; &nbsp; &nbsp; &nbsp; &nbsp; &nbsp; &nbsp; &nbsp; &nbsp; &nbsp; &nbsp; &nbsp; &nbsp; &nbsp; &nbsp; &nbsp; &nbsp; &nbsp; &nbsp; &nbsp; &nbsp; &nbsp; &nbsp; &nbsp; &nbsp; &nbsp; &nbsp;Jan Mikuleck\u00fd,&nbsp;V\u00e1\u0161 lentilkov\u00fd radn\u00ed<\/p>\n<p>&nbsp;<\/p>\n","protected":false},"excerpt":{"rendered":"<p>B\u00fdt radn\u00edm pro \u017eivotn\u00ed prost\u0159ed\u00ed je velmi nevd\u011b\u010dn\u00e1 role. Bu\u010f jste nep\u0159\u00edtel v\u0161ech strom\u016f, kter\u00fd chce v\u0161echno pok\u00e1cet a zni\u010dit, nebo ekoterorista chr\u00e1n\u00edc\u00ed ka\u017edou kop\u0159ivu. Neexistuje nic mezit\u00edm. A\u0165 d\u011bl\u00e1te cokoli, v\u0161e je \u0161patn\u011b. Pokud chr\u00e1n\u00edte zele\u0148, val\u00ed se v\u00e1s dotazy, pro\u010d br\u00e1n\u00edte rozvoji obce a jste ozna\u010deni za zp\u00e1te\u010dn\u00edky a zelen\u00e9 pomatence. Kdy\u017e pok\u00e1c\u00edte &hellip; <\/p>\n<p class=\"link-more\"><a href=\"https:\/\/www.jan-mikulecky.cz\/index.php\/2020\/12\/11\/jak-jsem-nechtel-pokacet-javory\/\" class=\"more-link\">Pokra\u010dovat ve \u010dten\u00ed<span class=\"screen-reader-text\"> &#8222;Jak jsem necht\u011bl pok\u00e1cet javory&#8220;<\/span><\/a><\/p>\n","protected":false},"author":1,"featured_media":0,"comment_status":"closed","ping_status":"closed","sticky":false,"template":"","format":"standard","meta":[],"categories":[16,12,5],"tags":[],"_links":{"self":[{"href":"https:\/\/www.jan-mikulecky.cz\/index.php\/wp-json\/wp\/v2\/posts\/1253"}],"collection":[{"href":"https:\/\/www.jan-mikulecky.cz\/index.php\/wp-json\/wp\/v2\/posts"}],"about":[{"href":"https:\/\/www.jan-mikulecky.cz\/index.php\/wp-json\/wp\/v2\/types\/post"}],"author":[{"embeddable":true,"href":"https:\/\/www.jan-mikulecky.cz\/index.php\/wp-json\/wp\/v2\/users\/1"}],"replies":[{"embeddable":true,"href":"https:\/\/www.jan-mikulecky.cz\/index.php\/wp-json\/wp\/v2\/comments?post=1253"}],"version-history":[{"count":1,"href":"https:\/\/www.jan-mikulecky.cz\/index.php\/wp-json\/wp\/v2\/posts\/1253\/revisions"}],"predecessor-version":[{"id":2763,"href":"https:\/\/www.jan-mikulecky.cz\/index.php\/wp-json\/wp\/v2\/posts\/1253\/revisions\/2763"}],"wp:attachment":[{"href":"https:\/\/www.jan-mikulecky.cz\/index.php\/wp-json\/wp\/v2\/media?parent=1253"}],"wp:term":[{"taxonomy":"category","embeddable":true,"href":"https:\/\/www.jan-mikulecky.cz\/index.php\/wp-json\/wp\/v2\/categories?post=1253"},{"taxonomy":"post_tag","embeddable":true,"href":"https:\/\/www.jan-mikulecky.cz\/index.php\/wp-json\/wp\/v2\/tags?post=1253"}],"curies":[{"name":"wp","href":"https:\/\/api.w.org\/{rel}","templated":true}]}}