{"id":1291,"date":"2020-12-07T15:43:32","date_gmt":"2020-12-07T15:43:32","guid":{"rendered":"http:\/\/letnanskelentilky.cz\/?p=1291"},"modified":"2020-08-27T09:07:42","modified_gmt":"2020-08-27T09:07:42","slug":"zastupitele-pochvalili-zelen-v-letnanech","status":"publish","type":"post","link":"https:\/\/www.jan-mikulecky.cz\/index.php\/2020\/12\/07\/zastupitele-pochvalili-zelen-v-letnanech\/","title":{"rendered":"Zastupitel\u00e9 pochv\u00e1lili zele\u0148 v Let\u0148anech"},"content":{"rendered":"<p><a href=\"http:\/\/letnanskelentilky.cz\/wp-content\/uploads\/KrivaBorovice.jpg\"><img loading=\"lazy\" class=\"alignleft size-thumbnail wp-image-1257\" style=\"border: 0px;\" alt=\"KrivaBorovice\" src=\"http:\/\/letnanskelentilky.cz\/wp-content\/uploads\/KrivaBorovice-150x150.jpg\" width=\"150\" height=\"150\"><\/a>V&nbsp;dubnov\u00e9m vyd\u00e1n\u00ed Let\u0148ansk\u00fdch list\u016f prob\u011bhla mezi zastupiteli anketa o stavu a kvalit\u011b let\u0148ansk\u00e9 zelen\u011b. Tato problematika je mezi ob\u010dany velmi diskutov\u00e1na, proto\u017ee je v\u017edy v\u00fdrazn\u011b vid\u011bt, pokud se n\u011bkde zele\u0148 upravuje, odstra\u0148uje nebo vysad\u00ed nov\u00e1. V&nbsp;souvislosti se zah\u00e1jen\u00edm projektu Let\u0148ansk\u00e9 lentilky se objevily mnohdy p\u0159ehnan\u00e9 n\u00e1zory na odstran\u011bn\u00ed neperspektivn\u00ed zelen\u011b na p\u0159edzahr\u00e1dk\u00e1ch p\u0159ed domy nebo jin\u00fdch m\u00edstech.<span style=\"color: #3366ff;\"><a href=\"http:\/\/www.letnanskelisty.cz\/z-radnice\/1361-jak-to-vid%C3%AD-zastupitel%C3%A9-4-2014.html\" target=\"_blank\" rel=\"noopener noreferrer\"><span style=\"color: #3366ff;\"> Jak na to reagovali zastupiteln\u00e9?<\/span><\/a><\/span><!--more--><\/p>\n<p>Z\u00e1stupce starosty Old\u0159ich Miffek: <em>\u201eV\u011bt\u0161ina z&nbsp;n\u00e1s se p\u0159ed lety \u2013 p\u0159i nast\u011bhov\u00e1n\u00ed do nov\u00fdch byt\u016f \u2013 d\u00edvala na zatravn\u011bn\u00e9 nebo zcela hol\u00e9 plochy. Proto jsme iniciativn\u011b za\u010dali vysazovat ke\u0159e a stromy. Jako laici jsme p\u0159itom \u010dasto zapom\u00ednali, jak bude vysazen\u00e1 zele\u0148 v&nbsp;budoucnu zasti\u0148ovat okna v&nbsp;ni\u017e\u0161\u00edch podla\u017e\u00edch. V&nbsp;sou\u010dasn\u00e9 dob\u011b na mnoha m\u00edstech toto st\u00edn\u011bn\u00ed vad\u00ed.\u201c<\/em><\/p>\n<p style=\"text-align: center;\"><a href=\"http:\/\/letnanskelentilky.cz\/wp-content\/uploads\/WP_20140413_005.jpg\" target=\"_blank\" rel=\"noopener noreferrer\"><img loading=\"lazy\" class=\"aligncenter  wp-image-1293\" style=\"border: 0px;\" alt=\"WP_20140413_005\" src=\"http:\/\/letnanskelentilky.cz\/wp-content\/uploads\/WP_20140413_005-1024x768.jpg\" width=\"584\" height=\"438\"><\/a><\/p>\n<p>V&nbsp;r\u00e1mci Lentilek byly odstran\u011bny stromy a ke\u0159e, kter\u00e9 rostly bezprost\u0159edn\u011b u dom\u016f a jejich\u017e v\u011btv\u011b zasahovaly p\u0159\u00edmo do byt\u016f. V&nbsp;n\u011bkter\u00fdch p\u0159\u00edpadech stromy sv\u00fdmi ko\u0159eny naru\u0161ovaly chodn\u00edk nebo podzemn\u00ed konstrukce domu. Na v\u0161echny stromy byl zpracov\u00e1n <a href=\"http:\/\/letnanskelentilky.cz\/download\/TZ%20DENDROLOGICK%C3%9D%20PR%C5%AEZKUM%20140228.pdf\" target=\"_blank\" rel=\"noopener noreferrer\">dendrologick\u00fd posudek<\/a>, kter\u00fd odborn\u00fdm p\u0159\u00edstupem zhodnotil kvalitu zelen\u011b, je\u017e byla v&nbsp;konfliktu se stavbou. M\u00edstostarosta Miffek k&nbsp;tomu dod\u00e1v\u00e1: <em>\u201eNa p\u0159edzahr\u00e1dky pat\u0159\u00ed ke\u0159e, p\u0159\u00edpadn\u011b kv\u011btiny, stromy by m\u011bly b\u00fdt vysazov\u00e1ny pouze na velk\u00fdch voln\u00fdch ploch\u00e1ch, kde v&nbsp;budoucnu nebudou st\u00ednit.\u201c<\/em> A p\u0159esn\u011b toto je c\u00edlem projektu Let\u0148ansk\u00e9 lentilky. P\u0159edzahr\u00e1dky budou pln\u00e9 udr\u017eovan\u00fdch ke\u0159\u016f a kv\u011btin.<\/p>\n<p style=\"text-align: center;\"><a href=\"http:\/\/letnanskelentilky.cz\/wp-content\/uploads\/1281_Vpr350-nabrezi-18.jpg\" target=\"_blank\" rel=\"noopener noreferrer\"><img loading=\"lazy\" class=\"aligncenter  wp-image-1264\" style=\"border: 0px;\" alt=\"1281_Vpr350 - nabrezi 18\" src=\"http:\/\/letnanskelentilky.cz\/wp-content\/uploads\/1281_Vpr350-nabrezi-18.jpg\" width=\"372\" height=\"496\"><\/a><\/p>\n<p>Projekt Let\u0148ansk\u00fdch lentilek m\u00e1 v\u00fdraznou podporu obyvatel s\u00eddli\u0161t\u011b i veden\u00ed radnice, jeho\u017e z\u00e1stupci se sv\u00fdmi n\u00e1zory a koment\u00e1\u0159i na projektu tak\u00e9 pod\u00edleli. Z\u00e1stupkyn\u011b starosty Iveta Lojkov\u00e1 projekt zhodnotila: <em>\u201eD\u00edky tomuto projektu z\u00edsk\u00e1 m\u011bstsk\u00e1 \u010d\u00e1st p\u0159\u00edmo ve star\u00e9m s\u00eddli\u0161ti 13&nbsp;949 m2 nov\u00fdch tr\u00e1vn\u00edk\u016f, 89 strom\u016f a 1252 ke\u0159\u016f. To opravu nen\u00ed m\u00e1lo. Zd\u00e1 se tedy, \u017ee jsou na tom Let\u0148any docela dob\u0159e.\u201c<\/em><\/p>\n<p>Zele\u0148 v&nbsp;cel\u00fdch Let\u0148anech pro\u0161la pasportizac\u00ed. Ka\u017ed\u00fd strom i ke\u0159 byl detailn\u011b pops\u00e1n a byl navr\u017een zp\u016fsob \u00fadr\u017eby na 3-5 let dop\u0159edu pro pot\u0159eby budouc\u00edch v\u00fdb\u011brov\u00fdch \u0159\u00edzen\u00ed. Kvalita zelen\u011b se tak v\u00fdznamn\u011b zv\u00fd\u0161\u00ed a n\u00e1klady p\u016fjdou dol\u016f. Z\u00e1stupkyn\u011b starosty Iveta Lojkov\u00e1 se k tomu vyj\u00e1d\u0159ila: <em>\u201eO t\u00e9 nov\u00e9 nen\u00ed t\u0159eba pochybovat, ale jsou i stromy a ke\u0159e vys\u00e1zen\u00e9 (ob\u010das \u017eiveln\u011b) p\u0159ed des\u00edtkami let. Proto od lo\u0148sk\u00e9ho roku kvalitu ve\u0161ker\u00e9 zelen\u011b v&nbsp;Let\u0148anech prov\u011b\u0159uj\u00ed studenti z&nbsp;m\u011blnick\u00e9 Zahradnick\u00e9 akademie. Informace z&nbsp;jejich z\u00e1v\u011bre\u010dn\u00e9 zpr\u00e1vy pou\u017eije veden\u00ed m\u011bstsk\u00e9 \u010d\u00e1sti p\u0159i pl\u00e1nov\u00e1n\u00ed \u00fadr\u017eby zelen\u011b, p\u0159\u00edpadn\u011b p\u0159i rozhodnut\u00ed o k\u00e1cen\u00ed nemocn\u00fdch \u010di p\u0159est\u00e1rl\u00fdch strom\u016f.\u201c<\/em><\/p>\n<p style=\"text-align: center;\"><a href=\"http:\/\/letnanskelentilky.cz\/wp-content\/uploads\/IMGP5624.jpg\" target=\"_blank\" rel=\"noopener noreferrer\"><img loading=\"lazy\" class=\"aligncenter  wp-image-1292\" style=\"border: 0px;\" alt=\"IMGP5624\" src=\"http:\/\/letnanskelentilky.cz\/wp-content\/uploads\/IMGP5624-1024x680.jpg\" width=\"350\" height=\"232\"><\/a><\/p>\n<p>Zastupitel Emil Kassl k&nbsp;tomu dod\u00e1v\u00e1: <em>\u201eTak\u00e9 odborn\u00e1 spolupr\u00e1ce radnice se Zahradnickou akademi\u00ed M\u011bln\u00edk je ur\u010dit\u011b plusem. C\u00edle jsou jasn\u00e9 \u2013 zmapovat zdej\u0161\u00ed zele\u0148 a d\u00e1t jasn\u00e9 zad\u00e1n\u00ed odborn\u00fdm firm\u00e1m, kter\u00e9 se zab\u00fdvaj\u00ed jej\u00ed \u00fadr\u017ebou.\u201c<\/em> Je z\u0159ejm\u00e9, \u017ee veden\u00ed Let\u0148ansk\u00e9 radnice m\u00e1 konstruktivn\u00ed p\u0159\u00edstup k&nbsp;\u00fadr\u017eb\u011b zelen\u011b v&nbsp;na\u0161\u00ed obci. Let\u0148any budou v p\u0159\u00ed\u0161t\u00edch letech v\u00edce zelen\u00e9 a finance na \u00fadr\u017ebu zelen\u011b budou vynakl\u00e1d\u00e1ny mnohem efektivn\u011bji.<\/p>\n<p style=\"text-align: right;\">Jan Mikuleck\u00fd<br \/>\nradn\u00ed pro regeneraci s\u00eddli\u0161t\u011b a \u017eivotn\u00ed prost\u0159ed\u00ed<\/p>\n","protected":false},"excerpt":{"rendered":"<p>V&nbsp;dubnov\u00e9m vyd\u00e1n\u00ed Let\u0148ansk\u00fdch list\u016f prob\u011bhla mezi zastupiteli anketa o stavu a kvalit\u011b let\u0148ansk\u00e9 zelen\u011b. Tato problematika je mezi ob\u010dany velmi diskutov\u00e1na, proto\u017ee je v\u017edy v\u00fdrazn\u011b vid\u011bt, pokud se n\u011bkde zele\u0148 upravuje, odstra\u0148uje nebo vysad\u00ed nov\u00e1. V&nbsp;souvislosti se zah\u00e1jen\u00edm projektu Let\u0148ansk\u00e9 lentilky se objevily mnohdy p\u0159ehnan\u00e9 n\u00e1zory na odstran\u011bn\u00ed neperspektivn\u00ed zelen\u011b na p\u0159edzahr\u00e1dk\u00e1ch p\u0159ed domy nebo &hellip; <\/p>\n<p class=\"link-more\"><a href=\"https:\/\/www.jan-mikulecky.cz\/index.php\/2020\/12\/07\/zastupitele-pochvalili-zelen-v-letnanech\/\" class=\"more-link\">Pokra\u010dovat ve \u010dten\u00ed<span class=\"screen-reader-text\"> &#8222;Zastupitel\u00e9 pochv\u00e1lili zele\u0148 v Let\u0148anech&#8220;<\/span><\/a><\/p>\n","protected":false},"author":1,"featured_media":0,"comment_status":"closed","ping_status":"closed","sticky":false,"template":"","format":"standard","meta":[],"categories":[5],"tags":[],"_links":{"self":[{"href":"https:\/\/www.jan-mikulecky.cz\/index.php\/wp-json\/wp\/v2\/posts\/1291"}],"collection":[{"href":"https:\/\/www.jan-mikulecky.cz\/index.php\/wp-json\/wp\/v2\/posts"}],"about":[{"href":"https:\/\/www.jan-mikulecky.cz\/index.php\/wp-json\/wp\/v2\/types\/post"}],"author":[{"embeddable":true,"href":"https:\/\/www.jan-mikulecky.cz\/index.php\/wp-json\/wp\/v2\/users\/1"}],"replies":[{"embeddable":true,"href":"https:\/\/www.jan-mikulecky.cz\/index.php\/wp-json\/wp\/v2\/comments?post=1291"}],"version-history":[{"count":1,"href":"https:\/\/www.jan-mikulecky.cz\/index.php\/wp-json\/wp\/v2\/posts\/1291\/revisions"}],"predecessor-version":[{"id":2761,"href":"https:\/\/www.jan-mikulecky.cz\/index.php\/wp-json\/wp\/v2\/posts\/1291\/revisions\/2761"}],"wp:attachment":[{"href":"https:\/\/www.jan-mikulecky.cz\/index.php\/wp-json\/wp\/v2\/media?parent=1291"}],"wp:term":[{"taxonomy":"category","embeddable":true,"href":"https:\/\/www.jan-mikulecky.cz\/index.php\/wp-json\/wp\/v2\/categories?post=1291"},{"taxonomy":"post_tag","embeddable":true,"href":"https:\/\/www.jan-mikulecky.cz\/index.php\/wp-json\/wp\/v2\/tags?post=1291"}],"curies":[{"name":"wp","href":"https:\/\/api.w.org\/{rel}","templated":true}]}}