{"id":1307,"date":"2020-12-09T06:27:53","date_gmt":"2020-12-09T06:27:53","guid":{"rendered":"http:\/\/letnanskelentilky.cz\/?p=1307"},"modified":"2020-08-27T09:08:01","modified_gmt":"2020-08-27T09:08:01","slug":"predzahradky-a-chodniky-v-mistecke-a-malkovskeho","status":"publish","type":"post","link":"https:\/\/www.jan-mikulecky.cz\/index.php\/2020\/12\/09\/predzahradky-a-chodniky-v-mistecke-a-malkovskeho\/","title":{"rendered":"P\u0159edzahr\u00e1dky a chodn\u00edky v M\u00edsteck\u00e9 a Malkovsk\u00e9ho"},"content":{"rendered":"<p><a title=\"P\u0159edzahr\u00e1dky a chodn\u00edky v M\u00edsteck\u00e9 a Malkovsk\u00e9ho\" href=\"http:\/\/letnanskelentilky.cz\/predzahradky-a-chodniky-v-mistecke-a-malkovskeho\/\"><img loading=\"lazy\" class=\"alignleft size-thumbnail wp-image-1152\" style=\"border: 0px;\" alt=\"Fand\u00edme fialov\u00e1\" src=\"http:\/\/letnanskelentilky.cz\/wp-content\/uploads\/Fand\u00edme-fialov\u00e1-150x150.png\" width=\"150\" height=\"150\"><\/a>Let\u0148ansk\u00e9 lentilky jsou od sam\u00e9ho po\u010d\u00e1tku p\u0159ipravov\u00e1ny za velk\u00e9 podpory obyvatel s\u00eddli\u0161t\u011b. Od prvn\u00ed prezentace v z\u00e1\u0159\u00ed 2011 je projekt pod ve\u0159ejnou diskus\u00ed a lid\u00e9 mohou p\u0159\u00edmo ovliv\u0148ovat vzhled sv\u00e9ho okol\u00ed. Ku\u017eelova ulice, M\u00edsteck\u00e1 nebo Malkovsk\u00e9ho jsou v r\u00e1mci Lentilek upraveny tak, jak si jejich obyvatel\u00e9 p\u0159\u00e1li. Tolik diskutovan\u00e9 p\u0159edzahr\u00e1dky samoz\u0159ejm\u011b z\u016fst\u00e1vaj\u00ed a budou pln\u00e9 kv\u011btin a nov\u00fdch ke\u0159\u016f.<!--more--><\/p>\n<p>Zah\u00e1jen\u00ed stavby, kter\u00e9 n\u011bkter\u00e9 ned\u016fv\u011b\u0159ivce opravdu p\u0159ekvapilo, p\u0159ineslo u obyvatel \u0159adu ot\u00e1zek. N\u011bkter\u00e9 se t\u00fdkaly i p\u0159edzahr\u00e1dek ve vnitrobloku Malkovsk\u00e9ho a M\u00edsteck\u00e1. Objevily se zcela smy\u0161len\u00e9 zpr\u00e1vy, \u017ee chodn\u00edk bude vydl\u00e1\u017ed\u011bn a\u017e k dom\u016fm a zmiz\u00ed tak ve\u0161ker\u00e1 zele\u0148. Je pravda, \u017ee v&nbsp;prvn\u00ed verzi studie byla p\u0159edstavena idea ud\u011blat pevn\u00fd povrch ve v\u011bt\u0161\u00ed m\u00ed\u0159e ne\u017e nyn\u00ed, nicm\u00e9n\u011b ta se nesetkala s&nbsp;p\u0159\u00edzniv\u00fdm ohlasem ve\u0159ejnosti. Cel\u00fd projekt je v\u0161ak d\u011bl\u00e1n pro obyvatele s\u00eddli\u0161t\u011b a proto ji\u017e p\u0159ed del\u0161\u00ed dobou bylo rozhodnuto o zm\u011bn\u011b.<\/p>\n<h2><b style=\"color: #000000;\">Trvalkov\u00e9 z\u00e1hony &#8211; pro\u010d \u0161t\u011brk?<\/b><\/h2>\n<p>U\u017e v&nbsp;l\u00e9t\u011b 2013 byly zah\u00e1jeny projektov\u00e9 pr\u00e1ce na \u00faprav\u011b p\u0159edzahr\u00e1dek ve vnitrobloku M\u00edsteck\u00e1 a Malkovsk\u00e9ho (p\u0159edzahr\u00e1dky sm\u011brem k ulici, kde jezd\u00ed auta, nejsou sou\u010d\u00e1st\u00ed Lentilek a SVJ si je v\u011bt\u0161inou spravuj\u00ed sama). T\u00fdm p\u0159ipravuj\u00edc\u00ed Lentilky diskutoval n\u011bkolik variant \u0159e\u0161en\u00ed. Chodn\u00edk byl na n\u011bkter\u00fdch m\u00edstech roz\u0161\u00ed\u0159en bl\u00ed\u017ee k dom\u016fm, nicm\u00e9n\u011b st\u00e1le z\u016fst\u00e1valo u dom\u016f dostatek prostoru pro zele\u0148. Jedn\u00edm ze z\u00e1kladn\u00edch parametr\u016f byly tak\u00e9 budouc\u00ed n\u00e1klady na \u00fadr\u017ebu. Zachov\u00e1n\u00ed sou\u010dasn\u00fdch tr\u00e1vn\u00edk\u016f nebylo preferov\u00e1no, stejn\u011b tak stromy s&nbsp;v\u011btvemi zasahuj\u00edc\u00edmi p\u0159\u00edmo do oken. Na p\u0159edzahr\u00e1dky by se ur\u010dit\u011b hodily n\u00edzk\u00e9 ke\u0159e, kv\u011btiny, z\u00e1honky apod. Vyhr\u00e1la tedy kombinace ke\u0159\u016f a trvalkov\u00fdch z\u00e1hon\u016f. Tam, kde je \u0161\u00ed\u0159ka p\u0159edzahr\u00e1dky do cca 2m budou z\u00e1hony trvalek, p\u0159i v\u011bt\u0161\u00ed \u0161\u00ed\u0159ce budou z\u00e1hony dopln\u011bny ke\u0159i. V\u0161e bude v&nbsp;maxim\u00e1ln\u00ed m\u00ed\u0159e bez\u00fadr\u017ebov\u00e9, p\u0159\u00edpadn\u011b vy\u017eaduj\u00edc\u00ed minimum z\u00e1sah\u016f v&nbsp;pr\u016fb\u011bhu roku.<\/p>\n<p><a href=\"http:\/\/letnanskelentilky.cz\/wp-content\/uploads\/1283_Vpr352-nabrezi-16.jpg\" target=\"_blank\" rel=\"noopener noreferrer\"><img loading=\"lazy\" class=\"aligncenter size-medium wp-image-1265\" style=\"border: 0px;\" alt=\"1283_Vpr352 - nabrezi 16\" src=\"http:\/\/letnanskelentilky.cz\/wp-content\/uploads\/1283_Vpr352-nabrezi-16-225x300.jpg\" width=\"225\" height=\"300\"><\/a>Z\u00e1kladem pro takov\u00fd dob\u0159e funguj\u00edc\u00ed trvalkov\u00fd z\u00e1hon je spr\u00e1vn\u00e9 vyu\u017eit\u00ed p\u0159irozen\u00fdch vlastnost\u00ed rostlin a n\u00e1sledn\u00e9 slad\u011bn\u00ed jejich p\u011bstebn\u00edch po\u017eadavk\u016f s&nbsp;t\u00edm, co nab\u00edz\u00ed dan\u00e9 stanovi\u0161t\u011b. Na takov\u00fdchto typech z\u00e1hon\u016f je nutn\u00e9 vytvo\u0159it takov\u00fd typ v\u00fdsadby, kde si rostliny budou vz\u00e1jemn\u011b konkurovat a \u017e\u00e1dn\u00e1 z&nbsp;nich nep\u0159eroste a nebude tedy dominovat ostatn\u00edm druh\u016fm. Velmi \u010dasto je na t\u011bchto z\u00e1honech m\u00edsto mul\u010de pou\u017e\u00edv\u00e1n \u0161t\u011brk, kter\u00fd zabr\u00e1n\u00ed pror\u016fst\u00e1n\u00ed plevel\u016f, a tak je \u010dasto tento typ z\u00e1hon\u016f naz\u00fdv\u00e1n jako \u0161t\u011brkov\u00fd. Trvalkov\u00e9 z\u00e1hony jsou pom\u011brn\u011b nov\u00fd prvek v oblasti m\u011bstsk\u00e9 zelen\u011b, a proto\u017ee Let\u0148any jsou modern\u00ed \u010dtvr\u0165, zcela jist\u011b se trvalky budou hodit i na na\u0161e nov\u00e9 s\u00eddli\u0161t\u011b.<\/p>\n<h2 style=\"text-align: center;\">Pod\u00edvejte se do galerie, jak se zm\u011bnilo Ho\u0159ej\u0161\u00ed n\u00e1b\u0159e\u017e\u00ed v lo\u0148sk\u00e9m roce<br \/>\n(klikn\u011bte na obr\u00e1zek)<\/h2>\n<p style=\"text-align: center;\">&nbsp;[EasyGallery key=&#8217;2&#8242;]<\/p>\n<p style=\"text-align: center;\">Pod\u00edvejte se tak\u00e9, jak se d\u011blaly trvalkov\u00e9 z\u00e1hony v <a href=\"http:\/\/www.kurim.cz\/cs\/obcan\/aktuality-z-mesta\/trvalkove-zahony-zkrasli-mesto.html\" target=\"_blank\" rel=\"noopener noreferrer\">Ku\u0159imi <\/a>nebo <a href=\"http:\/\/www.turnov.cz\/cs\/zivotni-prostredi\/zelen\/marianske-namesti-zdobi-nova-zelen.html\" target=\"_blank\" rel=\"noopener noreferrer\">Turnov\u011b<\/a>.<\/p>\n<h2>Pro\u010d jsou n\u011bkter\u00e9 chodn\u00edky \u0161ir\u0161\u00ed, ne\u017e byly?<\/h2>\n<p>U n\u011bkter\u00fdch chodn\u00edk\u016f do\u0161lo k jejich roz\u0161\u00ed\u0159en\u00ed. Jedn\u00edm z d\u016fvod\u016f byla jejich nedostate\u010dn\u00e1 \u0161\u00ed\u0159ka pro ob\u010dasn\u00fd pojezd vozidel. Nap\u0159\u00edklad u domu M\u00edsteck\u00e1 448 &#8211; 453 jsou bezbari\u00e9rov\u00e9 vchody na vnit\u0159n\u00ed stran\u011b vnitrobloku, kde mj. tak\u00e9 za\u010d\u00edn\u00e1 v\u00fdtah. Pokud chce n\u011bkdo st\u011bhovat n\u011bco velk\u00e9ho, v\u017edy p\u0159ijede s t\u00e9to strany domu. M\u00e1lokdy se stane, \u017ee by st\u011bhov\u00e1ci zaparkovali na ulici za domem a st\u011bhovali ledni\u010dku p\u0159es dvoje schody k v\u00fdtahu. Vyjet\u00e9 koleje nejen v M\u00edsteck\u00e9 ulici a po\u0161kozen\u00fd tr\u00e1vn\u00edk m\u016f\u017eete vid\u011bt na obr\u00e1zc\u00edch n\u00ed\u017ee.<a href=\"http:\/\/letnanskelentilky.cz\/wp-content\/uploads\/VyjeteKolejeII.png\">&nbsp;<\/a><\/p>\n<p style=\"text-align: center;\"><a href=\"http:\/\/letnanskelentilky.cz\/wp-content\/uploads\/VyjeteKoleje.jpg\"><img loading=\"lazy\" class=\"size-medium wp-image-1346 alignnone\" style=\"border: 0px;\" alt=\"VyjeteKoleje\" src=\"http:\/\/letnanskelentilky.cz\/wp-content\/uploads\/VyjeteKoleje-212x300.jpg\" width=\"212\" height=\"300\"><\/a><a href=\"http:\/\/letnanskelentilky.cz\/wp-content\/uploads\/WP_20140413_002.jpg\"><img loading=\"lazy\" class=\"size-medium wp-image-1347 alignnone\" style=\"border: 0px;\" alt=\"WP_20140413_002\" src=\"http:\/\/letnanskelentilky.cz\/wp-content\/uploads\/WP_20140413_002-225x300.jpg\" width=\"225\" height=\"300\"><\/a><\/p>\n<p>\u0160ir\u0161\u00ed chodn\u00edk samoz\u0159ejm\u011b neznamen\u00e1, \u017ee se po n\u011bm m\u016f\u017ee b\u011b\u017en\u011b jezdit. Je ur\u010den pouze pro V\u00ddJIME\u010cN\u00dd pojezd a to zejm\u00e9na z d\u016fvodu bezbari\u00e9rov\u00e9ho p\u0159\u00edstupu, kter\u00fd n\u011bkte\u0159\u00ed z obyvatel s\u00eddli\u0161t\u011b skute\u010dn\u011b pot\u0159ebuj\u00ed. V\u011b\u0159\u00edm, \u017ee nikdo z na\u0161ich soused\u016f nebude takov\u00fd hulv\u00e1t, aby po chodn\u00edku jezdil s jednou ta\u0161kou z Tesca nebo na n\u011bm snad parkoval. Pokud se tak stane, jsou p\u0159ipravena technick\u00e1 opat\u0159en\u00ed, kter\u00e1 vjezdu na chodn\u00edk zcela zamez\u00ed.<\/p>\n<p>V jin\u00fdch ulic\u00edch, nap\u0159\u00edklad v Ku\u017eelov\u011b nebo Ivan\u010dick\u00e9, jsou chodn\u00edky posunuty k domu a nahradily neudr\u017eovan\u00e9 travnat\u00e9 p\u0159edzahr\u00e1dky pln\u00e9 platov\u00fdch lahv\u00ed a cigaretov\u00fdch nedopalk\u016f. D\u016fvodem je tedy vy\u0161\u0161\u00ed efektivita \u00fadr\u017eby zelen\u011b i pevn\u00fdch ploch. Obyvatel\u00e9 t\u011bchto ulic o zele\u0148 samoz\u0159ejm\u011b nep\u0159ijdou, proto\u017ee v pevn\u00fdch ploch\u00e1ch budou zelen\u00e9 ostrovy pln\u00e9 kv\u011btin, okrasn\u00fdch trav, ke\u0159\u016f \u010di jin\u00e9 zelen\u011b. Dal\u0161\u00ed zelen\u00e1 plocha bude ve vnitrobloku za chodn\u00edkem m\u00edsto <a href=\"http:\/\/www.mapy.cz\/s\/9MBc\" target=\"_blank\" rel=\"noopener noreferrer\">star\u00e9ho asfaltov\u00e9ho h\u0159i\u0161t\u011b a p\u00edskovi\u0161\u0165<\/a>. Celkov\u011b bude v t\u00e9to oblasti mnohem v\u00edce strom\u016f i tr\u00e1vn\u00edk\u016f ne\u017e d\u0159\u00edve.<\/p>\n<p style=\"text-align: center;\"><a href=\"http:\/\/letnanskelentilky.cz\/wp-content\/uploads\/Ivan\u010dick\u00e1201404.jpg\" target=\"_blank\" rel=\"noopener noreferrer\"><img loading=\"lazy\" class=\"aligncenter size-full wp-image-1363\" style=\"border: 0px none;\" alt=\"Ivan\u010dick\u00e1201404\" src=\"http:\/\/letnanskelentilky.cz\/wp-content\/uploads\/Ivan\u010dick\u00e1201404.jpg\" width=\"526\" height=\"394\"><\/a><\/p>\n<h2><b>Pro\u010d je u M\u00edsteck\u00e9 452 u\u017e\u0161\u00ed chodn\u00edk?<\/b><\/h2>\n<p>U M\u00edsteck\u00e9 452 chodn\u00edk ustupuje d\u00e1le od domu. \u010clenov\u00e9 v\u00fdboru SVJ 452 nesouhlasili s&nbsp;\u017e\u00e1dnou stavbou na jejich pozemku. I p\u0159esto, \u017ee Lentilky z\u00edskaly souhlas p\u016fvodn\u00edho majitele pozemku (CPI) pro \u00fazemn\u00ed rozhodnut\u00ed i stavebn\u00ed povolen\u00ed a nov\u00fd chodn\u00edk by byl zcela leg\u00e1ln\u00ed, tak veden\u00ed obce vyhov\u011blo obyvatel\u016fm domu 452 a nerealizovalo p\u016fvodn\u00ed z\u00e1m\u011br. Lentilky jsou tu pro lidi a je nutn\u00e9 respektovat jejich n\u00e1zor. Projekt byl tedy upraven a p\u0159ed t\u00edmto vchodem z\u016fstane zachov\u00e1na i p\u016fvodn\u00ed zele\u0148.<\/p>\n<p style=\"text-align: center;\"><a href=\"http:\/\/letnanskelentilky.cz\/wp-content\/uploads\/1281_Vpr350-nabrezi-18.jpg\" target=\"_blank\" rel=\"noopener noreferrer\"><img loading=\"lazy\" class=\"aligncenter size-medium wp-image-1264\" style=\"border: 0px;\" alt=\"1281_Vpr350 - nabrezi 18\" src=\"http:\/\/letnanskelentilky.cz\/wp-content\/uploads\/1281_Vpr350-nabrezi-18-225x300.jpg\" width=\"225\" height=\"300\"><\/a><\/p>\n<h2><b>Kdy bude vid\u011bt nov\u00e1 zele\u0148?<\/b><\/h2>\n<p>V&nbsp;r\u00e1mci prvn\u00ed f\u00e1ze Lentilek bude vysazena t\u00e9m\u011b\u0159 stovka nov\u00fdch strom\u016f. V\u011bt\u0161ina z&nbsp;nich bude 4-5 let\u00fdch a nebudou to tedy jen chab\u00e9 jednolet\u00e9 \u0161lahouny s&nbsp;minim\u00e1ln\u00ed perspektivou. Samoz\u0159ejm\u011b budou pot\u0159ebovat \u010das a pln\u011b vzrostl\u00e9 stromy budou na s\u00eddli\u0161ti a\u017e po n\u011bkolika letech. Stejn\u011b tak i nov\u00e9 ke\u0159e, kter\u00fdch bude p\u0159es tis\u00edc. Trvalkov\u00e9 z\u00e1hony pokvetou na vybran\u00fdch m\u00edstech \u010d\u00e1ste\u010dn\u011b u\u017e letos, nicm\u00e9n\u011b pln\u00fd potenci\u00e1l uk\u00e1\u017e\u00ed a\u017e p\u0159\u00ed\u0161t\u00edch rok. Obnova s\u00eddli\u0161t\u011b nen\u00ed proces na jeden m\u011bs\u00edc ani na rok. 30 let se o n\u011bj nikdo nestaral, tak te\u010f bu\u010fme pros\u00edm trp\u011bliv\u00ed a dejme zeleni p\u00e1r let, ne\u017e n\u00e1s bude po\u0159\u00e1dn\u011b t\u011b\u0161it.<\/p>\n<p><a href=\"http:\/\/letnanskelentilky.cz\/wp-content\/uploads\/WP_20140530_001.jpg\"><img loading=\"lazy\" class=\"aligncenter size-large wp-image-1443\" alt=\"WP_20140530_001\" src=\"http:\/\/letnanskelentilky.cz\/wp-content\/uploads\/WP_20140530_001-1024x768.jpg\" width=\"584\" height=\"438\"><\/a><\/p>\n","protected":false},"excerpt":{"rendered":"<p>Let\u0148ansk\u00e9 lentilky jsou od sam\u00e9ho po\u010d\u00e1tku p\u0159ipravov\u00e1ny za velk\u00e9 podpory obyvatel s\u00eddli\u0161t\u011b. Od prvn\u00ed prezentace v z\u00e1\u0159\u00ed 2011 je projekt pod ve\u0159ejnou diskus\u00ed a lid\u00e9 mohou p\u0159\u00edmo ovliv\u0148ovat vzhled sv\u00e9ho okol\u00ed. Ku\u017eelova ulice, M\u00edsteck\u00e1 nebo Malkovsk\u00e9ho jsou v r\u00e1mci Lentilek upraveny tak, jak si jejich obyvatel\u00e9 p\u0159\u00e1li. Tolik diskutovan\u00e9 p\u0159edzahr\u00e1dky samoz\u0159ejm\u011b z\u016fst\u00e1vaj\u00ed a budou pln\u00e9 &hellip; <\/p>\n<p class=\"link-more\"><a href=\"https:\/\/www.jan-mikulecky.cz\/index.php\/2020\/12\/09\/predzahradky-a-chodniky-v-mistecke-a-malkovskeho\/\" class=\"more-link\">Pokra\u010dovat ve \u010dten\u00ed<span class=\"screen-reader-text\"> &#8222;P\u0159edzahr\u00e1dky a chodn\u00edky v M\u00edsteck\u00e9 a Malkovsk\u00e9ho&#8220;<\/span><\/a><\/p>\n","protected":false},"author":1,"featured_media":0,"comment_status":"closed","ping_status":"closed","sticky":false,"template":"","format":"standard","meta":[],"categories":[8,16,12,4],"tags":[],"_links":{"self":[{"href":"https:\/\/www.jan-mikulecky.cz\/index.php\/wp-json\/wp\/v2\/posts\/1307"}],"collection":[{"href":"https:\/\/www.jan-mikulecky.cz\/index.php\/wp-json\/wp\/v2\/posts"}],"about":[{"href":"https:\/\/www.jan-mikulecky.cz\/index.php\/wp-json\/wp\/v2\/types\/post"}],"author":[{"embeddable":true,"href":"https:\/\/www.jan-mikulecky.cz\/index.php\/wp-json\/wp\/v2\/users\/1"}],"replies":[{"embeddable":true,"href":"https:\/\/www.jan-mikulecky.cz\/index.php\/wp-json\/wp\/v2\/comments?post=1307"}],"version-history":[{"count":1,"href":"https:\/\/www.jan-mikulecky.cz\/index.php\/wp-json\/wp\/v2\/posts\/1307\/revisions"}],"predecessor-version":[{"id":2762,"href":"https:\/\/www.jan-mikulecky.cz\/index.php\/wp-json\/wp\/v2\/posts\/1307\/revisions\/2762"}],"wp:attachment":[{"href":"https:\/\/www.jan-mikulecky.cz\/index.php\/wp-json\/wp\/v2\/media?parent=1307"}],"wp:term":[{"taxonomy":"category","embeddable":true,"href":"https:\/\/www.jan-mikulecky.cz\/index.php\/wp-json\/wp\/v2\/categories?post=1307"},{"taxonomy":"post_tag","embeddable":true,"href":"https:\/\/www.jan-mikulecky.cz\/index.php\/wp-json\/wp\/v2\/tags?post=1307"}],"curies":[{"name":"wp","href":"https:\/\/api.w.org\/{rel}","templated":true}]}}