{"id":1374,"date":"2020-12-01T20:27:36","date_gmt":"2020-12-01T20:27:36","guid":{"rendered":"http:\/\/letnanskelentilky.cz\/?p=1374"},"modified":"2020-08-27T09:06:44","modified_gmt":"2020-08-27T09:06:44","slug":"casopis-verejna-sprava-pise-o-lentilkach","status":"publish","type":"post","link":"https:\/\/www.jan-mikulecky.cz\/index.php\/2020\/12\/01\/casopis-verejna-sprava-pise-o-lentilkach\/","title":{"rendered":"\u010casopis Ve\u0159ejn\u00e1 spr\u00e1va p\u00ed\u0161e o Lentilk\u00e1ch"},"content":{"rendered":"<p><a href=\"http:\/\/www.mvcr.cz\/clanek\/moje-ctyri-roky-s-lentilkami.aspx\"><img loading=\"lazy\" class=\"alignleft  wp-image-1379\" alt=\"Obalka-8-_-2014\" src=\"http:\/\/letnanskelentilky.cz\/wp-content\/uploads\/Obalka-8-_-2014-e1399237310971-150x150.jpg\" width=\"150\" height=\"150\"><\/a>\u010casopis Ve\u0159ejn\u00e1 spr\u00e1va, kter\u00fd je distribuov\u00e1n na v\u0161echna m\u00edsta ve\u0159ejn\u00e9 spr\u00e1vy \u010cR, sezn\u00e1mil&nbsp;v sekci <a href=\"http:\/\/www.mvcr.cz\/clanek\/moje-ctyri-roky-s-lentilkami.aspx\" target=\"_blank\" rel=\"noopener noreferrer\">Dobr\u00e1 praxe sv\u00e9 \u010dten\u00e1\u0159e s projektem Let\u0148ansk\u00e9 lentilky<\/a>.<\/p>\n<p><a href=\"http:\/\/letnanskelentilky.cz\/download\/VS%2008-14%20str.16-17.pdf\" target=\"_blank\" rel=\"noopener noreferrer\">Verze PDF je ke sta\u017een\u00ed zde.<\/a><\/p>\n","protected":false},"excerpt":{"rendered":"<p>\u010casopis Ve\u0159ejn\u00e1 spr\u00e1va, kter\u00fd je distribuov\u00e1n na v\u0161echna m\u00edsta ve\u0159ejn\u00e9 spr\u00e1vy \u010cR, sezn\u00e1mil&nbsp;v sekci Dobr\u00e1 praxe sv\u00e9 \u010dten\u00e1\u0159e s projektem Let\u0148ansk\u00e9 lentilky. Verze PDF je ke sta\u017een\u00ed zde.<\/p>\n","protected":false},"author":1,"featured_media":0,"comment_status":"closed","ping_status":"closed","sticky":false,"template":"","format":"standard","meta":[],"categories":[9,5],"tags":[],"_links":{"self":[{"href":"https:\/\/www.jan-mikulecky.cz\/index.php\/wp-json\/wp\/v2\/posts\/1374"}],"collection":[{"href":"https:\/\/www.jan-mikulecky.cz\/index.php\/wp-json\/wp\/v2\/posts"}],"about":[{"href":"https:\/\/www.jan-mikulecky.cz\/index.php\/wp-json\/wp\/v2\/types\/post"}],"author":[{"embeddable":true,"href":"https:\/\/www.jan-mikulecky.cz\/index.php\/wp-json\/wp\/v2\/users\/1"}],"replies":[{"embeddable":true,"href":"https:\/\/www.jan-mikulecky.cz\/index.php\/wp-json\/wp\/v2\/comments?post=1374"}],"version-history":[{"count":1,"href":"https:\/\/www.jan-mikulecky.cz\/index.php\/wp-json\/wp\/v2\/posts\/1374\/revisions"}],"predecessor-version":[{"id":2758,"href":"https:\/\/www.jan-mikulecky.cz\/index.php\/wp-json\/wp\/v2\/posts\/1374\/revisions\/2758"}],"wp:attachment":[{"href":"https:\/\/www.jan-mikulecky.cz\/index.php\/wp-json\/wp\/v2\/media?parent=1374"}],"wp:term":[{"taxonomy":"category","embeddable":true,"href":"https:\/\/www.jan-mikulecky.cz\/index.php\/wp-json\/wp\/v2\/categories?post=1374"},{"taxonomy":"post_tag","embeddable":true,"href":"https:\/\/www.jan-mikulecky.cz\/index.php\/wp-json\/wp\/v2\/tags?post=1374"}],"curies":[{"name":"wp","href":"https:\/\/api.w.org\/{rel}","templated":true}]}}