{"id":1431,"date":"2020-12-03T20:37:54","date_gmt":"2020-12-03T20:37:54","guid":{"rendered":"http:\/\/letnanskelentilky.cz\/?p=1431"},"modified":"2020-08-27T09:07:02","modified_gmt":"2020-08-27T09:07:02","slug":"prvni-parkovaci-mista-k-dispozici","status":"publish","type":"post","link":"https:\/\/www.jan-mikulecky.cz\/index.php\/2020\/12\/03\/prvni-parkovaci-mista-k-dispozici\/","title":{"rendered":"Prvn\u00ed parkovac\u00ed m\u00edsta k dispozici"},"content":{"rendered":"<p><a href=\"http:\/\/letnanskelentilky.cz\/wp-content\/uploads\/WP_20140512_013.jpg\"><img loading=\"lazy\" class=\"alignleft size-thumbnail wp-image-1434\" alt=\"WP_20140512_013\" src=\"http:\/\/letnanskelentilky.cz\/wp-content\/uploads\/WP_20140512_013-150x150.jpg\" width=\"150\" height=\"150\"><\/a>V pond\u011bl\u00ed 12\/5 byla do p\u0159ed\u010dasn\u00e9ho u\u017e\u00edv\u00e1n\u00ed p\u0159ed\u00e1na prvn\u00ed nov\u00e1 parkovac\u00ed m\u00edsta, kter\u00e1 vznikla v r\u00e1mci Let\u0148ansk\u00fdch lentilek. P\u00e1r m\u00edst je v Jan\u010dov\u011b ulici a dal\u0161\u00ed na konci v Ivan\u010dick\u00e9. Parkov\u00e1n\u00ed bylo od za\u010d\u00e1tku zve\u0159ejn\u011bn\u00ed prvn\u00ed studie Lentilek velk\u00fdm t\u00e9matem. Zejm\u00e9na v Ivan\u010dick\u00e9 je vid\u011bt, \u017ee projektanti hledali prakticky ka\u017ed\u00fd metr, kter\u00fd by \u0161el pro auta vyu\u017e\u00edt.<!--more--><\/p>\n<p><a href=\"http:\/\/letnanskelentilky.cz\/wp-content\/uploads\/WP_20140512_013.jpg\"><img loading=\"lazy\" class=\"alignnone  wp-image-1434\" style=\"border: 0px;\" alt=\"WP_20140512_013\" src=\"http:\/\/letnanskelentilky.cz\/wp-content\/uploads\/WP_20140512_013-1024x768.jpg\" width=\"584\" height=\"438\"><\/a><\/p>\n<p>Nov\u00e1 m\u00edsta v Jan\u010dov\u011b ulici auta obsadila ihned po jejich otev\u0159en\u00ed.<\/p>\n<p><a href=\"http:\/\/letnanskelentilky.cz\/wp-content\/uploads\/WP_20140512_011.jpg\"><img loading=\"lazy\" class=\"alignnone  wp-image-1432\" style=\"border: 0px;\" alt=\"WP_20140512_011\" src=\"http:\/\/letnanskelentilky.cz\/wp-content\/uploads\/WP_20140512_011-1024x768.jpg\" width=\"584\" height=\"438\"><\/a><\/p>\n<p>Parkovac\u00ed m\u00edsta v M\u00edsteck\u00e9 budou otev\u0159ena za p\u00e1r dn\u00ed.<\/p>\n<p><a href=\"http:\/\/letnanskelentilky.cz\/wp-content\/uploads\/WP_20140512_014.jpg\"><img loading=\"lazy\" class=\"alignnone  wp-image-1435\" style=\"border: 0px;\" alt=\"WP_20140512_014\" src=\"http:\/\/letnanskelentilky.cz\/wp-content\/uploads\/WP_20140512_014-1024x768.jpg\" width=\"584\" height=\"438\"><\/a><\/p>\n","protected":false},"excerpt":{"rendered":"<p>V pond\u011bl\u00ed 12\/5 byla do p\u0159ed\u010dasn\u00e9ho u\u017e\u00edv\u00e1n\u00ed p\u0159ed\u00e1na prvn\u00ed nov\u00e1 parkovac\u00ed m\u00edsta, kter\u00e1 vznikla v r\u00e1mci Let\u0148ansk\u00fdch lentilek. P\u00e1r m\u00edst je v Jan\u010dov\u011b ulici a dal\u0161\u00ed na konci v Ivan\u010dick\u00e9. Parkov\u00e1n\u00ed bylo od za\u010d\u00e1tku zve\u0159ejn\u011bn\u00ed prvn\u00ed studie Lentilek velk\u00fdm t\u00e9matem. Zejm\u00e9na v Ivan\u010dick\u00e9 je vid\u011bt, \u017ee projektanti hledali prakticky ka\u017ed\u00fd metr, kter\u00fd by \u0161el pro &hellip; <\/p>\n<p class=\"link-more\"><a href=\"https:\/\/www.jan-mikulecky.cz\/index.php\/2020\/12\/03\/prvni-parkovaci-mista-k-dispozici\/\" class=\"more-link\">Pokra\u010dovat ve \u010dten\u00ed<span class=\"screen-reader-text\"> &#8222;Prvn\u00ed parkovac\u00ed m\u00edsta k dispozici&#8220;<\/span><\/a><\/p>\n","protected":false},"author":1,"featured_media":0,"comment_status":"closed","ping_status":"closed","sticky":false,"template":"","format":"standard","meta":[],"categories":[8,3,15,4],"tags":[],"_links":{"self":[{"href":"https:\/\/www.jan-mikulecky.cz\/index.php\/wp-json\/wp\/v2\/posts\/1431"}],"collection":[{"href":"https:\/\/www.jan-mikulecky.cz\/index.php\/wp-json\/wp\/v2\/posts"}],"about":[{"href":"https:\/\/www.jan-mikulecky.cz\/index.php\/wp-json\/wp\/v2\/types\/post"}],"author":[{"embeddable":true,"href":"https:\/\/www.jan-mikulecky.cz\/index.php\/wp-json\/wp\/v2\/users\/1"}],"replies":[{"embeddable":true,"href":"https:\/\/www.jan-mikulecky.cz\/index.php\/wp-json\/wp\/v2\/comments?post=1431"}],"version-history":[{"count":1,"href":"https:\/\/www.jan-mikulecky.cz\/index.php\/wp-json\/wp\/v2\/posts\/1431\/revisions"}],"predecessor-version":[{"id":2759,"href":"https:\/\/www.jan-mikulecky.cz\/index.php\/wp-json\/wp\/v2\/posts\/1431\/revisions\/2759"}],"wp:attachment":[{"href":"https:\/\/www.jan-mikulecky.cz\/index.php\/wp-json\/wp\/v2\/media?parent=1431"}],"wp:term":[{"taxonomy":"category","embeddable":true,"href":"https:\/\/www.jan-mikulecky.cz\/index.php\/wp-json\/wp\/v2\/categories?post=1431"},{"taxonomy":"post_tag","embeddable":true,"href":"https:\/\/www.jan-mikulecky.cz\/index.php\/wp-json\/wp\/v2\/tags?post=1431"}],"curies":[{"name":"wp","href":"https:\/\/api.w.org\/{rel}","templated":true}]}}