{"id":1454,"date":"2020-11-29T00:27:49","date_gmt":"2020-11-29T00:27:49","guid":{"rendered":"http:\/\/letnanskelentilky.cz\/?p=1454"},"modified":"2020-08-27T09:06:25","modified_gmt":"2020-08-27T09:06:25","slug":"aktualni-harmonogram-lentilek","status":"publish","type":"post","link":"https:\/\/www.jan-mikulecky.cz\/index.php\/2020\/11\/29\/aktualni-harmonogram-lentilek\/","title":{"rendered":"Aktu\u00e1ln\u00ed harmonogram Lentilek"},"content":{"rendered":"<p><a href=\"http:\/\/letnanskelentilky.cz\/wp-content\/uploads\/Harmonogram-LL-I-140531.jpg\"><img loading=\"lazy\" class=\"alignleft size-thumbnail wp-image-1448\" alt=\"Harmonogram LL I 140531\" src=\"http:\/\/letnanskelentilky.cz\/wp-content\/uploads\/Harmonogram-LL-I-140531-150x150.jpg\" width=\"150\" height=\"150\"><\/a>Let\u0148ansk\u00e9 lentilky nejsou nijak v\u00fdjime\u010dnou stavbou li\u0161\u00edc\u00ed se od ostatn\u00edch. N\u011bkter\u00e9 \u010dinnosti jdou pomaleji, jin\u00e9 rychleji. V Ivan\u010dick\u00e9 jsme objevili pod tr\u00e1vou panely. Vedle M\u00edsteck\u00e9 448, kde je ji\u017e otev\u0159en\u00e9 nov\u00e9 parkovi\u0161t\u011b, byly zase probl\u00e9my s kanalizac\u00ed. Jsou to standardn\u00ed nep\u0159edv\u00eddateln\u00e9 z\u00e1le\u017eitosti, kter\u00e9 se \u0159e\u0161\u00ed na ka\u017ed\u00e9 stavb\u011b. Aktu\u00e1ln\u00ed harmonogram platn\u00fd ke konci kv\u011btna zobraz\u00edte kliknut\u00edm na vedlej\u0161\u00ed obr\u00e1zek.<\/p>\n","protected":false},"excerpt":{"rendered":"<p>Let\u0148ansk\u00e9 lentilky nejsou nijak v\u00fdjime\u010dnou stavbou li\u0161\u00edc\u00ed se od ostatn\u00edch. N\u011bkter\u00e9 \u010dinnosti jdou pomaleji, jin\u00e9 rychleji. V Ivan\u010dick\u00e9 jsme objevili pod tr\u00e1vou panely. Vedle M\u00edsteck\u00e9 448, kde je ji\u017e otev\u0159en\u00e9 nov\u00e9 parkovi\u0161t\u011b, byly zase probl\u00e9my s kanalizac\u00ed. Jsou to standardn\u00ed nep\u0159edv\u00eddateln\u00e9 z\u00e1le\u017eitosti, kter\u00e9 se \u0159e\u0161\u00ed na ka\u017ed\u00e9 stavb\u011b. Aktu\u00e1ln\u00ed harmonogram platn\u00fd ke konci kv\u011btna zobraz\u00edte &hellip; <\/p>\n<p class=\"link-more\"><a href=\"https:\/\/www.jan-mikulecky.cz\/index.php\/2020\/11\/29\/aktualni-harmonogram-lentilek\/\" class=\"more-link\">Pokra\u010dovat ve \u010dten\u00ed<span class=\"screen-reader-text\"> &#8222;Aktu\u00e1ln\u00ed harmonogram Lentilek&#8220;<\/span><\/a><\/p>\n","protected":false},"author":1,"featured_media":0,"comment_status":"closed","ping_status":"closed","sticky":false,"template":"","format":"standard","meta":[],"categories":[8,3,14,16,12,4],"tags":[],"_links":{"self":[{"href":"https:\/\/www.jan-mikulecky.cz\/index.php\/wp-json\/wp\/v2\/posts\/1454"}],"collection":[{"href":"https:\/\/www.jan-mikulecky.cz\/index.php\/wp-json\/wp\/v2\/posts"}],"about":[{"href":"https:\/\/www.jan-mikulecky.cz\/index.php\/wp-json\/wp\/v2\/types\/post"}],"author":[{"embeddable":true,"href":"https:\/\/www.jan-mikulecky.cz\/index.php\/wp-json\/wp\/v2\/users\/1"}],"replies":[{"embeddable":true,"href":"https:\/\/www.jan-mikulecky.cz\/index.php\/wp-json\/wp\/v2\/comments?post=1454"}],"version-history":[{"count":1,"href":"https:\/\/www.jan-mikulecky.cz\/index.php\/wp-json\/wp\/v2\/posts\/1454\/revisions"}],"predecessor-version":[{"id":2757,"href":"https:\/\/www.jan-mikulecky.cz\/index.php\/wp-json\/wp\/v2\/posts\/1454\/revisions\/2757"}],"wp:attachment":[{"href":"https:\/\/www.jan-mikulecky.cz\/index.php\/wp-json\/wp\/v2\/media?parent=1454"}],"wp:term":[{"taxonomy":"category","embeddable":true,"href":"https:\/\/www.jan-mikulecky.cz\/index.php\/wp-json\/wp\/v2\/categories?post=1454"},{"taxonomy":"post_tag","embeddable":true,"href":"https:\/\/www.jan-mikulecky.cz\/index.php\/wp-json\/wp\/v2\/tags?post=1454"}],"curies":[{"name":"wp","href":"https:\/\/api.w.org\/{rel}","templated":true}]}}