{"id":1456,"date":"2020-11-27T20:34:22","date_gmt":"2020-11-27T20:34:22","guid":{"rendered":"http:\/\/letnanskelentilky.cz\/?p=1456"},"modified":"2020-08-27T09:06:05","modified_gmt":"2020-08-27T09:06:05","slug":"radni-mikulecky-deti-jezdily-po-lentilkach","status":"publish","type":"post","link":"https:\/\/www.jan-mikulecky.cz\/index.php\/2020\/11\/27\/radni-mikulecky-deti-jezdily-po-lentilkach\/","title":{"rendered":"Radn\u00ed Mikuleck\u00fd pozval d\u011bti, aby jezdily po Lentilk\u00e1ch"},"content":{"rendered":"<p><a href=\"http:\/\/letnanskelentilky.cz\/wp-content\/uploads\/WP_20140610_004.jpg\"><img loading=\"lazy\" class=\"alignleft size-thumbnail wp-image-1457\" src=\"http:\/\/letnanskelentilky.cz\/wp-content\/uploads\/WP_20140610_004-150x150.jpg\" alt=\"WP_20140610_004\" width=\"150\" height=\"150\"><\/a>Stavba Let\u0148ansk\u00fdch lentilek je v&nbsp;pln\u00e9m proudu. Zastupitel Jan Mikuleck\u00fd dohodl se spole\u010dnost\u00ed Skanska program pro d\u011bti z&nbsp;mate\u0159sk\u00e9 \u0161kolky Malkovsk\u00e9ho. V \u00fater\u00fd 10. \u010dervna se pod\u00edvaly p\u0159\u00edmo na stavbu. Spole\u010dnost Skanska pro n\u011b p\u0159ipravila den otev\u0159en\u00fdch dve\u0159\u00ed a p\u0159ed\u0161kol\u00e1ci tak m\u011bly z\u00e1bavu na cel\u00e9 dopoledne. Krom\u011b sout\u011b\u017e\u00ed, kde d\u011bti vyhr\u00e1ly plno d\u00e1rk\u016f, byl nejv\u011bt\u0161\u00ed z\u00e1jem o bagr \u010di n\u00e1kladn\u00ed Tatru. Kluci i holky se pod\u00edvali do kabiny a tak trochu si i \u201ezabagrovali\u201c. &#8222;U\u017e te\u010f se t\u011b\u0161\u00ed na to, \u017ee po pr\u00e1zdnin\u00e1ch budou m\u00edt k&nbsp;dispozici nov\u00e9 h\u0159i\u0161t\u011b a houpa\u010dky, kter\u00e9 jim Lentilky p\u0159inesou&#8220;, \u0159\u00edk\u00e1 Jan Mikuleck\u00fd, zastupitel a radn\u00ed M\u010c Praha 18.<!--more--><\/p>\n<p><a href=\"http:\/\/letnanskelentilky.cz\/wp-content\/uploads\/WP_20140610_002.jpg\"><img loading=\"lazy\" class=\"aligncenter size-full wp-image-1461\" src=\"http:\/\/letnanskelentilky.cz\/wp-content\/uploads\/WP_20140610_002.jpg\" alt=\"WP_20140610_002\" width=\"3264\" height=\"2448\"><\/a><a href=\"http:\/\/letnanskelentilky.cz\/wp-content\/uploads\/\u0161kolka6.jpg\"><img loading=\"lazy\" class=\"aligncenter size-full wp-image-1459\" src=\"http:\/\/letnanskelentilky.cz\/wp-content\/uploads\/\u0161kolka6.jpg\" alt=\"\u0161kolka6\" width=\"903\" height=\"600\"><\/a><\/p>\n<p><a href=\"http:\/\/letnanskelentilky.cz\/wp-content\/uploads\/\u0161kolka4.jpg\"><img loading=\"lazy\" class=\"aligncenter size-full wp-image-1458\" src=\"http:\/\/letnanskelentilky.cz\/wp-content\/uploads\/\u0161kolka4.jpg\" alt=\"\u0161kolka4\" width=\"903\" height=\"600\"><\/a><\/p>\n<p><a href=\"http:\/\/letnanskelentilky.cz\/wp-content\/uploads\/\u0161kolka9.jpg\"><img loading=\"lazy\" class=\"aligncenter size-full wp-image-1460\" src=\"http:\/\/letnanskelentilky.cz\/wp-content\/uploads\/\u0161kolka9.jpg\" alt=\"\u0161kolka9\" width=\"903\" height=\"600\"><\/a><\/p>\n<p>&nbsp;<\/p>\n","protected":false},"excerpt":{"rendered":"<p>Stavba Let\u0148ansk\u00fdch lentilek je v&nbsp;pln\u00e9m proudu. Zastupitel Jan Mikuleck\u00fd dohodl se spole\u010dnost\u00ed Skanska program pro d\u011bti z&nbsp;mate\u0159sk\u00e9 \u0161kolky Malkovsk\u00e9ho. V \u00fater\u00fd 10. \u010dervna se pod\u00edvaly p\u0159\u00edmo na stavbu. Spole\u010dnost Skanska pro n\u011b p\u0159ipravila den otev\u0159en\u00fdch dve\u0159\u00ed a p\u0159ed\u0161kol\u00e1ci tak m\u011bly z\u00e1bavu na cel\u00e9 dopoledne. Krom\u011b sout\u011b\u017e\u00ed, kde d\u011bti vyhr\u00e1ly plno d\u00e1rk\u016f, byl nejv\u011bt\u0161\u00ed z\u00e1jem o &hellip; <\/p>\n<p class=\"link-more\"><a href=\"https:\/\/www.jan-mikulecky.cz\/index.php\/2020\/11\/27\/radni-mikulecky-deti-jezdily-po-lentilkach\/\" class=\"more-link\">Pokra\u010dovat ve \u010dten\u00ed<span class=\"screen-reader-text\"> &#8222;Radn\u00ed Mikuleck\u00fd pozval d\u011bti, aby jezdily po Lentilk\u00e1ch&#8220;<\/span><\/a><\/p>\n","protected":false},"author":1,"featured_media":0,"comment_status":"closed","ping_status":"closed","sticky":false,"template":"","format":"standard","meta":[],"categories":[4,7,5],"tags":[],"_links":{"self":[{"href":"https:\/\/www.jan-mikulecky.cz\/index.php\/wp-json\/wp\/v2\/posts\/1456"}],"collection":[{"href":"https:\/\/www.jan-mikulecky.cz\/index.php\/wp-json\/wp\/v2\/posts"}],"about":[{"href":"https:\/\/www.jan-mikulecky.cz\/index.php\/wp-json\/wp\/v2\/types\/post"}],"author":[{"embeddable":true,"href":"https:\/\/www.jan-mikulecky.cz\/index.php\/wp-json\/wp\/v2\/users\/1"}],"replies":[{"embeddable":true,"href":"https:\/\/www.jan-mikulecky.cz\/index.php\/wp-json\/wp\/v2\/comments?post=1456"}],"version-history":[{"count":1,"href":"https:\/\/www.jan-mikulecky.cz\/index.php\/wp-json\/wp\/v2\/posts\/1456\/revisions"}],"predecessor-version":[{"id":2756,"href":"https:\/\/www.jan-mikulecky.cz\/index.php\/wp-json\/wp\/v2\/posts\/1456\/revisions\/2756"}],"wp:attachment":[{"href":"https:\/\/www.jan-mikulecky.cz\/index.php\/wp-json\/wp\/v2\/media?parent=1456"}],"wp:term":[{"taxonomy":"category","embeddable":true,"href":"https:\/\/www.jan-mikulecky.cz\/index.php\/wp-json\/wp\/v2\/categories?post=1456"},{"taxonomy":"post_tag","embeddable":true,"href":"https:\/\/www.jan-mikulecky.cz\/index.php\/wp-json\/wp\/v2\/tags?post=1456"}],"curies":[{"name":"wp","href":"https:\/\/api.w.org\/{rel}","templated":true}]}}