{"id":1479,"date":"2020-11-25T00:27:20","date_gmt":"2020-11-25T00:27:20","guid":{"rendered":"http:\/\/letnanskelentilky.cz\/?p=1479"},"modified":"2020-08-27T09:05:45","modified_gmt":"2020-08-27T09:05:45","slug":"aktualni-harmonogram-lentilek-2","status":"publish","type":"post","link":"https:\/\/www.jan-mikulecky.cz\/index.php\/2020\/11\/25\/aktualni-harmonogram-lentilek-2\/","title":{"rendered":"Aktu\u00e1ln\u00ed harmonogram Lentilek"},"content":{"rendered":"<p><a href=\"http:\/\/letnanskelentilky.cz\/wp-content\/uploads\/Harmonogram-LL-I-140705.jpg\"><img loading=\"lazy\" class=\"alignleft size-thumbnail wp-image-1488\" alt=\"Harmonogram LL I 140705\" src=\"http:\/\/letnanskelentilky.cz\/wp-content\/uploads\/Harmonogram-LL-I-140705-150x150.jpg\" width=\"150\" height=\"150\"><\/a>Let\u0148ansk\u00e9 lentilky zasahuj\u00ed do \u017eivota tis\u00edc\u016fm lid\u00ed na s\u00eddli\u0161ti a nejsou nijak v\u00fdjime\u010dnou stavbou li\u0161\u00edc\u00ed se od podobn\u00fdch staveb v obytn\u00fdch oblastech. N\u011bkter\u00e9 \u010dinnosti jdou pomaleji, jin\u00e9 rychleji. V Ivan\u010dick\u00e9 jsme objevili pod tr\u00e1vou panely. Vedle M\u00edsteck\u00e9 448, kde je ji\u017e otev\u0159en\u00e9 nov\u00e9 parkovi\u0161t\u011b, byly zase probl\u00e9my s kanalizac\u00ed. Jsou to standardn\u00ed nep\u0159edv\u00eddateln\u00e9 z\u00e1le\u017eitosti, kter\u00e9 se \u0159e\u0161\u00ed na ka\u017ed\u00e9 stavb\u011b. Situace se m\u011bn\u00ed ka\u017ed\u00fd den.&nbsp;<!--more--><\/p>\n<p>V Ivan\u010dick\u00e9 je u\u017e p\u00e1r t\u00fddn\u016f hotov\u00fd z\u00e1klad pro houpac\u00ed lentilku. Houpa\u010dky jsou u\u017e 2 m\u011bs\u00edce na sklad\u011b, ale bohu\u017eel &#8222;vybouchl&#8220; dodavatel tartanov\u00e9ho povrchu. Ale za p\u00e1r dn\u00ed u\u017e by m\u011blo zase v\u0161e pokra\u010dovat podle pl\u00e1nu.<\/p>\n<p>Jan\u010dova je tak\u00e9 kapitola sama pro sebe. Ji\u017e d\u0159\u00edve jsme ud\u011blali sondy, abychom odhadli, kolik asfaltu a betonu je t\u0159eba obrousit. Skute\u010dnost uk\u00e1zala, \u017ee bychom sondy museli d\u011blat ka\u017ed\u00fd metr, proto\u017ee socialisti\u010dt\u00ed stava\u0159i na jednom m\u00edst\u011b \u0161et\u0159ili a pak o 3 metry vedle vylili snad celou beton\u00e1rku.<\/p>\n<p>Na mnoha m\u00edstech jsou ji\u017e hotov\u00e9 nov\u00e9 chodn\u00edky. N\u011bkde u\u017e jsou p\u0159ipraven\u00e9 i povrchy pro zele\u0148 &#8211; je urovnan\u00e1 zemina. V\u00fdsev tr\u00e1vy bude prob\u00edhat pr\u016fb\u011b\u017en\u011b a s ohledem na po\u010das\u00ed sp\u00ed\u0161e a\u017e ke konci pr\u00e1zdnin. To, \u017ee tam zat\u00edm roste plevel, nevad\u00ed. P\u0159ed v\u00fdsevem bude odstran\u011bn.<\/p>\n<p>V\u00fdsadba zelen\u011b je napl\u00e1nov\u00e1na tak\u00e9 a\u017e ke konci projektu. Nebudeme p\u0159eci s\u00e1zet stromy, pokud n\u00e1m po stavb\u011b st\u00e1le jezd\u00ed t\u011b\u017ek\u00e1 technika. \u010cty\u0159i zasazen\u00e9 stromy v M\u00edsteck\u00e9 byl pokus dodavatele vnutit zele\u0148 zbylou s jin\u00e9ho projektu. Na\u0161t\u011bst\u00ed m\u00e1me velmi kvalitn\u00ed odborn\u00fd dozor na zele\u0148 a stromy samoz\u0159ejm\u011b budou vysazeny nov\u00e9.<\/p>\n<p><a href=\"http:\/\/letnanskelentilky.cz\/wp-content\/uploads\/1285_Vpr354-nabrezi-14.jpg\"><img loading=\"lazy\" alt=\"1285_Vpr354 - nabrezi 14\" src=\"http:\/\/letnanskelentilky.cz\/wp-content\/uploads\/1285_Vpr354-nabrezi-14.jpg\" width=\"620\" height=\"826\"><\/a><\/p>\n<p>Trvalkov\u00e9 z\u00e1hony, kter\u00e9 budou p\u0159ed domy v Malkovsk\u00e9ho a M\u00edsteck\u00e9 ulici maj\u00ed p\u0159ipraven\u00e9 podklady. V\u00fdsadba v\u0161ak prob\u011bhne a\u017e na konci pr\u00e1zdnin. Nyn\u00ed bychom mohli zasadit trvalky, ale cibuloviny a\u017e nebude tak teplo. Nebylo by v\u0161ak efektivn\u00ed d\u011blat plot kolem, kter\u00fd by n\u00e1slednou v\u00fdsadbu cibulovin zt\u011b\u017eoval. Bez plotu by zase trvalky podlehly n\u00e1jezdu na\u0161ich ps\u00edch mazl\u00ed\u010dk\u016f.&nbsp;Ud\u011bl\u00e1me tedy v\u0161e najednou v srpnu-z\u00e1\u0159\u00ed.<\/p>\n<p>Stavba jede p\u0159es pr\u00e1zdniny na pln\u00e9 obr\u00e1tky. Prvn\u00ed&nbsp;lentilky by m\u011blly d\u011bti dostat b\u011bhem pr\u00e1zdnin. Jan\u010dova bude zav\u0159ena je\u0161t\u011b ke konci \u010dervence a pak se otev\u0159e s des\u00edtkami nov\u00fdch parkov\u00edch m\u00edst a\u017e po Ku\u017eelovu. POZOR! Parkovi\u0161t\u011b v M\u00edsteck\u00e9 bude zav\u0159eno od 20. \u010dervence. P\u0159eparkujte pros\u00edm sv\u00e1 auta je\u0161t\u011b, ne\u017e odjedete na dovolenou.<\/p>\n<p style=\"text-align: center;\"><a href=\"http:\/\/letnanskelentilky.cz\/wp-content\/uploads\/ParkovisteMisteskaZavreno.png\"><img loading=\"lazy\" alt=\"ParkovisteMisteskaZavreno\" src=\"http:\/\/letnanskelentilky.cz\/wp-content\/uploads\/ParkovisteMisteskaZavreno.png\" width=\"481\" height=\"297\"><\/a><\/p>\n<p>Lentilky jsou velmi rozs\u00e1hl\u00e1 stavba a d\u00edky tomu, \u017ee prob\u00edh\u00e1 na cel\u00e9m s\u00eddli\u0161ti, dot\u00fdk\u00e1 se n\u00e1s v\u0161ech.&nbsp;Skanska dod\u00e1v\u00e1 projekt jako jeden celek, fin\u00e1ln\u00ed term\u00edn je a\u017e na podzim. D\u00edl\u010d\u00ed v\u00fd\u0161e uv\u00e1d\u011bn\u00e9 term\u00edny je nutn\u00e9 br\u00e1t pouze jako informativn\u00ed, proto\u017ee jsou velmi z\u00e1visl\u00e9 na aktu\u00e1ln\u00ed situaci na stavb\u011b. A ta se m\u011bn\u00ed ka\u017ed\u00fd den. Sou\u010dasn\u00e1 stavba je z\u00e1t\u011b\u017e pro n\u00e1s v\u0161echny, co na s\u00eddli\u0161ti bydl\u00edme. Posledn\u00edch 20 let s\u00eddli\u0161t\u011b jen st\u00e1rlo a ch\u00e1tralo, nyn\u00ed z n\u011bj d\u011bl\u00e1me modern\u00ed m\u00edsto k \u017eivotu. Do podzimu to pros\u00edm vydr\u017eme. D\u00edky moc.<\/p>\n","protected":false},"excerpt":{"rendered":"<p>Let\u0148ansk\u00e9 lentilky zasahuj\u00ed do \u017eivota tis\u00edc\u016fm lid\u00ed na s\u00eddli\u0161ti a nejsou nijak v\u00fdjime\u010dnou stavbou li\u0161\u00edc\u00ed se od podobn\u00fdch staveb v obytn\u00fdch oblastech. N\u011bkter\u00e9 \u010dinnosti jdou pomaleji, jin\u00e9 rychleji. V Ivan\u010dick\u00e9 jsme objevili pod tr\u00e1vou panely. Vedle M\u00edsteck\u00e9 448, kde je ji\u017e otev\u0159en\u00e9 nov\u00e9 parkovi\u0161t\u011b, byly zase probl\u00e9my s kanalizac\u00ed. Jsou to standardn\u00ed nep\u0159edv\u00eddateln\u00e9 z\u00e1le\u017eitosti, kter\u00e9 &hellip; <\/p>\n<p class=\"link-more\"><a href=\"https:\/\/www.jan-mikulecky.cz\/index.php\/2020\/11\/25\/aktualni-harmonogram-lentilek-2\/\" class=\"more-link\">Pokra\u010dovat ve \u010dten\u00ed<span class=\"screen-reader-text\"> &#8222;Aktu\u00e1ln\u00ed harmonogram Lentilek&#8220;<\/span><\/a><\/p>\n","protected":false},"author":1,"featured_media":0,"comment_status":"closed","ping_status":"closed","sticky":false,"template":"","format":"standard","meta":[],"categories":[8,3,14,16,12,4],"tags":[],"_links":{"self":[{"href":"https:\/\/www.jan-mikulecky.cz\/index.php\/wp-json\/wp\/v2\/posts\/1479"}],"collection":[{"href":"https:\/\/www.jan-mikulecky.cz\/index.php\/wp-json\/wp\/v2\/posts"}],"about":[{"href":"https:\/\/www.jan-mikulecky.cz\/index.php\/wp-json\/wp\/v2\/types\/post"}],"author":[{"embeddable":true,"href":"https:\/\/www.jan-mikulecky.cz\/index.php\/wp-json\/wp\/v2\/users\/1"}],"replies":[{"embeddable":true,"href":"https:\/\/www.jan-mikulecky.cz\/index.php\/wp-json\/wp\/v2\/comments?post=1479"}],"version-history":[{"count":1,"href":"https:\/\/www.jan-mikulecky.cz\/index.php\/wp-json\/wp\/v2\/posts\/1479\/revisions"}],"predecessor-version":[{"id":2755,"href":"https:\/\/www.jan-mikulecky.cz\/index.php\/wp-json\/wp\/v2\/posts\/1479\/revisions\/2755"}],"wp:attachment":[{"href":"https:\/\/www.jan-mikulecky.cz\/index.php\/wp-json\/wp\/v2\/media?parent=1479"}],"wp:term":[{"taxonomy":"category","embeddable":true,"href":"https:\/\/www.jan-mikulecky.cz\/index.php\/wp-json\/wp\/v2\/categories?post=1479"},{"taxonomy":"post_tag","embeddable":true,"href":"https:\/\/www.jan-mikulecky.cz\/index.php\/wp-json\/wp\/v2\/tags?post=1479"}],"curies":[{"name":"wp","href":"https:\/\/api.w.org\/{rel}","templated":true}]}}