{"id":1494,"date":"2020-11-21T22:49:58","date_gmt":"2020-11-21T22:49:58","guid":{"rendered":"http:\/\/letnanskelentilky.cz\/?p=1494"},"modified":"2020-08-27T09:05:04","modified_gmt":"2020-08-27T09:05:04","slug":"parkoviste-mistecka-a-kuzelova-ulice-budou-od-217-uzavreny","status":"publish","type":"post","link":"https:\/\/www.jan-mikulecky.cz\/index.php\/2020\/11\/21\/parkoviste-mistecka-a-kuzelova-ulice-budou-od-217-uzavreny\/","title":{"rendered":"Parkovi\u0161t\u011b M\u00edsteck\u00e1 a Ku\u017eelova ulice budou od 21\/7 uzav\u0159eny"},"content":{"rendered":"<p>Parkovi\u0161t\u011b p\u0159ed M\u00edsteckou 567 &#8211; 569 bude od 21\/7 uzav\u0159eno. Cel\u00e1 k\u0159i\u017eovatka M\u00edsteck\u00e1 x Jan\u010dova x Jablunkovsk\u00e1 bude n\u011bkolik t\u00fddn\u016f nepr\u016fjezdn\u00e1. P\u0159ed uzav\u0159en\u00edm cel\u00e9 oblasti bude otev\u0159ena Jan\u010dova ulice s des\u00edtkami nov\u00fdch parkovac\u00edch m\u00edst. \u0158idi\u010di tak mohou p\u0159eparkovat sv\u00e1 auta na nov\u011b vytvo\u0159en\u00e1 m\u00edsta.<\/p>\n<p>Od 21\/7 bude uzav\u0159ena tak\u00e9 Ku\u017eelova ulice. Vjezd bude povolen pouze stavebn\u00edm stroj\u016fm a aut\u016fm dodavatele stavby. Omlouv\u00e1me se \u0159idi\u010d\u016fm za omezen\u00ed dopravy.<\/p>\n","protected":false},"excerpt":{"rendered":"<p>Parkovi\u0161t\u011b p\u0159ed M\u00edsteckou 567 &#8211; 569 bude od 21\/7 uzav\u0159eno. Cel\u00e1 k\u0159i\u017eovatka M\u00edsteck\u00e1 x Jan\u010dova x Jablunkovsk\u00e1 bude n\u011bkolik t\u00fddn\u016f nepr\u016fjezdn\u00e1. P\u0159ed uzav\u0159en\u00edm cel\u00e9 oblasti bude otev\u0159ena Jan\u010dova ulice s des\u00edtkami nov\u00fdch parkovac\u00edch m\u00edst. \u0158idi\u010di tak mohou p\u0159eparkovat sv\u00e1 auta na nov\u011b vytvo\u0159en\u00e1 m\u00edsta. Od 21\/7 bude uzav\u0159ena tak\u00e9 Ku\u017eelova ulice. Vjezd bude povolen pouze &hellip; <\/p>\n<p class=\"link-more\"><a href=\"https:\/\/www.jan-mikulecky.cz\/index.php\/2020\/11\/21\/parkoviste-mistecka-a-kuzelova-ulice-budou-od-217-uzavreny\/\" class=\"more-link\">Pokra\u010dovat ve \u010dten\u00ed<span class=\"screen-reader-text\"> &#8222;Parkovi\u0161t\u011b M\u00edsteck\u00e1 a Ku\u017eelova ulice budou od 21\/7 uzav\u0159eny&#8220;<\/span><\/a><\/p>\n","protected":false},"author":1,"featured_media":0,"comment_status":"closed","ping_status":"closed","sticky":false,"template":"","format":"standard","meta":[],"categories":[3,14,12,15,4],"tags":[],"_links":{"self":[{"href":"https:\/\/www.jan-mikulecky.cz\/index.php\/wp-json\/wp\/v2\/posts\/1494"}],"collection":[{"href":"https:\/\/www.jan-mikulecky.cz\/index.php\/wp-json\/wp\/v2\/posts"}],"about":[{"href":"https:\/\/www.jan-mikulecky.cz\/index.php\/wp-json\/wp\/v2\/types\/post"}],"author":[{"embeddable":true,"href":"https:\/\/www.jan-mikulecky.cz\/index.php\/wp-json\/wp\/v2\/users\/1"}],"replies":[{"embeddable":true,"href":"https:\/\/www.jan-mikulecky.cz\/index.php\/wp-json\/wp\/v2\/comments?post=1494"}],"version-history":[{"count":1,"href":"https:\/\/www.jan-mikulecky.cz\/index.php\/wp-json\/wp\/v2\/posts\/1494\/revisions"}],"predecessor-version":[{"id":2753,"href":"https:\/\/www.jan-mikulecky.cz\/index.php\/wp-json\/wp\/v2\/posts\/1494\/revisions\/2753"}],"wp:attachment":[{"href":"https:\/\/www.jan-mikulecky.cz\/index.php\/wp-json\/wp\/v2\/media?parent=1494"}],"wp:term":[{"taxonomy":"category","embeddable":true,"href":"https:\/\/www.jan-mikulecky.cz\/index.php\/wp-json\/wp\/v2\/categories?post=1494"},{"taxonomy":"post_tag","embeddable":true,"href":"https:\/\/www.jan-mikulecky.cz\/index.php\/wp-json\/wp\/v2\/tags?post=1494"}],"curies":[{"name":"wp","href":"https:\/\/api.w.org\/{rel}","templated":true}]}}