{"id":1496,"date":"2020-11-23T08:16:06","date_gmt":"2020-11-23T08:16:06","guid":{"rendered":"http:\/\/letnanskelentilky.cz\/?p=1496"},"modified":"2020-08-27T09:05:24","modified_gmt":"2020-08-27T09:05:24","slug":"jancova-bude-po-vikendu-otevrena","status":"publish","type":"post","link":"https:\/\/www.jan-mikulecky.cz\/index.php\/2020\/11\/23\/jancova-bude-po-vikendu-otevrena\/","title":{"rendered":"Jan\u010dova bude po v\u00edkendu otev\u0159ena"},"content":{"rendered":"<p><a href=\"http:\/\/letnanskelentilky.cz\/wp-content\/uploads\/WP_20140716_005.jpg\"><img loading=\"lazy\" class=\"alignleft size-thumbnail wp-image-1497\" src=\"http:\/\/letnanskelentilky.cz\/wp-content\/uploads\/WP_20140716_005-150x150.jpg\" alt=\"WP_20140716_005\" width=\"150\" height=\"150\"><\/a>Od p\u0159\u00ed\u0161t\u00edho budou moci \u0159idi\u010di vyu\u017e\u00edvat des\u00edtky nov\u00fdch parkovac\u00edch m\u00edst. Jan\u010dova ulice dostala nov\u00fdch povrch a kolm\u00e1 parkovac\u00ed m\u00edsta budou po obou stran\u00e1ch. V r\u00e1mci projektu Lentilek byly zachov\u00e1ny i p\u016fvodn\u00ed borovice, pro kter\u00e9 byla p\u0159i v\u00fdstavb\u011b <a title=\"Perspektivn\u00ed borovice v ulici Jan\u010dova\" href=\"http:\/\/letnanskelentilky.cz\/perspektivni-borovice-v-ulici-jancova\/\" target=\"_blank\" rel=\"noopener noreferrer\">realizov\u00e1na speci\u00e1ln\u00ed ochrann\u00e1 protioprat\u0159en\u00ed<\/a>. Jan\u010dova bude zat\u00edm pr\u016fjezdn\u00e1 po Ku\u017eelovu ulici, kompletn\u011b otev\u0159ena a\u017e do Ivan\u010dick\u00e9 bude v \u0159\u00edjnu.<\/p>\n","protected":false},"excerpt":{"rendered":"<p>Od p\u0159\u00ed\u0161t\u00edho budou moci \u0159idi\u010di vyu\u017e\u00edvat des\u00edtky nov\u00fdch parkovac\u00edch m\u00edst. Jan\u010dova ulice dostala nov\u00fdch povrch a kolm\u00e1 parkovac\u00ed m\u00edsta budou po obou stran\u00e1ch. V r\u00e1mci projektu Lentilek byly zachov\u00e1ny i p\u016fvodn\u00ed borovice, pro kter\u00e9 byla p\u0159i v\u00fdstavb\u011b realizov\u00e1na speci\u00e1ln\u00ed ochrann\u00e1 protioprat\u0159en\u00ed. Jan\u010dova bude zat\u00edm pr\u016fjezdn\u00e1 po Ku\u017eelovu ulici, kompletn\u011b otev\u0159ena a\u017e do Ivan\u010dick\u00e9 bude v &hellip; <\/p>\n<p class=\"link-more\"><a href=\"https:\/\/www.jan-mikulecky.cz\/index.php\/2020\/11\/23\/jancova-bude-po-vikendu-otevrena\/\" class=\"more-link\">Pokra\u010dovat ve \u010dten\u00ed<span class=\"screen-reader-text\"> &#8222;Jan\u010dova bude po v\u00edkendu otev\u0159ena&#8220;<\/span><\/a><\/p>\n","protected":false},"author":1,"featured_media":0,"comment_status":"closed","ping_status":"closed","sticky":false,"template":"","format":"standard","meta":[],"categories":[3,15,4],"tags":[],"_links":{"self":[{"href":"https:\/\/www.jan-mikulecky.cz\/index.php\/wp-json\/wp\/v2\/posts\/1496"}],"collection":[{"href":"https:\/\/www.jan-mikulecky.cz\/index.php\/wp-json\/wp\/v2\/posts"}],"about":[{"href":"https:\/\/www.jan-mikulecky.cz\/index.php\/wp-json\/wp\/v2\/types\/post"}],"author":[{"embeddable":true,"href":"https:\/\/www.jan-mikulecky.cz\/index.php\/wp-json\/wp\/v2\/users\/1"}],"replies":[{"embeddable":true,"href":"https:\/\/www.jan-mikulecky.cz\/index.php\/wp-json\/wp\/v2\/comments?post=1496"}],"version-history":[{"count":1,"href":"https:\/\/www.jan-mikulecky.cz\/index.php\/wp-json\/wp\/v2\/posts\/1496\/revisions"}],"predecessor-version":[{"id":2754,"href":"https:\/\/www.jan-mikulecky.cz\/index.php\/wp-json\/wp\/v2\/posts\/1496\/revisions\/2754"}],"wp:attachment":[{"href":"https:\/\/www.jan-mikulecky.cz\/index.php\/wp-json\/wp\/v2\/media?parent=1496"}],"wp:term":[{"taxonomy":"category","embeddable":true,"href":"https:\/\/www.jan-mikulecky.cz\/index.php\/wp-json\/wp\/v2\/categories?post=1496"},{"taxonomy":"post_tag","embeddable":true,"href":"https:\/\/www.jan-mikulecky.cz\/index.php\/wp-json\/wp\/v2\/tags?post=1496"}],"curies":[{"name":"wp","href":"https:\/\/api.w.org\/{rel}","templated":true}]}}