{"id":1501,"date":"2020-11-19T22:08:56","date_gmt":"2020-11-19T22:08:56","guid":{"rendered":"http:\/\/letnanskelentilky.cz\/?p=1501"},"modified":"2020-08-27T09:04:45","modified_gmt":"2020-08-27T09:04:45","slug":"vice-parkovani-v-jancove","status":"publish","type":"post","link":"https:\/\/www.jan-mikulecky.cz\/index.php\/2020\/11\/19\/vice-parkovani-v-jancove\/","title":{"rendered":"V\u00edce parkov\u00e1n\u00ed v Jan\u010dov\u011b"},"content":{"rendered":"<p><span style=\"color: #373737;\"><a href=\"http:\/\/letnanskelentilky.cz\/wp-content\/uploads\/WP_20140720_013.jpg\"><img loading=\"lazy\" class=\"alignleft size-thumbnail wp-image-1505\" src=\"http:\/\/letnanskelentilky.cz\/wp-content\/uploads\/WP_20140720_013-150x150.jpg\" alt=\"WP_20140720_013\" width=\"150\" height=\"150\"><\/a>Od 21\/7 je otev\u0159ena prvn\u00ed nov\u00e1 \u010d\u00e1st Jan\u010dovy ulice. Des\u00edtky nov\u00fdch parkovac\u00edch m\u00edst mohli \u0159idi\u010di zaplnit ji\u017e v\u00edkend p\u0159ed otev\u0159en\u00edm.&nbsp;<\/span><span style=\"color: #373737;\">Jan\u010dova ulice dostala nov\u00fdch povrch a kolm\u00e1 parkovac\u00ed m\u00edsta jsou&nbsp;po obou stran\u00e1ch. V r\u00e1mci projektu Lentilek byly zachov\u00e1ny i p\u016fvodn\u00ed borovice, pro kter\u00e9 byla p\u0159i v\u00fdstavb\u011b&nbsp;<\/span><a style=\"color: #1982d1;\" title=\"Perspektivn\u00ed borovice v ulici Jan\u010dova\" href=\"http:\/\/letnanskelentilky.cz\/perspektivni-borovice-v-ulici-jancova\/\" target=\"_blank\" rel=\"noopener noreferrer\">realizov\u00e1na speci\u00e1ln\u00ed ochrann\u00e1 protioprat\u0159en\u00ed<\/a><span style=\"color: #373737;\">. Vjezd do ulice bude v n\u00e1sleduj\u00edc\u00edch t\u00fddnech pouze z M\u00edsteck\u00e9.&nbsp;Kompletn\u011b si \u0159idi\u010di&nbsp;Jan\u010dovu u\u017eij\u00ed od \u0159\u00edjna.<\/span><!--more--><\/p>\n<p><a href=\"http:\/\/letnanskelentilky.cz\/wp-content\/uploads\/WP_20140720_010.jpg\"><img loading=\"lazy\" class=\"aligncenter size-large wp-image-1507\" src=\"http:\/\/letnanskelentilky.cz\/wp-content\/uploads\/WP_20140720_010-1024x768.jpg\" alt=\"WP_20140720_010\" width=\"584\" height=\"438\"><\/a><\/p>\n","protected":false},"excerpt":{"rendered":"<p>Od 21\/7 je otev\u0159ena prvn\u00ed nov\u00e1 \u010d\u00e1st Jan\u010dovy ulice. Des\u00edtky nov\u00fdch parkovac\u00edch m\u00edst mohli \u0159idi\u010di zaplnit ji\u017e v\u00edkend p\u0159ed otev\u0159en\u00edm.&nbsp;Jan\u010dova ulice dostala nov\u00fdch povrch a kolm\u00e1 parkovac\u00ed m\u00edsta jsou&nbsp;po obou stran\u00e1ch. V r\u00e1mci projektu Lentilek byly zachov\u00e1ny i p\u016fvodn\u00ed borovice, pro kter\u00e9 byla p\u0159i v\u00fdstavb\u011b&nbsp;realizov\u00e1na speci\u00e1ln\u00ed ochrann\u00e1 protioprat\u0159en\u00ed. Vjezd do ulice bude v n\u00e1sleduj\u00edc\u00edch t\u00fddnech &hellip; <\/p>\n<p class=\"link-more\"><a href=\"https:\/\/www.jan-mikulecky.cz\/index.php\/2020\/11\/19\/vice-parkovani-v-jancove\/\" class=\"more-link\">Pokra\u010dovat ve \u010dten\u00ed<span class=\"screen-reader-text\"> &#8222;V\u00edce parkov\u00e1n\u00ed v Jan\u010dov\u011b&#8220;<\/span><\/a><\/p>\n","protected":false},"author":1,"featured_media":0,"comment_status":"closed","ping_status":"closed","sticky":false,"template":"","format":"standard","meta":[],"categories":[3,15,4],"tags":[],"_links":{"self":[{"href":"https:\/\/www.jan-mikulecky.cz\/index.php\/wp-json\/wp\/v2\/posts\/1501"}],"collection":[{"href":"https:\/\/www.jan-mikulecky.cz\/index.php\/wp-json\/wp\/v2\/posts"}],"about":[{"href":"https:\/\/www.jan-mikulecky.cz\/index.php\/wp-json\/wp\/v2\/types\/post"}],"author":[{"embeddable":true,"href":"https:\/\/www.jan-mikulecky.cz\/index.php\/wp-json\/wp\/v2\/users\/1"}],"replies":[{"embeddable":true,"href":"https:\/\/www.jan-mikulecky.cz\/index.php\/wp-json\/wp\/v2\/comments?post=1501"}],"version-history":[{"count":1,"href":"https:\/\/www.jan-mikulecky.cz\/index.php\/wp-json\/wp\/v2\/posts\/1501\/revisions"}],"predecessor-version":[{"id":2752,"href":"https:\/\/www.jan-mikulecky.cz\/index.php\/wp-json\/wp\/v2\/posts\/1501\/revisions\/2752"}],"wp:attachment":[{"href":"https:\/\/www.jan-mikulecky.cz\/index.php\/wp-json\/wp\/v2\/media?parent=1501"}],"wp:term":[{"taxonomy":"category","embeddable":true,"href":"https:\/\/www.jan-mikulecky.cz\/index.php\/wp-json\/wp\/v2\/categories?post=1501"},{"taxonomy":"post_tag","embeddable":true,"href":"https:\/\/www.jan-mikulecky.cz\/index.php\/wp-json\/wp\/v2\/tags?post=1501"}],"curies":[{"name":"wp","href":"https:\/\/api.w.org\/{rel}","templated":true}]}}