{"id":1572,"date":"2020-11-09T06:27:55","date_gmt":"2020-11-09T06:27:55","guid":{"rendered":"http:\/\/letnanskelentilky.cz\/?p=1572"},"modified":"2020-08-27T09:03:02","modified_gmt":"2020-08-27T09:03:02","slug":"kdy-si-znicime-lentilky","status":"publish","type":"post","link":"https:\/\/www.jan-mikulecky.cz\/index.php\/2020\/11\/09\/kdy-si-znicime-lentilky\/","title":{"rendered":"Kdy si zni\u010d\u00edme Lentilky?"},"content":{"rendered":"<p><a href=\"http:\/\/letnanskelentilky.cz\/wp-content\/uploads\/WP_20140808_008.jpg\"><img loading=\"lazy\" class=\"alignleft size-thumbnail wp-image-1532\" src=\"http:\/\/letnanskelentilky.cz\/wp-content\/uploads\/WP_20140808_008-150x150.jpg\" alt=\"WP_20140808_008\" width=\"150\" height=\"150\"><\/a>Lentilky se postupn\u011b dokon\u010duj\u00ed \u2013 na za\u010d\u00e1tku srpna byla <a title=\"Trvalo to dlouho, ale houpac\u00ed lentilka je tu!\" href=\"http:\/\/letnanskelentilky.cz\/trvalo-to-dlouho-ale-houpaci-lentilka-je-tu\/\">otev\u0159ena houpac\u00ed lentilka<\/a> a dal\u0161\u00ed p\u0159ibydou v dohledn\u00e9 dob\u011b. Lentilky zpravidla nahradily stovky metr\u016f \u010dtvere\u010dn\u00edch star\u00fdch asfaltov\u00fdch h\u0159i\u0161\u0165 a betonov\u00fdch p\u00edskovi\u0161\u0165. Na s\u00eddli\u0161ti tak postupn\u011b vznikaj\u00ed nov\u00e9 prvky, kter\u00e9 zde do t\u00e9to chv\u00edle nebyly. Nov\u00e1 h\u0159i\u0161t\u011b, houpa\u010dky, skluzavky a posilovac\u00ed stroje budou samoz\u0159ejm\u011b l\u00e1kat i vandaly. Jak dlouho n\u00e1m vydr\u017e\u00ed?<!--more--><\/p>\n<p>V\u0161echny prvky na lentilk\u00e1ch budou za\u0159azeny do m\u011bstsk\u00e9ho mobili\u00e1\u0159e. Budou proch\u00e1zet pravideln\u00fdmi vizu\u00e1ln\u00edmi kontrolami (cca 2x m\u011bs\u00ed\u010dn\u011b) a revizemi p\u0159esn\u011b podle z\u00e1ru\u010dn\u00edch a legislativn\u00edch po\u017eadavk\u016f. Dobr\u00fdm p\u0159\u00edkladem, jak se Let\u0148any um\u00ed starat o sv\u016fj majetek, je vnitroblok Chlebovick\u00e1. Zde je n\u011bkolik d\u011btsk\u00fdch h\u0159i\u0161\u0165 a zele\u0148, kter\u00e9 5 let od v\u00fdstavby vypadaj\u00ed na v\u00fdbornou. V\u00fdhodou samoz\u0159ejm\u011b je, \u017ee se jedn\u00e1 o ucelen\u00fd are\u00e1l, kter\u00fd m\u00e1 vlastn\u00edho spr\u00e1vce.<\/p>\n<p><a href=\"http:\/\/letnanskelentilky.cz\/wp-content\/uploads\/WP_20140806_005.jpg\"><img loading=\"lazy\" class=\"aligncenter size-large wp-image-1579\" src=\"http:\/\/letnanskelentilky.cz\/wp-content\/uploads\/WP_20140806_005-1024x768.jpg\" alt=\"WP_20140806_005\" width=\"584\" height=\"438\"><\/a><\/p>\n<p>Lentilky jsou trochu jin\u00fd p\u0159\u00edpad. Jsou rozprost\u0159en\u00e9 po cel\u00e9m s\u00eddli\u0161ti a netvo\u0159\u00ed jeden soudr\u017en\u00fd celek. P\u00e9\u010de jim v\u0161ak bude v\u011bnov\u00e1na stejn\u00e1, jako jin\u00fdm prvk\u016fm m\u011bstsk\u00e9ho mobili\u00e1\u0159e, p\u0159esn\u011b v souladu s <a href=\"http:\/\/csnonlinefirmy.unmz.cz\/html_nahledy\/94\/82620\/82620_nahled.htm\" target=\"_blank\" rel=\"noopener noreferrer\">normou \u010cSN EN 1176-7<\/a>. Standardn\u00ed dohled budou na sv\u00fdch poch\u016fzk\u00e1ch prov\u00e1d\u011bt m\u011bst\u0161t\u00ed str\u00e1\u017en\u00edci. V r\u00e1mci projektu bude&nbsp;tak\u00e9 instalov\u00e1n kamerov\u00fd syst\u00e9m. Je to zat\u00edm prvn\u00ed realizace v Let\u0148anech a doufejme, \u017ee v n\u00e1sleduj\u00edc\u00edch letech budou kamery roz\u0161\u00ed\u0159eny i do dal\u0161\u00edch ulic.<\/p>\n<p>Samostatnou ot\u00e1zkou je oplocen\u00ed lentilek. Pyramida a sportovn\u00ed h\u0159i\u0161t\u011b plot maj\u00ed. Lentilka pro nejmen\u0161\u00ed, kter\u00e1 je v Malkovsk\u00e9ho, v\u00edcem\u00e9n\u011b tak\u00e9. Plot ned\u00e1v\u00e1 smysl u font\u00e1ny a posezen\u00ed na mal\u00e9m n\u00e1m\u011bst\u00ed. Posilovnu a houpac\u00ed lentilku jsme v\u0161ak nechali bez plotu. Dlouho jsme s projektanty a architekty diskutovali, zda plot ano \u010di ne, a pokud ano, tak jak\u00fd\u2026 Osobn\u011b nejsem p\u0159\u00edznivcem \u017e\u00e1dn\u00fdch hranic, omezen\u00ed a pevn\u00fdch plot\u016f, kter\u00e9 maj\u00ed jedin\u00fd \u00fa\u010del \u2013 \u201en\u00e1siln\u011b\u201c omezit p\u0159\u00edstup n\u011bkoho n\u011bkam.<\/p>\n<p><a href=\"http:\/\/letnanskelentilky.cz\/wp-content\/uploads\/GirlFence.jpg\"><img loading=\"lazy\" class=\"aligncenter size-full wp-image-1580\" src=\"http:\/\/letnanskelentilky.cz\/wp-content\/uploads\/GirlFence.jpg\" alt=\"GirlFence\" width=\"340\" height=\"229\"><\/a><\/p>\n<p>Mo\u017en\u00e1 je m\u00e1 p\u0159edstava naivn\u00ed, ale v\u011b\u0159\u00edm, \u017ee ka\u017ed\u00fd by m\u011bl v\u011bd\u011bt, jak se m\u00e1 na r\u016fzn\u00fdch m\u00edstech chovat. Ka\u017ed\u00fd \u010dlov\u011bk by si m\u011bl s\u00e1m uv\u011bdomit, \u017ee na d\u011btsk\u00e9m h\u0159i\u0161ti se nepije alkohol, nerozb\u00edj\u00ed fla\u0161ky, nek\u00e1l\u00ed a neni\u010d\u00ed se tam madla k houpa\u010dk\u00e1m. Ka\u017ed\u00fd pejska\u0159 by m\u011bl p\u0159eci pochopit, \u017ee <a title=\"Ps\u00ed z\u00e1chody. Dobr\u00fd n\u00e1pad?\" href=\"http:\/\/letnanskelentilky.cz\/psi-zachody-dobry-napad\/\">nesm\u00ed nechat mo\u010dit sv\u00e9ho mil\u00e1\u010dka <\/a>tam, kde si hraj\u00ed d\u011bti. Spr\u00e1vn\u00fd p\u00e1n by m\u011bl ok\u0159iknout sv\u00e9ho psa \u010di fenku, aby ned\u011blali pot\u0159ebu na p\u00edskovi\u0161ti.<\/p>\n<p><a href=\"http:\/\/letnanskelentilky.cz\/wp-content\/uploads\/DogOrder.jpg\"><img loading=\"lazy\" class=\"aligncenter size-medium wp-image-1582\" src=\"http:\/\/letnanskelentilky.cz\/wp-content\/uploads\/DogOrder-200x300.jpg\" alt=\"DogOrder\" width=\"200\" height=\"300\"><\/a><\/p>\n<p>Ne-plot u houpa\u010dek a posilovny berme jako takov\u00fd test, zda se um\u00edme p\u0159irozen\u011b a spr\u00e1vn\u011b chovat ke sv\u00e9mu okol\u00ed. Berme to jako zkou\u0161ku, \u017ee nepot\u0159ebujeme ploty, \u0159\u00e1dy, z\u00e1kony a policii k tomu, abychom po sob\u011b uklidili nepo\u0159\u00e1dek nebo je\u0161t\u011b l\u00e9pe ho v\u016fbec ned\u011blali. Postavit p\u0159\u00ed\u0161t\u00ed rok mal\u00fd plot kolem houpa\u010dek je jednoduch\u00e1 z\u00e1le\u017eitost. V\u011b\u0159\u00edm v\u0161ak na\u0161im&nbsp;soused\u016fm ze s\u00eddli\u0161t\u011b, \u017ee to nebude t\u0159eba.<\/p>\n","protected":false},"excerpt":{"rendered":"<p>Lentilky se postupn\u011b dokon\u010duj\u00ed \u2013 na za\u010d\u00e1tku srpna byla otev\u0159ena houpac\u00ed lentilka a dal\u0161\u00ed p\u0159ibydou v dohledn\u00e9 dob\u011b. Lentilky zpravidla nahradily stovky metr\u016f \u010dtvere\u010dn\u00edch star\u00fdch asfaltov\u00fdch h\u0159i\u0161\u0165 a betonov\u00fdch p\u00edskovi\u0161\u0165. Na s\u00eddli\u0161ti tak postupn\u011b vznikaj\u00ed nov\u00e9 prvky, kter\u00e9 zde do t\u00e9to chv\u00edle nebyly. Nov\u00e1 h\u0159i\u0161t\u011b, houpa\u010dky, skluzavky a posilovac\u00ed stroje budou samoz\u0159ejm\u011b l\u00e1kat i vandaly. &hellip; <\/p>\n<p class=\"link-more\"><a href=\"https:\/\/www.jan-mikulecky.cz\/index.php\/2020\/11\/09\/kdy-si-znicime-lentilky\/\" class=\"more-link\">Pokra\u010dovat ve \u010dten\u00ed<span class=\"screen-reader-text\"> &#8222;Kdy si zni\u010d\u00edme Lentilky?&#8220;<\/span><\/a><\/p>\n","protected":false},"author":1,"featured_media":0,"comment_status":"closed","ping_status":"closed","sticky":false,"template":"","format":"standard","meta":[],"categories":[11,5],"tags":[],"_links":{"self":[{"href":"https:\/\/www.jan-mikulecky.cz\/index.php\/wp-json\/wp\/v2\/posts\/1572"}],"collection":[{"href":"https:\/\/www.jan-mikulecky.cz\/index.php\/wp-json\/wp\/v2\/posts"}],"about":[{"href":"https:\/\/www.jan-mikulecky.cz\/index.php\/wp-json\/wp\/v2\/types\/post"}],"author":[{"embeddable":true,"href":"https:\/\/www.jan-mikulecky.cz\/index.php\/wp-json\/wp\/v2\/users\/1"}],"replies":[{"embeddable":true,"href":"https:\/\/www.jan-mikulecky.cz\/index.php\/wp-json\/wp\/v2\/comments?post=1572"}],"version-history":[{"count":1,"href":"https:\/\/www.jan-mikulecky.cz\/index.php\/wp-json\/wp\/v2\/posts\/1572\/revisions"}],"predecessor-version":[{"id":2747,"href":"https:\/\/www.jan-mikulecky.cz\/index.php\/wp-json\/wp\/v2\/posts\/1572\/revisions\/2747"}],"wp:attachment":[{"href":"https:\/\/www.jan-mikulecky.cz\/index.php\/wp-json\/wp\/v2\/media?parent=1572"}],"wp:term":[{"taxonomy":"category","embeddable":true,"href":"https:\/\/www.jan-mikulecky.cz\/index.php\/wp-json\/wp\/v2\/categories?post=1572"},{"taxonomy":"post_tag","embeddable":true,"href":"https:\/\/www.jan-mikulecky.cz\/index.php\/wp-json\/wp\/v2\/tags?post=1572"}],"curies":[{"name":"wp","href":"https:\/\/api.w.org\/{rel}","templated":true}]}}