{"id":1649,"date":"2020-10-30T08:30:53","date_gmt":"2020-10-30T08:30:53","guid":{"rendered":"http:\/\/letnanskelentilky.cz\/?p=1649"},"modified":"2020-08-27T09:00:37","modified_gmt":"2020-08-27T09:00:37","slug":"volna-mista-v-materskych-skolkach","status":"publish","type":"post","link":"https:\/\/www.jan-mikulecky.cz\/index.php\/2020\/10\/30\/volna-mista-v-materskych-skolkach\/","title":{"rendered":"Voln\u00e1 m\u00edsta v mate\u0159sk\u00fdch \u0161kolk\u00e1ch"},"content":{"rendered":"<p><a href=\"http:\/\/letnanskelentilky.cz\/wp-content\/uploads\/Skolky06-14.png\"><img loading=\"lazy\" class=\"alignleft size-thumbnail wp-image-1651\" src=\"http:\/\/letnanskelentilky.cz\/wp-content\/uploads\/Skolky06-14-150x150.png\" alt=\"Skolky06-14\" width=\"150\" height=\"150\"><\/a>I p\u0159esto, \u017ee je tento web v\u011bnov\u00e1n projektu Let\u0148ansk\u00e9 lentilky, tak si dovol\u00edme informovat i touto cestou rodi\u010de a stavu napln\u011bnosti mate\u0159sk\u00fdch \u0161kol. Nejen, \u017ee se poda\u0159ilo um\u00edstit v\u0161echny let\u0148ansk\u00e9 d\u011bti od 3 let do \u0161kolek, ale st\u00e1le zb\u00fdvaj\u00ed voln\u00e1 m\u00edsta ve \u0161kolce Beranov\u00fdch. Podm\u00ednky jsou jednoduch\u00e9: min. 3 roky a trval\u00e9 bydli\u0161t\u011b v Let\u0148anech. V\u00edce informac\u00ed z\u00edsk\u00e1te p\u0159\u00edmo ve \u0161kolce nebo na \u0161kolsk\u00e9m odboru na radnici. Posp\u011b\u0161te si.<!--more--><\/p>\n<p><a href=\"http:\/\/letnanskelentilky.cz\/wp-content\/uploads\/Skolky06-14.png\"><img loading=\"lazy\" class=\"aligncenter size-full wp-image-1651\" src=\"http:\/\/letnanskelentilky.cz\/wp-content\/uploads\/Skolky06-14.png\" alt=\"Skolky06-14\" width=\"521\" height=\"304\"><\/a><\/p>\n","protected":false},"excerpt":{"rendered":"<p>I p\u0159esto, \u017ee je tento web v\u011bnov\u00e1n projektu Let\u0148ansk\u00e9 lentilky, tak si dovol\u00edme informovat i touto cestou rodi\u010de a stavu napln\u011bnosti mate\u0159sk\u00fdch \u0161kol. Nejen, \u017ee se poda\u0159ilo um\u00edstit v\u0161echny let\u0148ansk\u00e9 d\u011bti od 3 let do \u0161kolek, ale st\u00e1le zb\u00fdvaj\u00ed voln\u00e1 m\u00edsta ve \u0161kolce Beranov\u00fdch. Podm\u00ednky jsou jednoduch\u00e9: min. 3 roky a trval\u00e9 bydli\u0161t\u011b v Let\u0148anech. &hellip; <\/p>\n<p class=\"link-more\"><a href=\"https:\/\/www.jan-mikulecky.cz\/index.php\/2020\/10\/30\/volna-mista-v-materskych-skolkach\/\" class=\"more-link\">Pokra\u010dovat ve \u010dten\u00ed<span class=\"screen-reader-text\"> &#8222;Voln\u00e1 m\u00edsta v mate\u0159sk\u00fdch \u0161kolk\u00e1ch&#8220;<\/span><\/a><\/p>\n","protected":false},"author":1,"featured_media":0,"comment_status":"closed","ping_status":"closed","sticky":false,"template":"","format":"standard","meta":[],"categories":[5],"tags":[],"_links":{"self":[{"href":"https:\/\/www.jan-mikulecky.cz\/index.php\/wp-json\/wp\/v2\/posts\/1649"}],"collection":[{"href":"https:\/\/www.jan-mikulecky.cz\/index.php\/wp-json\/wp\/v2\/posts"}],"about":[{"href":"https:\/\/www.jan-mikulecky.cz\/index.php\/wp-json\/wp\/v2\/types\/post"}],"author":[{"embeddable":true,"href":"https:\/\/www.jan-mikulecky.cz\/index.php\/wp-json\/wp\/v2\/users\/1"}],"replies":[{"embeddable":true,"href":"https:\/\/www.jan-mikulecky.cz\/index.php\/wp-json\/wp\/v2\/comments?post=1649"}],"version-history":[{"count":1,"href":"https:\/\/www.jan-mikulecky.cz\/index.php\/wp-json\/wp\/v2\/posts\/1649\/revisions"}],"predecessor-version":[{"id":2742,"href":"https:\/\/www.jan-mikulecky.cz\/index.php\/wp-json\/wp\/v2\/posts\/1649\/revisions\/2742"}],"wp:attachment":[{"href":"https:\/\/www.jan-mikulecky.cz\/index.php\/wp-json\/wp\/v2\/media?parent=1649"}],"wp:term":[{"taxonomy":"category","embeddable":true,"href":"https:\/\/www.jan-mikulecky.cz\/index.php\/wp-json\/wp\/v2\/categories?post=1649"},{"taxonomy":"post_tag","embeddable":true,"href":"https:\/\/www.jan-mikulecky.cz\/index.php\/wp-json\/wp\/v2\/tags?post=1649"}],"curies":[{"name":"wp","href":"https:\/\/api.w.org\/{rel}","templated":true}]}}