{"id":1660,"date":"2020-10-28T10:03:05","date_gmt":"2020-10-28T10:03:05","guid":{"rendered":"http:\/\/letnanskelentilky.cz\/?p=1660"},"modified":"2020-08-27T09:00:14","modified_gmt":"2020-08-27T09:00:14","slug":"lentilkove-otazky-a-odpovedi","status":"publish","type":"post","link":"https:\/\/www.jan-mikulecky.cz\/index.php\/2020\/10\/28\/lentilkove-otazky-a-odpovedi\/","title":{"rendered":"Lentilkov\u00e9 ot\u00e1zky a odpov\u011bdi"},"content":{"rendered":"<p><a href=\"http:\/\/letnanskelentilky.cz\/wp-content\/uploads\/Fand\u00edme-modr\u00e1.png\"><img loading=\"lazy\" class=\"alignleft size-thumbnail wp-image-1178\" src=\"http:\/\/letnanskelentilky.cz\/wp-content\/uploads\/Fand\u00edme-modr\u00e1-150x150.png\" alt=\"Fand\u00edme modr\u00e1\" width=\"150\" height=\"150\"><\/a>Lentilky jsou t\u00e9m\u011b\u0159 u konce. \u0158e\u0161\u00edme drobn\u00e9 dod\u011bl\u00e1vky, z\u00e1vady a nedostatky. Jedin\u00e1 v\u011bt\u0161\u00ed nehotov\u00e1 v\u011bc je tartan na oran\u017eov\u00e9 lentilce. Ji\u017e 2 m\u011bs\u00edce \u010dek\u00e1me, a\u017e v\u00fdrobce p\u0159enastav\u00ed linku na speci\u00e1ln\u00ed oran\u017eovou barvu. Proces dokon\u010dov\u00e1n\u00ed potrv\u00e1 je\u0161t\u011b n\u011bkolik t\u00fddn\u016f, nicm\u00e9n\u011b ty nejv\u011bt\u0161\u00ed stavebn\u00ed pr\u00e1ce jsou za n\u00e1mi. V posledn\u00edch dnech jsme&nbsp;odpov\u00eddali na \u0159adu obecn\u00fdch dotaz\u016f, kter\u00e9 jist\u011b budou zaj\u00edmat i V\u00e1s. Krom\u011b koment\u00e1\u0159\u016f pod jednotliv\u00fdmi \u010dl\u00e1nky, se m\u016f\u017eete&nbsp;pt\u00e1t&nbsp;pomoc\u00ed formul\u00e1\u0159e n\u00ed\u017ee, po\u0161lete <a href=\"mailto:Mikulecky@letnany.cz\" target=\"_blank\" rel=\"noopener noreferrer\">email <\/a>nebo <a title=\"Kontakt\" href=\"http:\/\/letnanskelentilky.cz\/kontakt\/\" target=\"_blank\" rel=\"noopener noreferrer\">zavolejte<\/a>. Ot\u00e1zky a odpov\u011bdi jsou na <a title=\"Q&amp;A\" href=\"http:\/\/letnanskelentilky.cz\/otazky-a-odpovedi\/\" target=\"_blank\" rel=\"noopener noreferrer\">samostatn\u00e9 str\u00e1nce Q&amp;A<\/a>.<\/p>\n","protected":false},"excerpt":{"rendered":"<p>Lentilky jsou t\u00e9m\u011b\u0159 u konce. \u0158e\u0161\u00edme drobn\u00e9 dod\u011bl\u00e1vky, z\u00e1vady a nedostatky. Jedin\u00e1 v\u011bt\u0161\u00ed nehotov\u00e1 v\u011bc je tartan na oran\u017eov\u00e9 lentilce. Ji\u017e 2 m\u011bs\u00edce \u010dek\u00e1me, a\u017e v\u00fdrobce p\u0159enastav\u00ed linku na speci\u00e1ln\u00ed oran\u017eovou barvu. Proces dokon\u010dov\u00e1n\u00ed potrv\u00e1 je\u0161t\u011b n\u011bkolik t\u00fddn\u016f, nicm\u00e9n\u011b ty nejv\u011bt\u0161\u00ed stavebn\u00ed pr\u00e1ce jsou za n\u00e1mi. V posledn\u00edch dnech jsme&nbsp;odpov\u00eddali na \u0159adu obecn\u00fdch dotaz\u016f, kter\u00e9 &hellip; <\/p>\n<p class=\"link-more\"><a href=\"https:\/\/www.jan-mikulecky.cz\/index.php\/2020\/10\/28\/lentilkove-otazky-a-odpovedi\/\" class=\"more-link\">Pokra\u010dovat ve \u010dten\u00ed<span class=\"screen-reader-text\"> &#8222;Lentilkov\u00e9 ot\u00e1zky a odpov\u011bdi&#8220;<\/span><\/a><\/p>\n","protected":false},"author":1,"featured_media":0,"comment_status":"closed","ping_status":"closed","sticky":false,"template":"","format":"standard","meta":[],"categories":[5],"tags":[],"_links":{"self":[{"href":"https:\/\/www.jan-mikulecky.cz\/index.php\/wp-json\/wp\/v2\/posts\/1660"}],"collection":[{"href":"https:\/\/www.jan-mikulecky.cz\/index.php\/wp-json\/wp\/v2\/posts"}],"about":[{"href":"https:\/\/www.jan-mikulecky.cz\/index.php\/wp-json\/wp\/v2\/types\/post"}],"author":[{"embeddable":true,"href":"https:\/\/www.jan-mikulecky.cz\/index.php\/wp-json\/wp\/v2\/users\/1"}],"replies":[{"embeddable":true,"href":"https:\/\/www.jan-mikulecky.cz\/index.php\/wp-json\/wp\/v2\/comments?post=1660"}],"version-history":[{"count":1,"href":"https:\/\/www.jan-mikulecky.cz\/index.php\/wp-json\/wp\/v2\/posts\/1660\/revisions"}],"predecessor-version":[{"id":2741,"href":"https:\/\/www.jan-mikulecky.cz\/index.php\/wp-json\/wp\/v2\/posts\/1660\/revisions\/2741"}],"wp:attachment":[{"href":"https:\/\/www.jan-mikulecky.cz\/index.php\/wp-json\/wp\/v2\/media?parent=1660"}],"wp:term":[{"taxonomy":"category","embeddable":true,"href":"https:\/\/www.jan-mikulecky.cz\/index.php\/wp-json\/wp\/v2\/categories?post=1660"},{"taxonomy":"post_tag","embeddable":true,"href":"https:\/\/www.jan-mikulecky.cz\/index.php\/wp-json\/wp\/v2\/tags?post=1660"}],"curies":[{"name":"wp","href":"https:\/\/api.w.org\/{rel}","templated":true}]}}