{"id":1666,"date":"2020-08-31T10:22:42","date_gmt":"2020-08-31T10:22:42","guid":{"rendered":"http:\/\/letnanskelentilky.cz\/?p=1666"},"modified":"2020-08-27T08:50:47","modified_gmt":"2020-08-27T08:50:47","slug":"jan-mikulecky-letnany-zastupitel-budeme-si-vazit-lentilkove-zelene","status":"publish","type":"post","link":"https:\/\/www.jan-mikulecky.cz\/index.php\/2020\/08\/31\/jan-mikulecky-letnany-zastupitel-budeme-si-vazit-lentilkove-zelene\/","title":{"rendered":"Budeme si v\u00e1\u017eit lentilkov\u00e9 zelen\u011b?"},"content":{"rendered":"<p><a href=\"http:\/\/letnanskelentilky.cz\/wp-content\/uploads\/10685538_739710326101607_8906152291668637253_n.jpg\"><img loading=\"lazy\" class=\"alignleft size-thumbnail wp-image-1670\" src=\"http:\/\/letnanskelentilky.cz\/wp-content\/uploads\/10685538_739710326101607_8906152291668637253_n-150x150.jpg\" alt=\"10685538_739710326101607_8906152291668637253_n\" width=\"150\" height=\"150\"><\/a>Prvn\u00ed f\u00e1ze revitalizace s\u00eddli\u0161t\u011b je v&nbsp;c\u00edlov\u00e9 rovince a j\u00e1 bych si z&nbsp;pozice technick\u00e9ho dozoru pro zele\u0148 dovolila mal\u00e9 zamy\u0161len\u00ed. Jako ka\u017ed\u00e1 zm\u011bna ve\u0159ejn\u00e9ho prostoru i tato byla prov\u00e1zena mno\u017estv\u00edm polemik, boj\u016f o ka\u017ed\u00fd kousek zelen\u011b, konfrontace n\u00e1zor\u016f ob\u010dan\u016f, kte\u0159\u00ed zde \u017eij\u00ed, s n\u00e1zory architekt\u016f, stavba\u0159\u016f, zahradn\u00edk\u016f a arborist\u016f. Internet a soci\u00e1ln\u00ed s\u00edt\u011b dnes umo\u017e\u0148uj\u00ed vyj\u00e1d\u0159it ka\u017ed\u00e9mu sv\u016fj n\u00e1zor nejen k&nbsp;celkov\u00e9 koncepci projektu, ale i doslova ke ka\u017ed\u00e9mu stromu, lavi\u010dce \u010di odpadkov\u00e9mu ko\u0161i.<!--more--><\/p>\n<p>Napsala jsem nad r\u00e1mec projektov\u00e9 dokumentace mnoho zd\u016fvodn\u011bn\u00ed a odborn\u00fdch posudk\u016f o tom, \u017ee zm\u011bny v&nbsp;zeleni realizovan\u00e9 v&nbsp;r\u00e1mci Lentilek jsou zm\u011bny k&nbsp;lep\u0161\u00edmu, a i kdy\u017e to tak dnes nemus\u00ed vypadat, \u010dasem zcela jist\u011b daj\u00ed lid\u00e9 ze s\u00eddli\u0161t\u011b rozhodnut\u00edm sv\u00fdch zastupitel\u016f zapravdu.<\/p>\n<p>S&nbsp;mnoh\u00fdmi z&nbsp;V\u00e1s jsem se setkala osobn\u011b, s&nbsp;n\u011bkter\u00fdmi jsme do\u0161li ke kompromisn\u00edmu \u0159e\u0161en\u00ed, podle n\u011bkter\u00fdch Va\u0161ich p\u0159\u00e1n\u00ed a po\u017eadavk\u016f se projekt celkov\u011b upravil. Na n\u011bkolika m\u00e1lo m\u00edstech v\u0161ak nebylo mo\u017en\u00e9 po odborn\u00e9 str\u00e1nce individu\u00e1ln\u00edm n\u00e1zor\u016fm vyhov\u011bt, aby byla zachov\u00e1na celkov\u00e1 koncepce. D\u00edky tomuto velk\u00e9mu z\u00e1jmu ze strany let\u0148ansk\u00e9 ve\u0159ejnosti jsem nabyla dojmu, \u017ee se lid\u00e9 v&nbsp;t\u00e9to \u010dtvrti o sv\u016fj neju\u017e\u0161\u00ed \u017eivotn\u00ed prostor opravdu zaj\u00edmaj\u00ed a \u017ee jim na n\u011bm opravdu z\u00e1le\u017e\u00ed.<\/p>\n<p><a href=\"http:\/\/letnanskelentilky.cz\/wp-content\/uploads\/Cigarety.png\"><img loading=\"lazy\" class=\"aligncenter size-medium wp-image-1671\" src=\"http:\/\/letnanskelentilky.cz\/wp-content\/uploads\/Cigarety-300x183.png\" alt=\"Cigarety\" width=\"300\" height=\"183\"><\/a><\/p>\n<p>\u010cas, kter\u00fd odborn\u00edci m\u011bli na vytvo\u0159en\u00ed funguj\u00edc\u00edho kompozi\u010dn\u011b pln\u011b hodnotn\u00e9ho prostoru, je pomalu u konce a nyn\u00ed nast\u00e1v\u00e1 doba, kdy z\u00e1le\u017e\u00ed jen na n\u00e1s, jak\u00fd ten prostor, ve kter\u00e9m budeme \u017e\u00edt, opravdu bude. Jestli jsme ochotni ob\u011btovat trochu sv\u00e9ho pohodl\u00ed a zaparkovat sv\u016fj v\u016fz tak, aby nezasahoval do nov\u011b zalo\u017een\u00fdch z\u00e1hon\u016f, jestli dok\u00e1\u017eeme neh\u00e1zet nedopalky od cigaret do nov\u011b zalo\u017een\u00fdch trvalkov\u00fdch v\u00fdsadeb, jestli dok\u00e1\u017eeme dodr\u017eovat z\u00e1kladn\u00ed hygienick\u00e9 n\u00e1vyky pr\u016fm\u011brn\u00e9ho Evropana dvac\u00e1t\u00e9ho prvn\u00edho stolet\u00ed a nenech\u00e1vat ps\u00ed exkrementy kdekoliv ve ve\u0159ejn\u00e9m prostoru.<\/p>\n<p><a href=\"http:\/\/letnanskelentilky.cz\/wp-content\/uploads\/479700_739192432820063_4577212798095112867_n.jpg\"><img loading=\"lazy\" class=\"aligncenter size-full wp-image-1669\" src=\"http:\/\/letnanskelentilky.cz\/wp-content\/uploads\/479700_739192432820063_4577212798095112867_n.jpg\" alt=\"479700_739192432820063_4577212798095112867_n\" width=\"526\" height=\"295\"><\/a><\/p>\n<p>Pokud n\u00e1\u0161 z\u00e1jem o v\u0161e, co se d\u011bje za dve\u0159mi na\u0161eho bytu, kon\u010d\u00ed u kl\u00e1vesnice po\u010d\u00edta\u010de, na kter\u00e9m sice um\u00edme formulovat sv\u00e9 n\u00e1zory a po\u017eadavky, ale u\u017e nejsme ochotni nebo schopni sami nic ud\u011blat, nebude ve\u0159ejn\u00fd prostor nikdy fungovat. Nebudeme m\u00edt kolem n\u00e1s m\u00edsto, kde je mo\u017en\u00e9 relaxovat, kde se chceme potk\u00e1vat a na kter\u00fd se chceme r\u00e1di d\u00edvat z&nbsp;oken na\u0161ich byt\u016f.<\/p>\n<p>Pevn\u011b v\u011b\u0159\u00edm, \u017ee takov\u00fdch asoci\u00e1ln\u00edch lid\u00ed \u017eije na s\u00eddli\u0161ti men\u0161ina a \u017ee snaha o vytvo\u0159en\u00ed a udr\u017een\u00ed n\u011b\u010deho hezk\u00e9ho v&nbsp;okol\u00ed dom\u016f a byt\u016f mezi lidmi p\u0159evl\u00e1d\u00e1. P\u0159eji V\u00e1m, aby l\u00e9to 2014 bylo n\u00e1ro\u010dn\u00fdm za\u010d\u00e1tkem hezk\u00e9 f\u00e1ze \u017eivota na s\u00eddli\u0161ti, kter\u00e9 jste si pro sv\u016fj \u017eivot vybrali.<\/p>\n<p style=\"text-align: right;\">Mark\u00e9ta Svobodov\u00e1, zelen\u00fd dozor na Lentilk\u00e1ch<\/p>\n","protected":false},"excerpt":{"rendered":"<p>Prvn\u00ed f\u00e1ze revitalizace s\u00eddli\u0161t\u011b je v&nbsp;c\u00edlov\u00e9 rovince a j\u00e1 bych si z&nbsp;pozice technick\u00e9ho dozoru pro zele\u0148 dovolila mal\u00e9 zamy\u0161len\u00ed. Jako ka\u017ed\u00e1 zm\u011bna ve\u0159ejn\u00e9ho prostoru i tato byla prov\u00e1zena mno\u017estv\u00edm polemik, boj\u016f o ka\u017ed\u00fd kousek zelen\u011b, konfrontace n\u00e1zor\u016f ob\u010dan\u016f, kte\u0159\u00ed zde \u017eij\u00ed, s n\u00e1zory architekt\u016f, stavba\u0159\u016f, zahradn\u00edk\u016f a arborist\u016f. Internet a soci\u00e1ln\u00ed s\u00edt\u011b dnes umo\u017e\u0148uj\u00ed vyj\u00e1d\u0159it &hellip; <\/p>\n<p class=\"link-more\"><a href=\"https:\/\/www.jan-mikulecky.cz\/index.php\/2020\/08\/31\/jan-mikulecky-letnany-zastupitel-budeme-si-vazit-lentilkove-zelene\/\" class=\"more-link\">Pokra\u010dovat ve \u010dten\u00ed<span class=\"screen-reader-text\"> &#8222;Budeme si v\u00e1\u017eit lentilkov\u00e9 zelen\u011b?&#8220;<\/span><\/a><\/p>\n","protected":false},"author":1,"featured_media":0,"comment_status":"closed","ping_status":"closed","sticky":false,"template":"","format":"standard","meta":[],"categories":[2,3,4,5],"tags":[],"_links":{"self":[{"href":"https:\/\/www.jan-mikulecky.cz\/index.php\/wp-json\/wp\/v2\/posts\/1666"}],"collection":[{"href":"https:\/\/www.jan-mikulecky.cz\/index.php\/wp-json\/wp\/v2\/posts"}],"about":[{"href":"https:\/\/www.jan-mikulecky.cz\/index.php\/wp-json\/wp\/v2\/types\/post"}],"author":[{"embeddable":true,"href":"https:\/\/www.jan-mikulecky.cz\/index.php\/wp-json\/wp\/v2\/users\/1"}],"replies":[{"embeddable":true,"href":"https:\/\/www.jan-mikulecky.cz\/index.php\/wp-json\/wp\/v2\/comments?post=1666"}],"version-history":[{"count":1,"href":"https:\/\/www.jan-mikulecky.cz\/index.php\/wp-json\/wp\/v2\/posts\/1666\/revisions"}],"predecessor-version":[{"id":2712,"href":"https:\/\/www.jan-mikulecky.cz\/index.php\/wp-json\/wp\/v2\/posts\/1666\/revisions\/2712"}],"wp:attachment":[{"href":"https:\/\/www.jan-mikulecky.cz\/index.php\/wp-json\/wp\/v2\/media?parent=1666"}],"wp:term":[{"taxonomy":"category","embeddable":true,"href":"https:\/\/www.jan-mikulecky.cz\/index.php\/wp-json\/wp\/v2\/categories?post=1666"},{"taxonomy":"post_tag","embeddable":true,"href":"https:\/\/www.jan-mikulecky.cz\/index.php\/wp-json\/wp\/v2\/tags?post=1666"}],"curies":[{"name":"wp","href":"https:\/\/api.w.org\/{rel}","templated":true}]}}