{"id":1673,"date":"2020-10-24T11:44:35","date_gmt":"2020-10-24T11:44:35","guid":{"rendered":"http:\/\/letnanskelentilky.cz\/?p=1673"},"modified":"2020-08-27T08:59:08","modified_gmt":"2020-08-27T08:59:08","slug":"letnanske-lentilky-zmenily-sidliste","status":"publish","type":"post","link":"https:\/\/www.jan-mikulecky.cz\/index.php\/2020\/10\/24\/letnanske-lentilky-zmenily-sidliste\/","title":{"rendered":"Let\u0148ansk\u00e9 lentilky zm\u011bnily s\u00eddli\u0161t\u011b"},"content":{"rendered":"<p><a href=\"http:\/\/letnanskelentilky.cz\/wp-content\/uploads\/WP_20140921_006.jpg\"><img loading=\"lazy\" class=\"alignleft size-thumbnail wp-image-1647\" src=\"http:\/\/letnanskelentilky.cz\/wp-content\/uploads\/WP_20140921_006-150x150.jpg\" alt=\"WP_20140921_006\" width=\"150\" height=\"150\"><\/a>Z\u00e1klad projektu Let\u0148ansk\u00fdch lentilek byl polo\u017een na konci roku 2010, kdy architekti dostali prvn\u00ed zad\u00e1n\u00ed na revitalizaci star\u00e9ho pra\u017esk\u00e9ho s\u00eddli\u0161t\u011b. Projekt Let\u0148ansk\u00e9 lentilky ne\u0159e\u0161\u00ed rekonstrukci panelov\u00fdch dom\u016f, ale kompletn\u00ed regeneraci vnitroblokov\u00fdch pozemk\u016f, vytvo\u0159en\u00ed ploch pro voln\u00fd \u010das a vy\u0159e\u0161en\u00ed nedostatku parkov\u00e1n\u00ed. Koncept \u0159e\u0161en\u00ed ve\u0159ejn\u00e9ho prostoru je inspirov\u00e1n lentilkami, kter\u00e9 symbolizuj\u00ed hravost, barevnost, z\u00e1bavu, dobrodru\u017estv\u00ed, aktivitu a z\u00e1rove\u0148 jsou jasn\u011b identifikovateln\u00e9. P\u0159edstavuj\u00ed p\u0159esn\u011b to, co Let\u0148any na star\u00e9m s\u00eddli\u0161ti&nbsp;postr\u00e1daly. Lentilky reprezentuj\u00ed jednotliv\u00e9 plochy s konkr\u00e9tn\u00edm vyu\u017eit\u00edm pro spole\u010densk\u00fd \u017eivot, relaxaci, sport a hru.<!--more--><\/p>\n<p>Na Lentilky je nutn\u00e9 se d\u00edvat jako na komplexn\u00ed zm\u011bnu 30 let star\u00e9ho s\u00eddli\u0161t\u011b. Mlad\u00e9 rodiny cht\u011bj\u00ed d\u011btsk\u00e1 h\u0159i\u0161t\u011b, \u0159idi\u010di parkovi\u0161t\u011b a star\u0161\u00ed lid\u00e9 odpo\u010dinkov\u00e9 a tich\u00e9 plochy se zelen\u00ed. Ten, kdo by o\u010dek\u00e1val, \u017ee s projektem budou v\u0161ichni souhlasit na 100%, by nebyl realista. Jednotn\u00fd p\u0159\u00edstup a shoda byly v\u0161ak existen\u010dn\u00edm parametrem cel\u00e9ho projektu. Bez kompromisu od v\u0161ech z\u00fa\u010dastn\u011bn\u00fdch by nemohly b\u00fdt Lentilky nikdy realizov\u00e1ny.<\/p>\n<p><a href=\"http:\/\/letnanskelentilky.cz\/wp-content\/uploads\/WP_20140930_003.jpg\"><img loading=\"lazy\" class=\"aligncenter size-large wp-image-1677\" src=\"http:\/\/letnanskelentilky.cz\/wp-content\/uploads\/WP_20140930_003-1024x576.jpg\" alt=\"WP_20140930_003\" width=\"584\" height=\"328\"><\/a><\/p>\n<p>Projekt Let\u0148ansk\u00fdch lentilek p\u0159\u00edmo zasahuje do \u017eivota t\u00e9m\u011b\u0159 3500 lid\u00ed. Let\u0148any nejsou nijak odli\u0161n\u00e9 od jin\u00fdch m\u011bstsk\u00fdch \u010dtvrt\u00ed, a tak snad nikoho nep\u0159ekvap\u00ed, \u017ee kolem projektu vzniklo obrovsk\u00e9 mno\u017estv\u00ed f\u00e1m. Nicm\u00e9n\u011b nikdy v&nbsp;historii Let\u0148an nebyl projekt tak ve\u0159ejn\u00fd, transparentn\u00ed a otev\u0159en\u00fd v\u0161em n\u00e1zor\u016fm, podle kter\u00fdch byl v&nbsp;mnoha p\u0159\u00edpadech upraven.<\/p>\n<p>Ob\u010dan\u00e9 se mohli z\u00fa\u010dastnit jedn\u00e1n\u00ed komise pro regeneraci s\u00eddli\u0161t\u011b a \u017eivotn\u00ed prost\u0159ed\u00ed. Ke zv\u00fd\u0161en\u00e9 informovanosti p\u0159isp\u011bly pravideln\u00e9 \u010dl\u00e1nky na webu projektu. V&nbsp;otev\u0159en\u00e9 diskusi byly zodpov\u011bzeny v\u0161echny ot\u00e1zky. Lentilky tak nejsou d\u00edlem jen architekt\u016f a jednoho radn\u00edho, ale jsou v\u00fdsledkem pr\u00e1ce lid\u00ed z&nbsp;cel\u00e9ho s\u00eddli\u0161t\u011b. Pr\u00e1v\u011b oni sv\u00fdmi koment\u00e1\u0159i, ot\u00e1zkami a n\u00e1pady pomohli z&nbsp;Lentilek ud\u011blat skute\u010dnou zm\u011bnu s\u00eddli\u0161t\u011b, na kterou m\u016f\u017eeme b\u00fdt v\u0161ichni hrd\u00ed.<\/p>\n<p><a href=\"http:\/\/letnanskelentilky.cz\/wp-content\/uploads\/WP_20140921_006.jpg\"><img loading=\"lazy\" class=\"aligncenter size-large wp-image-1647\" src=\"http:\/\/letnanskelentilky.cz\/wp-content\/uploads\/WP_20140921_006-1024x576.jpg\" alt=\"WP_20140921_006\" width=\"584\" height=\"328\"><\/a><\/p>\n<p>To, \u017ee Lentilky jsou t\u00fdmov\u00fd projekt, uk\u00e1zala i jednotnost obecn\u00edho zastupitelstva. Jednozna\u010dn\u00e1 a&nbsp;drtiv\u00e1 podpora p\u0159i schvalov\u00e1n\u00ed i velmi nepopul\u00e1rn\u00edch v\u00edceprac\u00ed &#8211; 16 zastupitel\u016f z&nbsp;18 bylo PRO &#8211; je jasn\u00fdm d\u016fkazem, \u017ee projekt revitalizace s\u00eddli\u0161t\u011b byl kvalitn\u011b p\u0159ipraven a spr\u00e1vn\u011b realizov\u00e1n. Od za\u010d\u00e1tku projektu platilo z\u00e1kladn\u00ed heslo: lid\u00e9 by si m\u011bli o sv\u00e9m okol\u00ed rozhodovat sami \u2013 samospr\u00e1va tu je pouze jako prost\u0159edek k&nbsp;proveden\u00ed zm\u011bn. Jin\u00fdmi slovy: lid\u00e9 si ur\u010duj\u00ed vzhled sv\u00e9ho okol\u00ed, lid\u00e9 z radnice tu jsou proto, aby p\u0159ipravili projekt, pro\u0161li v\u0161emi \u0159\u00edzen\u00edmi, z\u00edskali dotace a pr\u00e1ce provedli.<\/p>\n<p>S\u00eddli\u0161t\u011b je nyn\u00ed jako nov\u00e9. D\u011bti dostaly 3 nov\u00e1 h\u0159i\u0161t\u011b a obnovenou pyramidu. Dosp\u011bl\u00ed mohou posilovat v&nbsp;Ku\u017eelov\u011b ulici a ti star\u0161\u00ed si mohou posed\u011bt na nov\u00e9m n\u00e1m\u011bst\u00ed\u010dku nebo u \u0161ach\u016f. V\u0161ichni budou m\u00edt ur\u010dit\u011b radost z&nbsp;nov\u00e9 font\u00e1ny u \u017dabky a samoz\u0159ejm\u011b z&nbsp;nov\u00e9 zelen\u011b. P\u0159es 1200 nov\u00fdch ke\u0159\u016f a t\u00e9m\u011b\u0159 100 strom\u016f z\u00e1sadn\u011b o\u017eiv\u00ed tuto \u010d\u00e1st Let\u0148an. V\u0161echny tr\u00e1vn\u00edky jsou nov\u00e9 a trvalkov\u00e9 z\u00e1honky v&nbsp;Malkovsk\u00e9ho a M\u00edsteck\u00e9 budou na ja\u0159e \u00fa\u017easn\u011b barevn\u00e9.<\/p>\n<p><a href=\"http:\/\/letnanskelentilky.cz\/wp-content\/uploads\/WP_20140720_013.jpg\"><img loading=\"lazy\" class=\"aligncenter size-large wp-image-1505\" src=\"http:\/\/letnanskelentilky.cz\/wp-content\/uploads\/WP_20140720_013-1024x768.jpg\" alt=\"WP_20140720_013\" width=\"584\" height=\"438\"><\/a><\/p>\n<p>Parkov\u00e1n\u00ed bylo nejv\u011bt\u0161\u00ed t\u00e9ma od prvn\u00ed ve\u0159ejn\u00e9 prezentace. Pozitivn\u00ed bilance v&nbsp;parkovac\u00edch m\u00edstech byla jednozna\u010dnou podm\u00ednkou pro z\u00edsk\u00e1n\u00ed stavebn\u00edho povolen\u00ed. Zru\u0161en\u00e1 m\u00edsta v&nbsp;Ku\u017eelov\u011b ulici jsou ve v\u011bt\u0161\u00edm po\u010dtu nahrazena v&nbsp;Ivan\u010dick\u00e9 nebo Jan\u010dov\u011b. Parkovi\u0161t\u011b v&nbsp;M\u00edsteck\u00e9 se tak\u00e9 rozrostlo, jen v&nbsp;Malkovsk\u00e9ho p\u00e1r m\u00edst ubylo kv\u016fli roz\u0161\u00ed\u0159en\u00ed zelen\u011b a sportovn\u00edmu h\u0159i\u0161ti. V&nbsp;p\u0159\u00ed\u0161t\u00edch letech je v\u0161ak pl\u00e1nov\u00e1na rekonstrukce Bahoku (drobn\u00e9 provozovny), jej\u00ed\u017e sou\u010d\u00e1st\u00ed je tak\u00e9 v\u00fdstavba neplacen\u00fdch parkovac\u00edch m\u00edst.<\/p>\n<p>Lentilky p\u0159inesly na s\u00eddli\u0161t\u011b tak\u00e9 vy\u0161\u0161\u00ed \u00farove\u0148 bezpe\u010dnosti. Hern\u00ed prvky na d\u011btsk\u00fdch h\u0159i\u0161t\u00edch jsou certifikovan\u00e9, dopadov\u00e9 plochy a uspo\u0159\u00e1d\u00e1n\u00ed h\u0159i\u0161\u0165 odpov\u00edd\u00e1 platn\u00fd norm\u00e1m, tak se minimalizovaly p\u0159\u00edpadn\u00e9 \u00farazy a nehody. Z&nbsp;dopravn\u00edho pohledu budou ulice ozna\u010deny jako Z\u00d3NA 30, kde je maxim\u00e1ln\u00ed povolen\u00e1 rychlost 30 km\/h a chodci maj\u00ed v\u017edy p\u0159ednost p\u0159ed auty. Nov\u00fd kamerov\u00fd syst\u00e9m bude cel\u00fd den kontrolovat, zda se na s\u00eddli\u0161ti ned\u011bje n\u011bco nekal\u00e9ho. C\u00edlem do budoucna je z\u0159\u00eddit p\u0159\u00edmo v&nbsp;Lentilk\u00e1ch slu\u017eebnu m\u011bstsk\u00e9 policie, co\u017e by se mohlo poda\u0159it v&nbsp;r\u00e1mci ji\u017e zm\u00edn\u011bn\u00e9 rekonstrukce Bahoku.<\/p>\n<p style=\"text-align: left;\"><a href=\"http:\/\/letnanskelentilky.cz\/wp-content\/uploads\/DSC09755.jpg\"><img loading=\"lazy\" class=\"size-thumbnail wp-image-1533 alignleft\" src=\"http:\/\/letnanskelentilky.cz\/wp-content\/uploads\/DSC09755-150x150.jpg\" alt=\"DSC09755\" width=\"150\" height=\"150\"><\/a><a href=\"http:\/\/letnanskelentilky.cz\/wp-content\/uploads\/WP_20140808_008.jpg\"><img loading=\"lazy\" class=\"alignleft wp-image-1532 size-thumbnail\" src=\"http:\/\/letnanskelentilky.cz\/wp-content\/uploads\/WP_20140808_008-150x150.jpg\" alt=\"WP_20140808_008\" width=\"150\" height=\"150\"><\/a><a href=\"http:\/\/letnanskelentilky.cz\/wp-content\/uploads\/DSC09742.jpg\"><img loading=\"lazy\" class=\"alignleft size-thumbnail wp-image-1534\" src=\"http:\/\/letnanskelentilky.cz\/wp-content\/uploads\/DSC09742-150x150.jpg\" alt=\"DSC09742\" width=\"150\" height=\"150\"><\/a><\/p>\n<p>Nov\u00e1 h\u0159i\u0161t\u011b, houpa\u010dky, skluzavky a posilovac\u00ed stroje budou samoz\u0159ejm\u011b l\u00e1kat i vandaly. V\u0161echny prvky na lentilk\u00e1ch budou za\u0159azeny do m\u011bstsk\u00e9ho mobili\u00e1\u0159e. Budou proch\u00e1zet pravideln\u00fdmi vizu\u00e1ln\u00edmi kontrolami (cca 2x m\u011bs\u00ed\u010dn\u011b) a revizemi p\u0159esn\u011b podle z\u00e1ru\u010dn\u00edch a legislativn\u00edch po\u017eadavk\u016f. Dobr\u00fdm p\u0159\u00edkladem, jak se Let\u0148any um\u00ed starat o sv\u016fj majetek, je vnitroblok Chlebovick\u00e1. O Lentilky se budeme starat stejn\u011b dob\u0159e a teprve \u010das uk\u00e1\u017ee, jak se lid\u00e9 um\u00ed chovat ke sv\u00e9mu okol\u00ed.<\/p>\n","protected":false},"excerpt":{"rendered":"<p>Z\u00e1klad projektu Let\u0148ansk\u00fdch lentilek byl polo\u017een na konci roku 2010, kdy architekti dostali prvn\u00ed zad\u00e1n\u00ed na revitalizaci star\u00e9ho pra\u017esk\u00e9ho s\u00eddli\u0161t\u011b. Projekt Let\u0148ansk\u00e9 lentilky ne\u0159e\u0161\u00ed rekonstrukci panelov\u00fdch dom\u016f, ale kompletn\u00ed regeneraci vnitroblokov\u00fdch pozemk\u016f, vytvo\u0159en\u00ed ploch pro voln\u00fd \u010das a vy\u0159e\u0161en\u00ed nedostatku parkov\u00e1n\u00ed. Koncept \u0159e\u0161en\u00ed ve\u0159ejn\u00e9ho prostoru je inspirov\u00e1n lentilkami, kter\u00e9 symbolizuj\u00ed hravost, barevnost, z\u00e1bavu, dobrodru\u017estv\u00ed, aktivitu &hellip; <\/p>\n<p class=\"link-more\"><a href=\"https:\/\/www.jan-mikulecky.cz\/index.php\/2020\/10\/24\/letnanske-lentilky-zmenily-sidliste\/\" class=\"more-link\">Pokra\u010dovat ve \u010dten\u00ed<span class=\"screen-reader-text\"> &#8222;Let\u0148ansk\u00e9 lentilky zm\u011bnily s\u00eddli\u0161t\u011b&#8220;<\/span><\/a><\/p>\n","protected":false},"author":1,"featured_media":0,"comment_status":"closed","ping_status":"closed","sticky":false,"template":"","format":"standard","meta":[],"categories":[5],"tags":[],"_links":{"self":[{"href":"https:\/\/www.jan-mikulecky.cz\/index.php\/wp-json\/wp\/v2\/posts\/1673"}],"collection":[{"href":"https:\/\/www.jan-mikulecky.cz\/index.php\/wp-json\/wp\/v2\/posts"}],"about":[{"href":"https:\/\/www.jan-mikulecky.cz\/index.php\/wp-json\/wp\/v2\/types\/post"}],"author":[{"embeddable":true,"href":"https:\/\/www.jan-mikulecky.cz\/index.php\/wp-json\/wp\/v2\/users\/1"}],"replies":[{"embeddable":true,"href":"https:\/\/www.jan-mikulecky.cz\/index.php\/wp-json\/wp\/v2\/comments?post=1673"}],"version-history":[{"count":1,"href":"https:\/\/www.jan-mikulecky.cz\/index.php\/wp-json\/wp\/v2\/posts\/1673\/revisions"}],"predecessor-version":[{"id":2739,"href":"https:\/\/www.jan-mikulecky.cz\/index.php\/wp-json\/wp\/v2\/posts\/1673\/revisions\/2739"}],"wp:attachment":[{"href":"https:\/\/www.jan-mikulecky.cz\/index.php\/wp-json\/wp\/v2\/media?parent=1673"}],"wp:term":[{"taxonomy":"category","embeddable":true,"href":"https:\/\/www.jan-mikulecky.cz\/index.php\/wp-json\/wp\/v2\/categories?post=1673"},{"taxonomy":"post_tag","embeddable":true,"href":"https:\/\/www.jan-mikulecky.cz\/index.php\/wp-json\/wp\/v2\/tags?post=1673"}],"curies":[{"name":"wp","href":"https:\/\/api.w.org\/{rel}","templated":true}]}}