{"id":1681,"date":"2020-09-04T12:38:13","date_gmt":"2020-09-04T12:38:13","guid":{"rendered":"http:\/\/letnanskelentilky.cz\/?p=1681"},"modified":"2020-08-27T08:51:17","modified_gmt":"2020-08-27T08:51:17","slug":"jan-mikulecky-letnany-zastupitel-obecni-kompost-moderni-zpracovani-odpadu","status":"publish","type":"post","link":"https:\/\/www.jan-mikulecky.cz\/index.php\/2020\/09\/04\/jan-mikulecky-letnany-zastupitel-obecni-kompost-moderni-zpracovani-odpadu\/","title":{"rendered":"Obecn\u00ed kompost \u2013 modern\u00ed zpracov\u00e1n\u00ed odpadu"},"content":{"rendered":"<p style=\"color: #6d7a7e;\"><a href=\"http:\/\/letnanskelentilky.cz\/wp-content\/uploads\/compost_heart-www.jpg\"><img loading=\"lazy\" class=\"alignleft size-thumbnail wp-image-1684\" src=\"http:\/\/letnanskelentilky.cz\/wp-content\/uploads\/compost_heart-www-150x150.jpg\" alt=\"compost_heart-www\" width=\"150\" height=\"150\"><\/a>Dne\u0161n\u00ed spole\u010dnost je konzumn\u00ed a pr\u00e1v\u011b to se odr\u00e1\u017e\u00ed i v&nbsp;produkovan\u00e9m mno\u017estv\u00ed komun\u00e1ln\u00edho odpadu. Jeliko\u017e neust\u00e1le roste spot\u0159eba ka\u017ed\u00e9 osoby, stoup\u00e1 p\u0159\u00edmou \u00fam\u011brou i mno\u017estv\u00ed odpad\u016f. Objem odpadu, kter\u00fd kon\u010d\u00ed na skl\u00e1dk\u00e1ch, lze sn\u00ed\u017eit jeho t\u0159\u00edd\u011bn\u00edm, recyklac\u00ed i biologick\u00fdm zpracov\u00e1n\u00edm. Zat\u00edmco k&nbsp;t\u0159\u00edd\u011bn\u00ed a recyklaci slou\u017e\u00ed v&nbsp;ulic\u00edch barevn\u00e9 kontejnery ur\u010den\u00e9 na pap\u00edr, sklo a plasty, v&nbsp;oblasti bioodpad\u016f m\u00e1me st\u00e1le zna\u010dn\u00e9 rezervy. Pr\u00e1v\u011b oblast biologick\u00e9ho zpracov\u00e1n\u00ed umo\u017e\u0148uje efektivn\u011b zpracovat biologicky rozlo\u017eiteln\u00fd odpad (BRO), kter\u00fd tvo\u0159\u00ed t\u00e9m\u011b\u0159 polovinu z&nbsp;celkov\u00e9ho objemu komun\u00e1ln\u00edho odpadu.<!--more--><\/p>\n<p style=\"color: #6d7a7e;\">Z\u00e1jem o zpracov\u00e1n\u00ed organick\u00fdch odpad\u016f roste a neust\u00e1le se hledaj\u00ed nov\u00e1 \u0159e\u0161en\u00ed t\u00fdkaj\u00edc\u00ed se zp\u016fsobu nakl\u00e1d\u00e1n\u00ed s&nbsp;biologick\u00fdm odpadem (BO). Nejzn\u00e1m\u011bj\u0161\u00ed a nejstar\u0161\u00ed recykla\u010dn\u00ed technologi\u00ed pro zpracov\u00e1n\u00ed bioodpadu je&nbsp;<strong>kompostov\u00e1n\u00ed<\/strong>, d\u00edky kter\u00e9mu lze z\u00edskat kvalitn\u00ed hnojivo, je\u017e rychl\u00fdm zp\u016fsobem obnovuje \u00farodnost i kvalitu p\u016fdy. P\u0159i kompostov\u00e1n\u00ed doch\u00e1z\u00ed k p\u0159em\u011bn\u011b organick\u00fdch l\u00e1tek stejn\u00fdm zp\u016fsobem jako v&nbsp;p\u016fd\u011b, ale lze&nbsp;tuto p\u0159em\u011bnu technologicky ovl\u00e1dat a z\u00edskat co nejv\u011bt\u0161\u00ed mno\u017estv\u00ed humusu v&nbsp;co nejkrat\u0161\u00edm \u010dase. V\u00fdhodami kompostov\u00e1n\u00ed jsou: n\u00edzk\u00e9 ekonomick\u00e9 n\u00e1klady, p\u016fda bohat\u00e1 na \u017eiviny, lep\u0161\u00ed zpracovatelnost p\u016fdy a samotn\u00e1 hygienizace odpad\u016f, proto\u017ee v&nbsp;pr\u016fb\u011bhu kompostovac\u00edho procesu hynou patogenn\u00ed organismy ohro\u017euj\u00edc\u00ed zdrav\u00ed lid\u00ed i zv\u00ed\u0159at. Pokud nen\u00ed bioodpad spr\u00e1vn\u011b vyt\u0159\u00edd\u011bn a zpracov\u00e1n a je sv\u00e1\u017een na skl\u00e1dku, zp\u016fsobuje zna\u010dn\u00e9 komplikace ve form\u011b toxick\u00fdch v\u00fdluh\u016f, nep\u0159\u00edjemn\u00e9ho z\u00e1pachu i vzniku sklen\u00edkov\u00fdch plyn\u016f (metan, oxid uhli\u010dit\u00fd).<\/p>\n<p style=\"color: #6d7a7e;\"><a href=\"http:\/\/letnanskelentilky.cz\/wp-content\/uploads\/Popelnice.png\"><img loading=\"lazy\" class=\"aligncenter wp-image-1682 size-full\" src=\"http:\/\/letnanskelentilky.cz\/wp-content\/uploads\/Popelnice.png\" alt=\"Popelnice\" width=\"418\" height=\"341\"><\/a><\/p>\n<p style=\"color: #6d7a7e;\">Za bioodpady, kter\u00e9 tvo\u0159\u00ed v\u00fdznamnou \u010d\u00e1st komun\u00e1ln\u00edho odpadu, jsou odpov\u011bdn\u00e9 pr\u00e1v\u011b obce jako ve\u0159ejnospr\u00e1vn\u00ed korporace a \u00fazemn\u00ed samospr\u00e1vn\u00e9 spole\u010denstv\u00ed ob\u010dan\u016f. V&nbsp;obc\u00edch se sb\u011br bioodpadu koncentruje do t\u0159ech z\u00e1kladn\u00edch zdroj\u016f, kter\u00fdmi jsou bioodpad z&nbsp;\u00fadr\u017eby ve\u0159ejn\u00fdch ploch (obecn\u00ed kompostov\u00e1n\u00ed), bioodpad z&nbsp;kuchyn\u00ed a bioodpad ob\u010dan\u016f. Sb\u011br bioodpadu z&nbsp;\u00fadr\u017eby ve\u0159ejn\u00fdch ploch je p\u0159edev\u0161\u00edm sb\u011brem odpadu z \u00fadr\u017eby zelen\u011b. Pravideln\u00e1 \u00fadr\u017eba ve\u0159ejn\u00fdch ploch pat\u0159\u00ed mezi pr\u00e1ce, kter\u00e9 se nejv\u00edce prov\u00e1d\u011bj\u00ed v&nbsp;obdob\u00ed vegeta\u010dn\u00edho klidu. P\u0159i sek\u00e1n\u00ed tr\u00e1vy, odstra\u0148ov\u00e1n\u00ed star\u00fdch rostlin, hrab\u00e1n\u00ed list\u00ed, pro\u0159ez\u00e1vce strom\u016f a ke\u0159\u016f vznik\u00e1 velk\u00e9 mno\u017estv\u00ed hmoty, kter\u00e1 je vhodn\u00e1 k&nbsp;p\u0159em\u011bn\u011b na kvalitn\u00ed kompost. Ve\u0159ejnou zelen\u00ed se pro \u00fa\u010dely komunitn\u00edho kompostov\u00e1n\u00ed rozum\u00ed parky, lesoparky, sportovi\u0161t\u011b, d\u011btsk\u00e1 h\u0159i\u0161t\u011b a ve\u0159ejn\u011b p\u0159\u00edstupn\u00e9 travnat\u00e9 plochy v&nbsp;intravil\u00e1nu obce. M\u010c m\u00e1 biologicky rozlo\u017eiteln\u00e9 odpady, kter\u00e9 pot\u0159ebuje zpracovat a nyn\u00ed si klade ot\u00e1zku \u2013 jak s&nbsp;t\u00edmto materi\u00e1lem nalo\u017eit?<\/p>\n<p style=\"color: #6d7a7e;\"><a href=\"http:\/\/letnanskelentilky.cz\/wp-content\/uploads\/cyklus.jpg\"><img loading=\"lazy\" class=\"alignleft size-full wp-image-1687\" src=\"http:\/\/letnanskelentilky.cz\/wp-content\/uploads\/cyklus.jpg\" alt=\"cyklus\" width=\"338\" height=\"279\"><\/a><\/p>\n<p style=\"color: #6d7a7e;\">Ka\u017ed\u00fd rok se radnice sna\u017e\u00ed ob\u010dany Let\u0148an do sb\u011bru bioodpadu a tedy recyklace zainteresovat, a to um\u00edst\u011bn\u00edm velkokapacitn\u00edch kontejner\u016f na vyhrazen\u00fdch m\u00edstech v&nbsp;Let\u0148anech. Do t\u011bchto velkokapacitn\u00edch kontejner\u016f maj\u00ed lid\u00e9 mo\u017enost vhazovat bioodpad ze zahrad (posekanou tr\u00e1vu, shraban\u00e9 list\u00ed, v\u011btve strom\u016f, spadan\u00e9 ovoce aj.) a tak\u00e9 odpad z&nbsp;dom\u00e1cnost\u00ed (kuchy\u0148sk\u00fd odpad rostlinn\u00e9ho charakteru). Bohu\u017eel se vedle lid\u00ed, kte\u0159\u00ed tuto mo\u017enost uv\u00edtali a zelen\u00fd odpad do kontejner\u016f vhazovali, objevili tak\u00e9 lid\u00e9, d\u00edky nim\u017e se za\u010daly mezi biologicky rozlo\u017eiteln\u00fdm odpadem (BRO) objevovat sedac\u00ed soupravy, elektrospot\u0159ebi\u010de, star\u00e9 koberce a mnoho dal\u0161\u00edho. Ve fin\u00e1le p\u0159inesly velkokapacitn\u00ed kontejnery pro sb\u011br bioodpadu v\u00edce pr\u00e1ce ne\u017e u\u017eitku, nebo\u0165 M\u010c musela \u0159e\u0161it a hradit likvidaci tohoto materi\u00e1lu. Z&nbsp;t\u011bchto d\u016fvod\u016f se rozhodla kontejnery pro sb\u011br bioodpadu zru\u0161it. St\u00e1v\u00e1 se tedy, \u017ee lid\u00e9 posekanou tr\u00e1vu vhazuj\u00ed na pole nebo mezi ke\u0159e a v\u011btv\u011b p\u00e1l\u00ed doma na zahrad\u00e1ch, \u010d\u00edm\u017e obt\u011b\u017euj\u00ed sv\u00e9 sousedy.<\/p>\n<p style=\"color: #6d7a7e;\">V sou\u010dasnosti se nab\u00edz\u00ed mo\u017enost zpracov\u00e1n\u00ed \u201ezelen\u00e9ho\u201c odpadu vyu\u017eit\u00edm mal\u00e9 kompost\u00e1rny, kter\u00e1 se jev\u00ed jako optim\u00e1ln\u00ed. Z\u00e1m\u011brem M\u010c je vybudovat malou obecn\u00ed kompost\u00e1rnu, ve kter\u00e9 bude BRO \u0159\u00e1dn\u011b rozt\u0159\u00edd\u011bn a zpracov\u00e1n, a jej\u00ed\u017e provoz bude m\u00edt obec ve vlastn\u00ed re\u017eii. Pr\u00e1v\u011b ve vyu\u017e\u00edv\u00e1n\u00ed kompostu obyvateli spat\u0159uje M\u010c obrovskou v\u00fdhodu \u2013 m\u00edstn\u00ed obyvatel\u00e9 Let\u0148an by tak p\u0159isp\u00edvali k&nbsp;recyklaci, byli by v\u00edce zainteresov\u00e1ni do sb\u011bru bioodpadu, jeho svozu do kompost\u00e1rny a mohli by napomoci jej\u00edmu lep\u0161\u00edmu fungov\u00e1n\u00ed (nap\u0159. odevzd\u00e1v\u00e1n\u00edm nezne\u010di\u0161t\u011bn\u00fdch rostlinn\u00fdch zbytk\u016f). M\u010c p\u0159edpokl\u00e1d\u00e1, \u017ee nov\u011b vytvo\u0159en\u00fd \u201ezelen\u00fd\u201c kompost bude pou\u017e\u00edv\u00e1n k&nbsp;\u00fadr\u017eb\u011b a obnov\u011b ve\u0159ejn\u00e9 zelen\u011b a nadbytek bude poskytov\u00e1n zdarma ob\u010dan\u016fm Let\u0148an, aby jej mohli vyu\u017e\u00edt na sv\u00e9 zahrady \u010di p\u0159edzahr\u00e1dky.<\/p>\n<p style=\"color: #6d7a7e;\"><a style=\"color: #1c7fbd;\" href=\"http:\/\/www.odsletnany.cz\/wp-content\/uploads\/2014\/10\/Compost-dirt.jpg\"><img loading=\"lazy\" class=\"aligncenter size-large wp-image-908\" style=\"color: #6d7a7e;\" src=\"http:\/\/www.odsletnany.cz\/wp-content\/uploads\/2014\/10\/Compost-dirt-1024x766.jpg\" alt=\"OLYMPUS DIGITAL CAMERA\" width=\"960\" height=\"718\"><\/a><\/p>\n<p style=\"color: #6d7a7e;\">Pokud takov\u00e1to spolupr\u00e1ce bude fungovat, osv\u011bd\u010d\u00ed se, a lid\u00e9 budou BRO recyklovat, je radnice p\u0159ipravena zab\u00fdvat se my\u0161lenou&nbsp;<strong>odd\u011blen\u00e9ho sb\u011bru bioodpadu<\/strong>, tj. zakoupit a um\u00edstit mal\u00e9 sb\u011brn\u00e9 n\u00e1doby p\u0159\u00edmo v&nbsp;z\u00e1stavb\u011b, co\u017e by bylo pro obyvatele pohodln\u011bj\u0161\u00ed.<\/p>\n<p style=\"color: #6d7a7e;\">Dnes se ve\u0161ker\u00fd \u201ezelen\u00fd\u201c odpad odv\u00e1\u017e\u00ed na vymezen\u00fd prostor, deponii, kde se neust\u00e1le hromad\u00ed. D\u00edky neodborn\u00e9mu nakl\u00e1d\u00e1n\u00ed s&nbsp;t\u00edmto odpadem doch\u00e1z\u00ed k&nbsp;hromad\u011bn\u00ed posekan\u00e9 tr\u00e1vy, list\u00ed, v\u011btv\u00ed strom\u016f a ke\u0159\u016f, kde tlej\u00ed a nen\u00ed z&nbsp;nich \u017e\u00e1dn\u00fd u\u017eitek. Proto\u017ee je \u00fadr\u017eba ve\u0159ejn\u00e9 zelen\u011b nezbytn\u00e1, je t\u0159eba c\u00edlen\u011b zah\u00e1jit vy\u010di\u0161t\u011bn\u00ed deponie a za\u010d\u00edt \u201ezelen\u00fd\u201c odpad zpracov\u00e1vat.<\/p>\n<p style=\"color: #6d7a7e;\"><a href=\"http:\/\/letnanskelentilky.cz\/wp-content\/uploads\/Parcela533-1.png\"><img loading=\"lazy\" class=\"alignleft size-medium wp-image-1688\" src=\"http:\/\/letnanskelentilky.cz\/wp-content\/uploads\/Parcela533-1-300x201.png\" alt=\"Parcela533-1\" width=\"300\" height=\"201\"><\/a>Deponie,&nbsp;<strong>parcela \u010d. 533\/1<\/strong>&nbsp;v&nbsp;KN, je pod spr\u00e1vou M\u010c Prahy 18. Z&nbsp;celkov\u00e9 plochy, kter\u00e1 \u010d\u00edt\u00e1 5&nbsp;900 m2, je aktu\u00e1ln\u011b vyu\u017e\u00edv\u00e1na zhruba 1\/4, zbytek plochy je porostl\u00fd ke\u0159i a stromy. Plocha v&nbsp;m\u00edst\u011b vyu\u017e\u00edv\u00e1n\u00ed je zcela\/\u010d\u00e1ste\u010dn\u011b vybetonovan\u00e1 (panely) a hromad\u00ed se zde posekan\u00e1 tr\u00e1va z&nbsp;obecn\u00edch pozemk\u016f a v\u011btve z&nbsp;pro\u0159ez\u00e1vky strom\u016f a ke\u0159\u016f. Cel\u00fd pozemek je oplocen pletivem, kter\u00e9 je v&nbsp;mnoha m\u00edstech zborcen\u00e9 a lze tak na pozemek vniknout i p\u0159es zav\u0159enou br\u00e1nu (\u0159et\u011bz a z\u00e1mek). Zcela chyb\u00ed p\u0159\u00edvod vody a elekt\u0159iny.<\/p>\n<p style=\"color: #6d7a7e; text-align: left;\">Zpracovala: Jana Mikuleck\u00e1<\/p>\n","protected":false},"excerpt":{"rendered":"<p>Dne\u0161n\u00ed spole\u010dnost je konzumn\u00ed a pr\u00e1v\u011b to se odr\u00e1\u017e\u00ed i v&nbsp;produkovan\u00e9m mno\u017estv\u00ed komun\u00e1ln\u00edho odpadu. Jeliko\u017e neust\u00e1le roste spot\u0159eba ka\u017ed\u00e9 osoby, stoup\u00e1 p\u0159\u00edmou \u00fam\u011brou i mno\u017estv\u00ed odpad\u016f. Objem odpadu, kter\u00fd kon\u010d\u00ed na skl\u00e1dk\u00e1ch, lze sn\u00ed\u017eit jeho t\u0159\u00edd\u011bn\u00edm, recyklac\u00ed i biologick\u00fdm zpracov\u00e1n\u00edm. Zat\u00edmco k&nbsp;t\u0159\u00edd\u011bn\u00ed a recyklaci slou\u017e\u00ed v&nbsp;ulic\u00edch barevn\u00e9 kontejnery ur\u010den\u00e9 na pap\u00edr, sklo a plasty, v&nbsp;oblasti &hellip; <\/p>\n<p class=\"link-more\"><a href=\"https:\/\/www.jan-mikulecky.cz\/index.php\/2020\/09\/04\/jan-mikulecky-letnany-zastupitel-obecni-kompost-moderni-zpracovani-odpadu\/\" class=\"more-link\">Pokra\u010dovat ve \u010dten\u00ed<span class=\"screen-reader-text\"> &#8222;Obecn\u00ed kompost \u2013 modern\u00ed zpracov\u00e1n\u00ed odpadu&#8220;<\/span><\/a><\/p>\n","protected":false},"author":1,"featured_media":0,"comment_status":"closed","ping_status":"closed","sticky":false,"template":"","format":"standard","meta":[],"categories":[6,7,5],"tags":[],"_links":{"self":[{"href":"https:\/\/www.jan-mikulecky.cz\/index.php\/wp-json\/wp\/v2\/posts\/1681"}],"collection":[{"href":"https:\/\/www.jan-mikulecky.cz\/index.php\/wp-json\/wp\/v2\/posts"}],"about":[{"href":"https:\/\/www.jan-mikulecky.cz\/index.php\/wp-json\/wp\/v2\/types\/post"}],"author":[{"embeddable":true,"href":"https:\/\/www.jan-mikulecky.cz\/index.php\/wp-json\/wp\/v2\/users\/1"}],"replies":[{"embeddable":true,"href":"https:\/\/www.jan-mikulecky.cz\/index.php\/wp-json\/wp\/v2\/comments?post=1681"}],"version-history":[{"count":1,"href":"https:\/\/www.jan-mikulecky.cz\/index.php\/wp-json\/wp\/v2\/posts\/1681\/revisions"}],"predecessor-version":[{"id":2714,"href":"https:\/\/www.jan-mikulecky.cz\/index.php\/wp-json\/wp\/v2\/posts\/1681\/revisions\/2714"}],"wp:attachment":[{"href":"https:\/\/www.jan-mikulecky.cz\/index.php\/wp-json\/wp\/v2\/media?parent=1681"}],"wp:term":[{"taxonomy":"category","embeddable":true,"href":"https:\/\/www.jan-mikulecky.cz\/index.php\/wp-json\/wp\/v2\/categories?post=1681"},{"taxonomy":"post_tag","embeddable":true,"href":"https:\/\/www.jan-mikulecky.cz\/index.php\/wp-json\/wp\/v2\/tags?post=1681"}],"curies":[{"name":"wp","href":"https:\/\/api.w.org\/{rel}","templated":true}]}}