{"id":1789,"date":"2020-10-16T08:27:40","date_gmt":"2020-10-16T08:27:40","guid":{"rendered":"http:\/\/letnanskelentilky.cz\/?p=1789"},"modified":"2020-08-27T08:57:32","modified_gmt":"2020-08-27T08:57:32","slug":"jan-mikulecky-letnany-zastupitel-zastupitele-hodnoti-lentilky-tomas-raska","status":"publish","type":"post","link":"https:\/\/www.jan-mikulecky.cz\/index.php\/2020\/10\/16\/jan-mikulecky-letnany-zastupitel-zastupitele-hodnoti-lentilky-tomas-raska\/","title":{"rendered":"Zastupitel\u00e9 hodnot\u00ed Lentilky: Tom\u00e1\u0161 Ra\u0161ka"},"content":{"rendered":"<p>Projekt Let\u0148ansk\u00fdch lentilek by mohl b\u00fdt v&nbsp;p\u0159edvolebn\u00ed dob\u011b kr\u00e1sn\u00fdm soustem: k\u00e1cej\u00ed se stromy, rozpo\u010det bude p\u0159ekro\u010den, obyvatel\u00e9 si st\u011b\u017euj\u00ed. Takov\u00e1to kritika by ale byla nef\u00e9rov\u00e1. Asi se v\u0161ichni shodneme na tom, \u017ee star\u00e9 \u201eavi\u00e1ck\u00e9\u201c s\u00eddli\u0161t\u011b nebylo zrovna reprezentativn\u00ed lokalitou. Zp\u016fsob \u0159e\u0161en\u00ed, kter\u00fd let\u0148ansk\u00e1 radnice zvolila, se mi l\u00edb\u00ed: nam\u00edsto postupn\u00fdch d\u00edl\u010d\u00edch \u00faprav radik\u00e1ln\u00ed a relativn\u011b rychl\u00e9 \u0159e\u0161en\u00ed.<!--more--><\/p>\n<p>Shodneme se jist\u011b i na tom, \u017ee co \u010dlov\u011bk, to n\u00e1zor. N\u011bkomu se \u0159e\u0161en\u00ed cel\u00e9ho projektu l\u00edb\u00ed, n\u011bkomu ne, n\u011bkomu mohou vadit jen jednotlivosti. Mn\u011b osobn\u011b se na projektu l\u00edb\u00ed to, \u017ee m\u00e1 svou my\u0161lenku, \u017ee to nen\u00ed jen \u201erekonstrukce s\u00eddli\u0161t\u011b\u201c. Oce\u0148uji i drobnosti typu ps\u00edch piso\u00e1r\u016f. Na druhou stranu je pravd\u011bpodobn\u00e9, \u017ee se po dokon\u010den\u00ed stavby uk\u00e1\u017ee, \u017ee n\u011bkter\u00e9 detaily mohly b\u00fdt vy\u0159e\u0161eny l\u00e9pe, ale jsem si jist, \u017ee pokud to bude mo\u017en\u00e9, tak budou drobn\u00e9 dod\u011bl\u00e1vky \u010di zm\u011bny prob\u00edhat tak, aby v\u00fdsledn\u00e1 podoba s\u00eddli\u0161t\u011b co nejv\u00edce odpov\u00eddala pot\u0159eb\u00e1m v\u011bt\u0161iny obyvatel.<\/p>\n<p>P\u016fvodn\u00ed rozpo\u010det akce bude p\u0159ekro\u010den. U mnoha ve\u0159ejn\u00fdch zak\u00e1zek b\u00fdv\u00e1 takov\u00e9to \u201enepl\u00e1novan\u00e9\u201c p\u0159ekro\u010den\u00ed tak n\u011bjak dop\u0159edu pl\u00e1novan\u00e9. I tady se ale mus\u00edm Lentilek zastat. Ka\u017ed\u00fd, kdo n\u011bkdy rekonstruoval star\u00fd d\u016fm, v\u00ed, \u017ee jakmile do n\u011bj jednou kopne, tak se za\u010dnou sypat ze sk\u0159\u00edn\u011b kostlivci, kter\u00e9 tam p\u0159i nejlep\u0161\u00ed v\u016fli nebylo mo\u017en\u00e9 p\u0159edv\u00eddat. Zat\u00edmco u mnoha projekt\u016f uskute\u010dn\u011bn\u00fdch za minul\u00e1 volebn\u00ed obdob\u00ed by se dalo o \u00fa\u010delnosti vynalo\u017een\u00fdch financ\u00ed \u00fasp\u011b\u0161n\u011b pochybovat, u Lentilek m\u00e1m za to, \u017ee pen\u00edze naopak ud\u011blaj\u00ed dobrou slu\u017ebu a m\u011blo smysl je investovat.<\/p>\n<p>Ch\u00e1pu tak\u00e9 rozho\u0159\u010den\u00ed n\u011bkter\u00fdch obyvatel nad nepohodl\u00edm spojen\u00fdm se stavbou. Velmi dob\u0159e si pamatuji na pocity, kter\u00e9 jsem za\u017e\u00edval, kdy\u017e v&nbsp;na\u0161\u00ed ulici v&nbsp;ned\u011bli v&nbsp;sedm r\u00e1no za\u010daly rachotit sb\u00edje\u010dky p\u0159i rekonstrukci chodn\u00edk\u016f. Tyhle nep\u0159\u00edjemnosti ale odezn\u00ed a nakonec p\u0159ev\u00e1\u017e\u00ed to p\u0159\u00edjemn\u00e9 nad nep\u0159\u00edjemn\u00fdm.<\/p>\n<p>P\u0159es v\u0161echny d\u00edl\u010d\u00ed komplikace a nep\u0159\u00edjemnosti si mysl\u00edm, \u017ee Let\u0148ansk\u00e9 lentilky jsou projektem dobr\u00fdm a \u017ee, na rozd\u00edl od mnoha jin\u00fdch, ud\u011blaj\u00ed z&nbsp;Let\u0148an o trochu lep\u0161\u00ed m\u00edsto k&nbsp;\u017eivotu.<\/p>\n<p style=\"text-align: right;\">Tom\u00e1\u0161 Ra\u0161ka (SZ)<br \/>\nzastupitel M\u010c Praha 18<\/p>\n<p><em>Zdroj: Let\u0148ansk\u00e9 listy, \u0159\u00edjen 2014<\/em><\/p>\n<figure id=\"attachment_2648\" aria-describedby=\"caption-attachment-2648\" style=\"width: 840px\" class=\"wp-caption alignnone\"><img loading=\"lazy\" class=\"wp-image-2648 size-large\" src=\"https:\/\/www.janmikulecky.com\/wp-content\/uploads\/2018\/09\/Jan_Mikulecky_Letnany_WP_20160505_10_15_51_Rich_LI-1024x576.jpg\" alt=\"Autor: Jan Mikulecky, Letnany\" width=\"840\" height=\"473\"><figcaption id=\"caption-attachment-2648\" class=\"wp-caption-text\">Autor: Jan Mikulecky, Letnany<\/figcaption><\/figure>\n<figure id=\"attachment_2639\" aria-describedby=\"caption-attachment-2639\" style=\"width: 840px\" class=\"wp-caption alignnone\"><img loading=\"lazy\" class=\"wp-image-2639 size-large\" src=\"https:\/\/www.janmikulecky.com\/wp-content\/uploads\/2018\/09\/Jan_Mikulecky_Letnany_WP_20141017_002-1024x576.jpg\" alt=\"Autor: Jan Mikulecky, Letnany\" width=\"840\" height=\"473\"><figcaption id=\"caption-attachment-2639\" class=\"wp-caption-text\">Autor: Jan Mikulecky, Letnany<\/figcaption><\/figure>\n<figure id=\"attachment_2643\" aria-describedby=\"caption-attachment-2643\" style=\"width: 840px\" class=\"wp-caption alignnone\"><img loading=\"lazy\" class=\"wp-image-2643 size-large\" src=\"https:\/\/www.janmikulecky.com\/wp-content\/uploads\/2018\/09\/Jan_Mikulecky_Letnany_WP_20150615_16_56_36_Pro-1024x576.jpg\" alt=\"Autor: Jan Mikulecky, Letnany\" width=\"840\" height=\"473\"><figcaption id=\"caption-attachment-2643\" class=\"wp-caption-text\">Autor: Jan Mikulecky, Letnany<\/figcaption><\/figure>\n","protected":false},"excerpt":{"rendered":"<p>Projekt Let\u0148ansk\u00fdch lentilek by mohl b\u00fdt v&nbsp;p\u0159edvolebn\u00ed dob\u011b kr\u00e1sn\u00fdm soustem: k\u00e1cej\u00ed se stromy, rozpo\u010det bude p\u0159ekro\u010den, obyvatel\u00e9 si st\u011b\u017euj\u00ed. Takov\u00e1to kritika by ale byla nef\u00e9rov\u00e1. Asi se v\u0161ichni shodneme na tom, \u017ee star\u00e9 \u201eavi\u00e1ck\u00e9\u201c s\u00eddli\u0161t\u011b nebylo zrovna reprezentativn\u00ed lokalitou. Zp\u016fsob \u0159e\u0161en\u00ed, kter\u00fd let\u0148ansk\u00e1 radnice zvolila, se mi l\u00edb\u00ed: nam\u00edsto postupn\u00fdch d\u00edl\u010d\u00edch \u00faprav radik\u00e1ln\u00ed a relativn\u011b &hellip; <\/p>\n<p class=\"link-more\"><a href=\"https:\/\/www.jan-mikulecky.cz\/index.php\/2020\/10\/16\/jan-mikulecky-letnany-zastupitel-zastupitele-hodnoti-lentilky-tomas-raska\/\" class=\"more-link\">Pokra\u010dovat ve \u010dten\u00ed<span class=\"screen-reader-text\"> &#8222;Zastupitel\u00e9 hodnot\u00ed Lentilky: Tom\u00e1\u0161 Ra\u0161ka&#8220;<\/span><\/a><\/p>\n","protected":false},"author":1,"featured_media":0,"comment_status":"closed","ping_status":"closed","sticky":false,"template":"","format":"standard","meta":[],"categories":[9,4,5],"tags":[],"_links":{"self":[{"href":"https:\/\/www.jan-mikulecky.cz\/index.php\/wp-json\/wp\/v2\/posts\/1789"}],"collection":[{"href":"https:\/\/www.jan-mikulecky.cz\/index.php\/wp-json\/wp\/v2\/posts"}],"about":[{"href":"https:\/\/www.jan-mikulecky.cz\/index.php\/wp-json\/wp\/v2\/types\/post"}],"author":[{"embeddable":true,"href":"https:\/\/www.jan-mikulecky.cz\/index.php\/wp-json\/wp\/v2\/users\/1"}],"replies":[{"embeddable":true,"href":"https:\/\/www.jan-mikulecky.cz\/index.php\/wp-json\/wp\/v2\/comments?post=1789"}],"version-history":[{"count":1,"href":"https:\/\/www.jan-mikulecky.cz\/index.php\/wp-json\/wp\/v2\/posts\/1789\/revisions"}],"predecessor-version":[{"id":2735,"href":"https:\/\/www.jan-mikulecky.cz\/index.php\/wp-json\/wp\/v2\/posts\/1789\/revisions\/2735"}],"wp:attachment":[{"href":"https:\/\/www.jan-mikulecky.cz\/index.php\/wp-json\/wp\/v2\/media?parent=1789"}],"wp:term":[{"taxonomy":"category","embeddable":true,"href":"https:\/\/www.jan-mikulecky.cz\/index.php\/wp-json\/wp\/v2\/categories?post=1789"},{"taxonomy":"post_tag","embeddable":true,"href":"https:\/\/www.jan-mikulecky.cz\/index.php\/wp-json\/wp\/v2\/tags?post=1789"}],"curies":[{"name":"wp","href":"https:\/\/api.w.org\/{rel}","templated":true}]}}