{"id":1791,"date":"2020-08-29T08:27:22","date_gmt":"2020-08-29T08:27:22","guid":{"rendered":"http:\/\/letnanskelentilky.cz\/?p=1791"},"modified":"2020-08-27T08:50:27","modified_gmt":"2020-08-27T08:50:27","slug":"zastupitele-hodnoti-lentilky","status":"publish","type":"post","link":"https:\/\/www.jan-mikulecky.cz\/index.php\/2020\/08\/29\/zastupitele-hodnoti-lentilky\/","title":{"rendered":"Zastupitel\u00e9 hodnot\u00ed Lentilky: Ji\u0159\u00ed Streit"},"content":{"rendered":"<p>Projekt p\u0159em\u011bny severn\u00ed \u010d\u00e1sti Let\u0148an v&nbsp;takov\u00e9 \u0161\u00ed\u0159i (objemu financ\u00ed) Let\u0148any nepamatuj\u00ed, ale ur\u010dit\u011b si tuto investici zaslou\u017e\u00ed. C\u00edlem, kter\u00fd si radnice dala, bylo zp\u0159\u00edjemnit a zkvalitnit ka\u017edodenn\u00ed \u017eivot ob\u010dan\u016fm bydl\u00edc\u00edm na b\u00fdval\u00e9m s\u00eddli\u0161ti Avia, doplnit chyb\u011bj\u00edc\u00ed z\u00e1zem\u00ed t\u00e9to \u010d\u00e1sti obce, zcela odstranit betonov\u00e9 a asfaltov\u00e9 chodn\u00edky, razantn\u011b zkvalitnit zele\u0148. Jsem p\u0159esv\u011bd\u010den, \u017ee tato \u010d\u00e1st Let\u0148an nov\u00fd \u201ekab\u00e1t\u201c pot\u0159ebovala. Z&nbsp;prom\u011bny by m\u011bly m\u00edt nejv\u011bt\u0161\u00ed radost maminky s&nbsp;d\u011btmi &#8211; na to byl v&nbsp;r\u00e1mci projektu kladen velk\u00fd d\u016fraz.<!--more--><\/p>\n<p>Nyn\u00ed jsme t\u011bsn\u011b p\u0159ed c\u00edlem dokon\u010den\u00ed lentilek. Z&nbsp;pohledu zastupitele a ob\u010dana Let\u0148an jsem t\u00e9to zm\u011bn\u011b dal plnou podporu. Mus\u00edm v\u0161ak konstatovat, \u017ee se v projektu projevily ur\u010dit\u00e9 nedostatky a jejich \u0159e\u0161en\u00ed n\u011bkdy komplikovalo pr\u016fb\u011bh stavby. P\u0159\u00ednosem \u0159e\u0161en\u00ed d\u00edl\u010d\u00edch zm\u011bn bylo osobn\u00ed zapojen\u00ed pracovn\u00edk\u016f \u00fa\u0159adu m\u011bstsk\u00e9 \u010d\u00e1sti. P\u0159i takto rozs\u00e1hl\u00fdch projektech podle mne mus\u00ed b\u00fdt podstatn\u011b v\u011bt\u0161\u00ed zapojen\u00ed m\u00edstn\u00edch obyvatel, a to jak od po\u010d\u00e1te\u010dn\u00ed architektonick\u00e9 studie, tak hlavn\u011b v&nbsp;pr\u016fb\u011bhu realizace. Je to pozn\u00e1n\u00ed, zku\u0161enost pro budoucnost.<\/p>\n<p>N\u011bkolikam\u011bs\u00ed\u010dn\u00ed pr\u00e1ce s&nbsp;t\u011b\u017ekou technikou, v\u00fdpadky energi\u00ed, ka\u017edodenn\u00ed hluk a vznikl\u00e1 omezen\u00ed byly v\u0161ak nezbytn\u00e9. Obdobn\u00e9 to bylo &#8211; ve v\u011bt\u0161\u00edm rozsahu &#8211; p\u0159i&nbsp;budov\u00e1n\u00ed pra\u017esk\u00e9ho metra. Celkov\u00e1 p\u0159em\u011bna lokality, ke kter\u00e9 d\u00edky projektu Let\u0148ansk\u00e9 lentilky do\u0161lo, v\u0161ak dozn\u00e1 ocen\u011bn\u00ed a\u017e s&nbsp;odstupem \u010dasu. O tomto jsem p\u0159esv\u011bd\u010den.<\/p>\n<p>Z\u00e1v\u011brem bych p\u0159\u00e1l Let\u0148an\u016fm dal\u0161\u00ed projekty tohoto rozsahu, do\u0159e\u0161en\u00ed lesoparku a dal\u0161\u00edch bolav\u00fdch m\u00edst na\u0161\u00ed jinak kr\u00e1sn\u00e9 obce.<\/p>\n<p style=\"text-align: right;\">Ji\u0159\u00ed Streit (KS\u010cM)<br \/>\nzastupitel M\u010c Praha 18<\/p>\n<p style=\"text-align: left;\"><em>Zdroj: Let\u0148ansk\u00e9 listy, \u0159\u00edjen 2014<\/em><\/p>\n","protected":false},"excerpt":{"rendered":"<p>Projekt p\u0159em\u011bny severn\u00ed \u010d\u00e1sti Let\u0148an v&nbsp;takov\u00e9 \u0161\u00ed\u0159i (objemu financ\u00ed) Let\u0148any nepamatuj\u00ed, ale ur\u010dit\u011b si tuto investici zaslou\u017e\u00ed. C\u00edlem, kter\u00fd si radnice dala, bylo zp\u0159\u00edjemnit a zkvalitnit ka\u017edodenn\u00ed \u017eivot ob\u010dan\u016fm bydl\u00edc\u00edm na b\u00fdval\u00e9m s\u00eddli\u0161ti Avia, doplnit chyb\u011bj\u00edc\u00ed z\u00e1zem\u00ed t\u00e9to \u010d\u00e1sti obce, zcela odstranit betonov\u00e9 a asfaltov\u00e9 chodn\u00edky, razantn\u011b zkvalitnit zele\u0148. Jsem p\u0159esv\u011bd\u010den, \u017ee tato \u010d\u00e1st Let\u0148an &hellip; <\/p>\n<p class=\"link-more\"><a href=\"https:\/\/www.jan-mikulecky.cz\/index.php\/2020\/08\/29\/zastupitele-hodnoti-lentilky\/\" class=\"more-link\">Pokra\u010dovat ve \u010dten\u00ed<span class=\"screen-reader-text\"> &#8222;Zastupitel\u00e9 hodnot\u00ed Lentilky: Ji\u0159\u00ed Streit&#8220;<\/span><\/a><\/p>\n","protected":false},"author":1,"featured_media":0,"comment_status":"closed","ping_status":"closed","sticky":false,"template":"","format":"standard","meta":[],"categories":[8,2,9,4,5],"tags":[],"_links":{"self":[{"href":"https:\/\/www.jan-mikulecky.cz\/index.php\/wp-json\/wp\/v2\/posts\/1791"}],"collection":[{"href":"https:\/\/www.jan-mikulecky.cz\/index.php\/wp-json\/wp\/v2\/posts"}],"about":[{"href":"https:\/\/www.jan-mikulecky.cz\/index.php\/wp-json\/wp\/v2\/types\/post"}],"author":[{"embeddable":true,"href":"https:\/\/www.jan-mikulecky.cz\/index.php\/wp-json\/wp\/v2\/users\/1"}],"replies":[{"embeddable":true,"href":"https:\/\/www.jan-mikulecky.cz\/index.php\/wp-json\/wp\/v2\/comments?post=1791"}],"version-history":[{"count":1,"href":"https:\/\/www.jan-mikulecky.cz\/index.php\/wp-json\/wp\/v2\/posts\/1791\/revisions"}],"predecessor-version":[{"id":2711,"href":"https:\/\/www.jan-mikulecky.cz\/index.php\/wp-json\/wp\/v2\/posts\/1791\/revisions\/2711"}],"wp:attachment":[{"href":"https:\/\/www.jan-mikulecky.cz\/index.php\/wp-json\/wp\/v2\/media?parent=1791"}],"wp:term":[{"taxonomy":"category","embeddable":true,"href":"https:\/\/www.jan-mikulecky.cz\/index.php\/wp-json\/wp\/v2\/categories?post=1791"},{"taxonomy":"post_tag","embeddable":true,"href":"https:\/\/www.jan-mikulecky.cz\/index.php\/wp-json\/wp\/v2\/tags?post=1791"}],"curies":[{"name":"wp","href":"https:\/\/api.w.org\/{rel}","templated":true}]}}