{"id":1798,"date":"2020-10-22T08:27:21","date_gmt":"2020-10-22T08:27:21","guid":{"rendered":"http:\/\/letnanskelentilky.cz\/?p=1798"},"modified":"2020-08-27T08:58:50","modified_gmt":"2020-08-27T08:58:50","slug":"zastupitele-hodnoti-lentilky-oldrich-miffek","status":"publish","type":"post","link":"https:\/\/www.jan-mikulecky.cz\/index.php\/2020\/10\/22\/zastupitele-hodnoti-lentilky-oldrich-miffek\/","title":{"rendered":"Zastupitel\u00e9 hodnot\u00ed Lentilky: Old\u0159ich Miffek"},"content":{"rendered":"<p>Let\u0148ansk\u00e9 lentilky jsou nejv\u011bt\u0161\u00ed projekt od roku 1990, kter\u00fd M\u010c realizuje. T\u00edm p\u0159edch\u00e1zej\u00edc\u00edm byla p\u0159em\u011bna Star\u00e9 N\u00e1vsi. Je \u0161koda, \u017ee p\u0159i p\u0159\u00edprav\u011b Lentilek si z\u0159ejm\u011b nikdo neuv\u011bdomil, \u017ee by bylo dobr\u00e9 vych\u00e1zet ze zku\u0161enost\u00ed z\u00edskan\u00fdch p\u0159i v\u00fdstavb\u011b na Star\u00e9 N\u00e1vsi. Projekt byl sv\u011b\u0159en za M\u010c jednomu \u010dlov\u011bku, kter\u00fd se okolo n\u011bj pohybuje od p\u0159\u00edpravy projektu a\u017e do jeho \u00fapln\u00e9ho dokon\u010den\u00ed. To nebylo minim\u00e1ln\u011b rozumn\u00e9.<!--more--><\/p>\n<p>Asi nikdo nepop\u00edr\u00e1, \u017ee s\u00eddli\u0161t\u011b Avia II bylo od sv\u00e9ho vzniku v&nbsp;letech 1986-87 prakticky bez zelen\u011b. Tr\u00e1vn\u00edky na tak velk\u00e9 plo\u0161e nesta\u010dily. Vzhled s\u00eddli\u0161t\u011b nezachr\u00e1nila ani divok\u00e1 v\u00fdsadba p\u0159ed jednotliv\u00fdmi domy, kterou provedli jejich obyvatel\u00e9.<\/p>\n<p>Projekt Lentilek zasahuje do velk\u00e9ho \u00fazem\u00ed. Je \u0161koda, \u017ee nebyla provedena takov\u00e1 etapizace prac\u00ed, kter\u00e1 by zkr\u00e1tila dobu, kdy je s\u00eddli\u0161t\u011b rozkopan\u00e9. Nelze akceptovat n\u00e1zor, \u017ee obyvatel\u00e9 s\u00eddli\u0161t\u011b se musej\u00ed p\u0159izp\u016fsobit stavb\u011b. Naopak &#8211; stavba neprob\u00edh\u00e1 na zelen\u00e9 louce, a tak by m\u011bla respektovat lidi, kte\u0159\u00ed zde \u017eij\u00ed a pohybuj\u00ed se. P\u0159\u00edkladem zbyte\u010dn\u011b dlouh\u00e9 doby v\u00fdstavby je lentilka d\u011btsk\u00e9 h\u0159i\u0161t\u011b, kter\u00e1 se za\u010dala budovat v&nbsp;dubnu a m\u011bla b\u00fdt hotova v&nbsp;kv\u011btnu. N\u00e1sledn\u011b se term\u00edny posouvaly, tak\u017ee je p\u0159ed dokon\u010den\u00edm a\u017e te\u010f.<\/p>\n<p>D\u00e1 se polemizovat i o efektivit\u011b tzv. lentilek. Projekt zpracovali mlad\u00ed architekti a zvolili dosud nikde neozkou\u0161en\u00e9 prvky. Jen \u010das uk\u00e1\u017ee, zda jsou praktick\u00e9, nebo jestli by b\u00fdvalo lep\u0161\u00ed pokra\u010dovat s&nbsp;prvky pou\u017eit\u00fdmi v&nbsp;are\u00e1lu Chlebovick\u00e1 \u010di Star\u00e1 N\u00e1ves.<\/p>\n<p>Bohu\u017eel je zn\u00e1mou skute\u010dnost\u00ed, \u017ee zhotovitel Lentilek spole\u010dnost SKANSKA se na \u00fazem\u00ed Let\u0148an chov\u00e1, jako kdyby j\u00ed pat\u0159ily. Pou\u017e\u00edvan\u00e1 technika je odstavov\u00e1na i na ulic\u00edch, kter\u00e9 nejsou sou\u010d\u00e1st\u00ed stavby, a doch\u00e1z\u00ed k&nbsp;zablokov\u00e1n\u00ed pr\u016fjezdu ulicemi, proto\u017ee je tu slo\u017een\u00fd materi\u00e1l pro stavbu. P\u0159i p\u0159\u00edprav\u011b dal\u0161\u00edch etap je t\u0159eba se tomu vyvarovat.<\/p>\n<p>Objevily se i obavy z financov\u00e1n\u00ed projektu, kter\u00fd je hrazen jak z evropsk\u00fdch fond\u016f, tak ze zdroj\u016f M\u010c. Ty nejsou na m\u00edst\u011b, nebo\u0165 osobn\u011b jsem p\u0159esv\u011bd\u010den\u00fd, \u017ee ze strany M\u010c je hospod\u00e1rn\u00e9mu vyu\u017e\u00edv\u00e1n\u00ed financ\u00ed v\u011bnov\u00e1na maxim\u00e1ln\u00ed pozornost.<\/p>\n<p style=\"text-align: right;\">Old\u0159ich Miffek (\u010cSSD)<br \/>\nz\u00e1stupce starosty<\/p>\n<p style=\"text-align: left;\"><em>Zdroj: Let\u0148ansk\u00e9 listy, \u0159\u00edjen 2014<\/em><\/p>\n","protected":false},"excerpt":{"rendered":"<p>Let\u0148ansk\u00e9 lentilky jsou nejv\u011bt\u0161\u00ed projekt od roku 1990, kter\u00fd M\u010c realizuje. T\u00edm p\u0159edch\u00e1zej\u00edc\u00edm byla p\u0159em\u011bna Star\u00e9 N\u00e1vsi. Je \u0161koda, \u017ee p\u0159i p\u0159\u00edprav\u011b Lentilek si z\u0159ejm\u011b nikdo neuv\u011bdomil, \u017ee by bylo dobr\u00e9 vych\u00e1zet ze zku\u0161enost\u00ed z\u00edskan\u00fdch p\u0159i v\u00fdstavb\u011b na Star\u00e9 N\u00e1vsi. Projekt byl sv\u011b\u0159en za M\u010c jednomu \u010dlov\u011bku, kter\u00fd se okolo n\u011bj pohybuje od p\u0159\u00edpravy projektu &hellip; <\/p>\n<p class=\"link-more\"><a href=\"https:\/\/www.jan-mikulecky.cz\/index.php\/2020\/10\/22\/zastupitele-hodnoti-lentilky-oldrich-miffek\/\" class=\"more-link\">Pokra\u010dovat ve \u010dten\u00ed<span class=\"screen-reader-text\"> &#8222;Zastupitel\u00e9 hodnot\u00ed Lentilky: Old\u0159ich Miffek&#8220;<\/span><\/a><\/p>\n","protected":false},"author":1,"featured_media":0,"comment_status":"closed","ping_status":"closed","sticky":false,"template":"","format":"standard","meta":[],"categories":[9,4,5],"tags":[],"_links":{"self":[{"href":"https:\/\/www.jan-mikulecky.cz\/index.php\/wp-json\/wp\/v2\/posts\/1798"}],"collection":[{"href":"https:\/\/www.jan-mikulecky.cz\/index.php\/wp-json\/wp\/v2\/posts"}],"about":[{"href":"https:\/\/www.jan-mikulecky.cz\/index.php\/wp-json\/wp\/v2\/types\/post"}],"author":[{"embeddable":true,"href":"https:\/\/www.jan-mikulecky.cz\/index.php\/wp-json\/wp\/v2\/users\/1"}],"replies":[{"embeddable":true,"href":"https:\/\/www.jan-mikulecky.cz\/index.php\/wp-json\/wp\/v2\/comments?post=1798"}],"version-history":[{"count":1,"href":"https:\/\/www.jan-mikulecky.cz\/index.php\/wp-json\/wp\/v2\/posts\/1798\/revisions"}],"predecessor-version":[{"id":2738,"href":"https:\/\/www.jan-mikulecky.cz\/index.php\/wp-json\/wp\/v2\/posts\/1798\/revisions\/2738"}],"wp:attachment":[{"href":"https:\/\/www.jan-mikulecky.cz\/index.php\/wp-json\/wp\/v2\/media?parent=1798"}],"wp:term":[{"taxonomy":"category","embeddable":true,"href":"https:\/\/www.jan-mikulecky.cz\/index.php\/wp-json\/wp\/v2\/categories?post=1798"},{"taxonomy":"post_tag","embeddable":true,"href":"https:\/\/www.jan-mikulecky.cz\/index.php\/wp-json\/wp\/v2\/tags?post=1798"}],"curies":[{"name":"wp","href":"https:\/\/api.w.org\/{rel}","templated":true}]}}