{"id":1812,"date":"2020-10-02T06:27:27","date_gmt":"2020-10-02T06:27:27","guid":{"rendered":"http:\/\/letnanskelentilky.cz\/?p=1812"},"modified":"2020-08-27T08:55:26","modified_gmt":"2020-08-27T08:55:26","slug":"jan-mikulecky-letnany-zastupitel-se-pta-sidliste-jako-v-indii","status":"publish","type":"post","link":"https:\/\/www.jan-mikulecky.cz\/index.php\/2020\/10\/02\/jan-mikulecky-letnany-zastupitel-se-pta-sidliste-jako-v-indii\/","title":{"rendered":"Chcete s\u00eddli\u0161t\u011b jako v Indii? Pt\u00e1 se zastupitel Mikuleck\u00fd"},"content":{"rendered":"<p><a href=\"http:\/\/letnanskelentilky.cz\/wp-content\/uploads\/DSC09389.jpg\"><img loading=\"lazy\" class=\"alignleft size-thumbnail wp-image-1814\" src=\"http:\/\/letnanskelentilky.cz\/wp-content\/uploads\/DSC09389-150x150.jpg\" alt=\"DSC09389\" width=\"150\" height=\"150\"><\/a>&#8222;V&nbsp;posledn\u00edch t\u00fddnech jsem n\u011bkolikr\u00e1t sly\u0161el, \u017ee jsme zelenou lentilku u \u017dabky ud\u011blali blb\u011b\u201c, \u0159\u00edk\u00e1 radn\u00ed a zastupitel Jan Mikuleck\u00fd. Je pod n\u00ed nepo\u0159\u00e1dek, lid\u00e9 skrz ro\u0161t h\u00e1z\u00ed nedopalky a pap\u00edrky od su\u0161enek. Ro\u0161t, po kter\u00e9m se chod\u00ed, je 20 cm nad zem\u00ed, a po n\u011bkolika dnech je pod n\u00edm plno odpadk\u016f. Ale skute\u010dn\u011b za ten nepo\u0159\u00e1dek m\u016f\u017ee nov\u00e1 lentilka? Pt\u00e1 se Mikuleck\u00fd.<!--more--><\/p>\n<p>Jak \u0159ekl nejen \u010dlen rady M\u010c Praha 18 Jan Mikuleck\u00fd, Lentilky zm\u011bnily na\u0161e star\u00e9 s\u00eddli\u0161t\u011b k&nbsp;lep\u0161\u00edmu. Velmi rychle si zvyk\u00e1me na nov\u00e9 v\u011bci a m\u00e1lokdo si vzpomene, jak depresivn\u00ed bylo proj\u00edt mezi na\u0161imi panel\u00e1ky je\u0161t\u011b vloni. Hezk\u00e9 prost\u0159ed\u00ed se m\u016f\u017ee rychle zm\u011bnit zp\u00e1tky na ghetto, pokud se o n\u011bj nebudeme starat a nebudeme si v\u00e1\u017eit nov\u00fdch v\u011bc\u00ed kolem sebe. Co n\u00e1s vede k&nbsp;tomu, \u017ee nech\u00e1me na zemi le\u017eet krabi\u010dku od cigaret, kter\u00e1 se netrefila do ko\u0161e?<\/p>\n<p>&#8222;Doma jdeme z&nbsp;ob\u00fdv\u00e1ku p\u0159es chodbu a\u017e do kuchyn\u011b, abychom vyhodili obal od chips\u016f do t\u0159\u00edd\u011bn\u00e9ho odpadu. Ale venku klidn\u011b odhod\u00edme ten sam\u00fd pytl\u00edk, i kdy\u017e jsme metr od odpadkov\u00e9ho ko\u0161e. Kde se to v&nbsp;n\u00e1s zlom\u00ed?&#8220;, pt\u00e1 se Jan Mikuleck\u00fd, zastupitel. Maminka mal\u00e9 d\u00edt\u011b ihned ok\u0159ikne, kdy\u017e upust\u00ed hned vedle televize pap\u00edrek od bonb\u00f3nu na zem. \u201eMazej to uklidit,\u201c sly\u0161\u00edme, kdy\u017e puber\u0165\u00e1k nech\u00e1 \u0161pinav\u00e9 pr\u00e1dlo v\u00e1let po cel\u00e9m byt\u011b. Ale kdy\u017e jdeme kolem h\u0159i\u0161t\u011b, tak si jen zamuml\u00e1me pod vousy, kdo sakra vychov\u00e1val tu ml\u00e1de\u017e, \u017ee d\u011bl\u00e1 kolem sebe takov\u00fd bordel, a odhozen\u00e9 PET lahve nech\u00e1me beze slova&nbsp;le\u017eet.<\/p>\n<figure id=\"attachment_1815\" aria-describedby=\"caption-attachment-1815\" style=\"width: 584px\" class=\"wp-caption alignleft\"><a href=\"http:\/\/letnanskelentilky.cz\/wp-content\/uploads\/DSC09202.jpg\"><img loading=\"lazy\" class=\"wp-image-1815 size-large\" src=\"http:\/\/letnanskelentilky.cz\/wp-content\/uploads\/DSC09202-1024x768.jpg\" alt=\"Autor: Jan Mikuleck\u00fd, Indie\" width=\"584\" height=\"438\"><\/a><figcaption id=\"caption-attachment-1815\" class=\"wp-caption-text\">Autor: Jan Mikuleck\u00fd, Indie<\/figcaption><\/figure>\n<p>&#8222;Na\u0161e okol\u00ed je opravdu <strong>na\u0161e<\/strong>&nbsp;a pouze na n\u00e1s z\u00e1le\u017e\u00ed, jak dlouho z\u016fstane p\u011bkn\u00e9.&#8220; dod\u00e1v\u00e1 let\u0148ansk\u00fd zastupitel Jan Mikuleck\u00fd. My tu \u017eijeme a my si tvo\u0159\u00edme prost\u0159ed\u00ed kolem sebe. M\u016f\u017eeme se vymlouvat, \u017ee tu chyb\u00ed m\u011bstsk\u00e1 policie, \u017ee by to m\u011bl n\u011bkdo ka\u017ed\u00fd den ukl\u00edzet, ale kdybychom se ke sv\u00e9mu okol\u00ed chovali slu\u0161n\u011b, nepot\u0159ebujeme polici ani technickou \u010detu, co ka\u017ed\u00fd den sb\u00edr\u00e1 PET lahve v&nbsp;okol\u00ed d\u011btsk\u00fdch h\u0159i\u0161\u0165. Je tu skute\u010dn\u011b obec proto, aby neust\u00e1le po lidech ukl\u00edzela? \u0158ekneme, \u017ee to je z&nbsp;na\u0161ich dan\u00ed, ale opravdu chceme na\u0161e dan\u011b utr\u00e1cet za to, aby po n\u00e1s jin\u00ed ukl\u00edzeli? My tvo\u0159\u00edme na\u0161e okol\u00ed a my si ho tak\u00e9 um\u00edme velmi rychle zan\u00e9st odpadky, po\u0161kodit a zdemolovat..<\/p>\n<p>Popis k&nbsp;foto: Indie, Varanasi, svat\u00e9 m\u011bsto, 2013<\/p>\n<figure id=\"attachment_1813\" aria-describedby=\"caption-attachment-1813\" style=\"width: 584px\" class=\"wp-caption aligncenter\"><a href=\"http:\/\/letnanskelentilky.cz\/wp-content\/uploads\/DSC09184-e1414714961920.jpg\"><img loading=\"lazy\" class=\"wp-image-1813 size-large\" src=\"http:\/\/letnanskelentilky.cz\/wp-content\/uploads\/DSC09184-e1414714961920-768x1024.jpg\" alt=\"Autor: Jan Mikuleck\u00fd, Indie\" width=\"584\" height=\"778\"><\/a><figcaption id=\"caption-attachment-1813\" class=\"wp-caption-text\">Autor: Jan Mikuleck\u00fd, Indie<\/figcaption><\/figure>\n","protected":false},"excerpt":{"rendered":"<p>&#8222;V&nbsp;posledn\u00edch t\u00fddnech jsem n\u011bkolikr\u00e1t sly\u0161el, \u017ee jsme zelenou lentilku u \u017dabky ud\u011blali blb\u011b\u201c, \u0159\u00edk\u00e1 radn\u00ed a zastupitel Jan Mikuleck\u00fd. Je pod n\u00ed nepo\u0159\u00e1dek, lid\u00e9 skrz ro\u0161t h\u00e1z\u00ed nedopalky a pap\u00edrky od su\u0161enek. Ro\u0161t, po kter\u00e9m se chod\u00ed, je 20 cm nad zem\u00ed, a po n\u011bkolika dnech je pod n\u00edm plno odpadk\u016f. Ale skute\u010dn\u011b za ten &hellip; <\/p>\n<p class=\"link-more\"><a href=\"https:\/\/www.jan-mikulecky.cz\/index.php\/2020\/10\/02\/jan-mikulecky-letnany-zastupitel-se-pta-sidliste-jako-v-indii\/\" class=\"more-link\">Pokra\u010dovat ve \u010dten\u00ed<span class=\"screen-reader-text\"> &#8222;Chcete s\u00eddli\u0161t\u011b jako v Indii? Pt\u00e1 se zastupitel Mikuleck\u00fd&#8220;<\/span><\/a><\/p>\n","protected":false},"author":1,"featured_media":0,"comment_status":"closed","ping_status":"closed","sticky":false,"template":"","format":"standard","meta":[],"categories":[5],"tags":[],"_links":{"self":[{"href":"https:\/\/www.jan-mikulecky.cz\/index.php\/wp-json\/wp\/v2\/posts\/1812"}],"collection":[{"href":"https:\/\/www.jan-mikulecky.cz\/index.php\/wp-json\/wp\/v2\/posts"}],"about":[{"href":"https:\/\/www.jan-mikulecky.cz\/index.php\/wp-json\/wp\/v2\/types\/post"}],"author":[{"embeddable":true,"href":"https:\/\/www.jan-mikulecky.cz\/index.php\/wp-json\/wp\/v2\/users\/1"}],"replies":[{"embeddable":true,"href":"https:\/\/www.jan-mikulecky.cz\/index.php\/wp-json\/wp\/v2\/comments?post=1812"}],"version-history":[{"count":1,"href":"https:\/\/www.jan-mikulecky.cz\/index.php\/wp-json\/wp\/v2\/posts\/1812\/revisions"}],"predecessor-version":[{"id":2728,"href":"https:\/\/www.jan-mikulecky.cz\/index.php\/wp-json\/wp\/v2\/posts\/1812\/revisions\/2728"}],"wp:attachment":[{"href":"https:\/\/www.jan-mikulecky.cz\/index.php\/wp-json\/wp\/v2\/media?parent=1812"}],"wp:term":[{"taxonomy":"category","embeddable":true,"href":"https:\/\/www.jan-mikulecky.cz\/index.php\/wp-json\/wp\/v2\/categories?post=1812"},{"taxonomy":"post_tag","embeddable":true,"href":"https:\/\/www.jan-mikulecky.cz\/index.php\/wp-json\/wp\/v2\/tags?post=1812"}],"curies":[{"name":"wp","href":"https:\/\/api.w.org\/{rel}","templated":true}]}}