{"id":1821,"date":"2020-10-14T02:43:49","date_gmt":"2020-10-14T02:43:49","guid":{"rendered":"http:\/\/letnanskelentilky.cz\/?p=1821"},"modified":"2020-08-27T08:57:16","modified_gmt":"2020-08-27T08:57:16","slug":"jan-mikulecky-letnany-zastupitel-lentilkovy-honza-bude-opet-radit","status":"publish","type":"post","link":"https:\/\/www.jan-mikulecky.cz\/index.php\/2020\/10\/14\/jan-mikulecky-letnany-zastupitel-lentilkovy-honza-bude-opet-radit\/","title":{"rendered":"Jan Mikuleck\u00fd: Lentilkov\u00fd Honza bude op\u011bt \u0159\u00e1dit"},"content":{"rendered":"<p><img loading=\"lazy\" class=\"size-thumbnail wp-image-2493 alignleft\" src=\"https:\/\/www.janmikulecky.com\/wp-content\/uploads\/2018\/09\/Jan_Mikulecky_Letnany_P4121337-e1414716199545-150x150.jpg\" alt=\"\" width=\"150\" height=\"150\">V&nbsp;posledn\u00edch m\u011bs\u00edc\u00edch prob\u00edhala po cel\u00fdch Let\u0148anech pasportizace zelen\u011b. &#8222;Studenti ze Zahradnick\u00e9 akademie M\u011bln\u00edk pod odborn\u00fdm veden\u00edm sv\u00e9 u\u010ditelky Ing. Svobodov\u00e9 spo\u010d\u00edtali, zam\u011b\u0159ili a vyhodnotili p\u0159es 3000 strom\u016f, o kter\u00e9 se m\u011bstsk\u00e1 \u010d\u00e1st star\u00e1,&#8220; \u0159\u00edk\u00e1 Jan Mikuleck\u00fd, zastupitel Let\u0148any. V&nbsp;Let\u0148anech jsou tis\u00edce dal\u0161\u00edch strom\u016f, kter\u00e9 jsou v&nbsp;soukrom\u00e9m vlastnictv\u00ed. P\u0159es 500 strom\u016f bylo v&nbsp;leto\u0161n\u00edm roce pro\u0159ez\u00e1no a ozdraveno&nbsp;p\u0159esn\u011b podle odborn\u00fdch doporu\u010den\u00ed.<!--more--><\/p>\n<p>Odborn\u00e1 \u00fadr\u017eba strom\u016f je velmi d\u016fle\u017eit\u00e1 a je nutn\u00e9 ji d\u011blat pr\u016fb\u011b\u017en\u011b. U v\u0161ech perspektivn\u00edch strom\u016f se mus\u00ed ka\u017ed\u00fdch 5-10 let prov\u00e9st v\u00fdchovn\u00fd \u010di zdravotn\u00ed \u0159ez. Pasportizace uk\u00e1zala, \u017ee v&nbsp;posledn\u00edch letech nebyla odborn\u00e1 \u00fadr\u017eba na let\u0148ansk\u00fdch stromech ide\u00e1ln\u00ed. &#8222;Toto je zejm\u00e9na d\u016fvod, pro\u010d nyn\u00ed mus\u00edme p\u0159istoupit k&nbsp;nepopul\u00e1rn\u00edmu, nicm\u00e9n\u011b nutn\u00e9mu, k\u00e1cen\u00ed cca 50 strom\u016f. Z&nbsp;po\u010dtu 3000 se jedn\u00e1 o 1,7%, co\u017e je v&nbsp;celkov\u00e9m kontextu velmi p\u0159\u00edzniv\u00e9 \u010d\u00edslo,&#8220; \u0159\u00edk\u00e1 Jan Mikuleck\u00fd, zastupitel Let\u0148any.<\/p>\n<figure id=\"attachment_2580\" aria-describedby=\"caption-attachment-2580\" style=\"width: 840px\" class=\"wp-caption alignnone\"><img loading=\"lazy\" class=\"wp-image-2580 size-large\" src=\"https:\/\/www.janmikulecky.com\/wp-content\/uploads\/2018\/09\/Jan_Mikulecky_Letnany_WP_20140720_010-1024x768.jpg\" alt=\"Autor: Jan Mikulecky, Letnany\" width=\"840\" height=\"630\"><figcaption id=\"caption-attachment-2580\" class=\"wp-caption-text\">Autor: Jan Mikulecky, Letnany<\/figcaption><\/figure>\n<p>Nemocn\u00e9 stromy v havarijn\u00edm stavu budou k\u00e1ceny v jednotliv\u00fdch kusech nap\u0159\u00edklad v ulici Dudkova, Vambersk\u00e1, K\u0159ivokl\u00e1tsk\u00e1 nebo Dobratick\u00e1. Nikde nedojde k plo\u0161n\u00e9mu odstra\u0148ov\u00e1n\u00ed strom\u016f. &#8222;V\u0161e je podpo\u0159eno odborn\u00fdmi posudky a veden\u00ed radnice velmi uv\u00e1\u017eliv\u011b vyhodnotilo, kter\u00e9 stromy budou pok\u00e1ceny zejm\u00e9na z d\u016fvodu vysok\u00e9 provozn\u00ed nebezpe\u010dnosti a havarijn\u00edho stavu,&#8220; \u0159\u00edk\u00e1 Jan Mikuleck\u00fd, zastupitel Let\u0148any.<\/p>\n<p>Na v\u011bt\u0161in\u011b m\u00edst po vyk\u00e1cen\u00fdch stromech budou vysazeny nov\u00e9, o kter\u00e9 bude od za\u010d\u00e1tku odborn\u011b pe\u010dov\u00e1no tak, aby stromy zkr\u00e1\u0161lovaly na\u0161e okol\u00ed po mnoho dal\u0161\u00edch let. &#8222;V&nbsp;leto\u0161n\u00edm roce bylo nap\u0159\u00edklad v&nbsp;Lentilk\u00e1ch vysazeno t\u00e9m\u011b\u0159 100 nov\u00fdch strom\u016f, dal\u0161\u00edch 22 v&nbsp;are\u00e1lu Z\u0160 Tupolevova a v&nbsp;n\u00e1sleduj\u00edc\u00edch letech stovky nov\u00fdch p\u0159ibydou,&#8220; \u0159\u00edk\u00e1 Jan Mikuleck\u00fd, zastupitel Let\u0148any. Z\u00e1kladn\u00edm c\u00edlem radnice je nejen zvy\u0161ovat celkov\u00fd po\u010det zelen\u011b, ale tak\u00e9 pr\u016fb\u011b\u017en\u011b a pod odborn\u00fdm dohledem zlep\u0161ovat jej\u00ed kvalitu.<\/p>\n<figure id=\"attachment_2567\" aria-describedby=\"caption-attachment-2567\" style=\"width: 768px\" class=\"wp-caption alignnone\"><img loading=\"lazy\" class=\"wp-image-2567 size-large\" src=\"https:\/\/www.janmikulecky.com\/wp-content\/uploads\/2018\/09\/Jan_Mikulecky_Letnany_WP_20140506_007-768x1024.jpg\" alt=\"Autor: Jan Mikulecky, Letnany\" width=\"768\" height=\"1024\"><figcaption id=\"caption-attachment-2567\" class=\"wp-caption-text\">Autor: Jan Mikulecky, Letnany<\/figcaption><\/figure>\n<figure id=\"attachment_2566\" aria-describedby=\"caption-attachment-2566\" style=\"width: 768px\" class=\"wp-caption alignnone\"><img loading=\"lazy\" class=\"wp-image-2566 size-large\" src=\"https:\/\/www.janmikulecky.com\/wp-content\/uploads\/2018\/09\/Jan_Mikulecky_Letnany_WP_20140506_006-768x1024.jpg\" alt=\"Autor: Jan Mikulecky, Letnany\" width=\"768\" height=\"1024\"><figcaption id=\"caption-attachment-2566\" class=\"wp-caption-text\">Autor: Jan Mikulecky, Letnany<\/figcaption><\/figure>\n<figure id=\"attachment_2514\" aria-describedby=\"caption-attachment-2514\" style=\"width: 418px\" class=\"wp-caption alignnone\"><img loading=\"lazy\" class=\"wp-image-2514 size-full\" src=\"https:\/\/www.janmikulecky.com\/wp-content\/uploads\/2018\/09\/Jan_Mikulecky_Letnany_Popelnice.png\" alt=\"Autor: Jan Mikulecky, Letnany\" width=\"418\" height=\"341\"><figcaption id=\"caption-attachment-2514\" class=\"wp-caption-text\">Autor: Jan Mikulecky, Letnany<\/figcaption><\/figure>\n","protected":false},"excerpt":{"rendered":"<p>V&nbsp;posledn\u00edch m\u011bs\u00edc\u00edch prob\u00edhala po cel\u00fdch Let\u0148anech pasportizace zelen\u011b. &#8222;Studenti ze Zahradnick\u00e9 akademie M\u011bln\u00edk pod odborn\u00fdm veden\u00edm sv\u00e9 u\u010ditelky Ing. Svobodov\u00e9 spo\u010d\u00edtali, zam\u011b\u0159ili a vyhodnotili p\u0159es 3000 strom\u016f, o kter\u00e9 se m\u011bstsk\u00e1 \u010d\u00e1st star\u00e1,&#8220; \u0159\u00edk\u00e1 Jan Mikuleck\u00fd, zastupitel Let\u0148any. V&nbsp;Let\u0148anech jsou tis\u00edce dal\u0161\u00edch strom\u016f, kter\u00e9 jsou v&nbsp;soukrom\u00e9m vlastnictv\u00ed. P\u0159es 500 strom\u016f bylo v&nbsp;leto\u0161n\u00edm roce pro\u0159ez\u00e1no a &hellip; <\/p>\n<p class=\"link-more\"><a href=\"https:\/\/www.jan-mikulecky.cz\/index.php\/2020\/10\/14\/jan-mikulecky-letnany-zastupitel-lentilkovy-honza-bude-opet-radit\/\" class=\"more-link\">Pokra\u010dovat ve \u010dten\u00ed<span class=\"screen-reader-text\"> &#8222;Jan Mikuleck\u00fd: Lentilkov\u00fd Honza bude op\u011bt \u0159\u00e1dit&#8220;<\/span><\/a><\/p>\n","protected":false},"author":1,"featured_media":0,"comment_status":"closed","ping_status":"closed","sticky":false,"template":"","format":"standard","meta":[],"categories":[5],"tags":[],"_links":{"self":[{"href":"https:\/\/www.jan-mikulecky.cz\/index.php\/wp-json\/wp\/v2\/posts\/1821"}],"collection":[{"href":"https:\/\/www.jan-mikulecky.cz\/index.php\/wp-json\/wp\/v2\/posts"}],"about":[{"href":"https:\/\/www.jan-mikulecky.cz\/index.php\/wp-json\/wp\/v2\/types\/post"}],"author":[{"embeddable":true,"href":"https:\/\/www.jan-mikulecky.cz\/index.php\/wp-json\/wp\/v2\/users\/1"}],"replies":[{"embeddable":true,"href":"https:\/\/www.jan-mikulecky.cz\/index.php\/wp-json\/wp\/v2\/comments?post=1821"}],"version-history":[{"count":1,"href":"https:\/\/www.jan-mikulecky.cz\/index.php\/wp-json\/wp\/v2\/posts\/1821\/revisions"}],"predecessor-version":[{"id":2734,"href":"https:\/\/www.jan-mikulecky.cz\/index.php\/wp-json\/wp\/v2\/posts\/1821\/revisions\/2734"}],"wp:attachment":[{"href":"https:\/\/www.jan-mikulecky.cz\/index.php\/wp-json\/wp\/v2\/media?parent=1821"}],"wp:term":[{"taxonomy":"category","embeddable":true,"href":"https:\/\/www.jan-mikulecky.cz\/index.php\/wp-json\/wp\/v2\/categories?post=1821"},{"taxonomy":"post_tag","embeddable":true,"href":"https:\/\/www.jan-mikulecky.cz\/index.php\/wp-json\/wp\/v2\/tags?post=1821"}],"curies":[{"name":"wp","href":"https:\/\/api.w.org\/{rel}","templated":true}]}}