{"id":1836,"date":"2020-09-08T00:41:15","date_gmt":"2020-09-08T00:41:15","guid":{"rendered":"http:\/\/letnanskelentilky.cz\/?p=1836"},"modified":"2020-08-27T08:51:52","modified_gmt":"2020-08-27T08:51:52","slug":"jan-mikulecky-letnany-zastupitel-opet-letnanske-lentilky","status":"publish","type":"post","link":"https:\/\/www.jan-mikulecky.cz\/index.php\/2020\/09\/08\/jan-mikulecky-letnany-zastupitel-opet-letnanske-lentilky\/","title":{"rendered":"Op\u011bt Let\u0148ansk\u00e9 lentilky&#8230;"},"content":{"rendered":"<p><a href=\"http:\/\/letnanskelentilky.cz\/wp-content\/uploads\/WP_20140808_035.jpg\"><img loading=\"lazy\" class=\"alignleft size-thumbnail wp-image-1531\" src=\"http:\/\/letnanskelentilky.cz\/wp-content\/uploads\/WP_20140808_035-150x150.jpg\" alt=\"WP_20140808_035\" width=\"150\" height=\"150\"><\/a>&#8230;ano, op\u011bt Let\u0148ansk\u00e9 lentilky. Ji\u017e o nich bylo \u0159e\u010deno, i naps\u00e1no snad v\u0161e, ale n\u011bjak si nemohu pomoci&#8230;Denn\u011b je m\u00e1m pod okny a chod\u00edm kolem nich, tak tedy op\u011bt Let\u0148ansk\u00e9 lentilky.<!--more--><\/p>\n<h1><strong>Vize a skute\u010dnost<\/strong><\/h1>\n<p>Kdy\u017e jsem se prvn\u011b dozv\u011bd\u011bl o p\u0159ipravovan\u00e9m projektu Let\u0148ansk\u00fdch lentilek, zb\u011b\u017en\u011b jsem si ho prol\u00e9tl a mus\u00edm \u0159\u00edci, \u017ee mi v\u0161e p\u0159i\u0161lo sympatick\u00e9. Revitalizace, renovace nevyu\u017e\u00edvan\u00fdch ploch, barevnost, r\u016fznorodost jednotliv\u00fdch lentilek, celkov\u00fd p\u0159\u00ednos pro \u0161ed\u00e9 &#8222;\u00e1vi\u00e1ck\u00e9&#8220; s\u00eddli\u0161t\u011b&#8230;P\u0159izn\u00e1v\u00e1m, \u017ee v tu chv\u00edli jsem tomuto projektu p\u0159estal v\u011bnovat v\u011bt\u0161\u00ed pozornost, sledoval pr\u016fb\u011bh v\u00fdstavby a t\u011b\u0161il se na v\u00fdsledek. Nyn\u00ed jej vid\u00edm, a p\u0159esto\u017ee by sm\u011brem ke mn\u011b bylo mo\u017en\u00e9 pou\u017e\u00edt star\u00e9 zn\u00e1m\u00e9 &#8222;po bitv\u011b je ka\u017ed\u00fd gener\u00e1l&#8220;&#8230;, mus\u00edm konstatovat, \u017ee jsem o\u010dek\u00e1val n\u011bco \u00fapln\u011b jin\u00e9ho.<\/p>\n<p><a href=\"http:\/\/letnanskelentilky.cz\/wp-content\/uploads\/\u0161kolka9.jpg\"><img loading=\"lazy\" class=\"alignleft size-full wp-image-1460\" src=\"http:\/\/letnanskelentilky.cz\/wp-content\/uploads\/\u0161kolka9.jpg\" alt=\"\u0161kolka9\" width=\"903\" height=\"600\"><\/a><\/p>\n<h1><strong>Lentilkami k\u0159\u00ed\u017eem kr\u00e1\u017eem s d\u011btmi <\/strong><\/h1>\n<p>Jako\u017eto rodi\u010d dvou v\u00fdrostk\u016f nav\u0161t\u011bvuj\u00edc\u00edch druhou t\u0159\u00eddu z\u00e1kladn\u00ed \u0161koly, cht\u011bl jsem zjistit, jak lentilky obstoj\u00ed v praxi a vzal sv\u00e9 d\u011bti na obch\u016fzku po lentilk\u00e1ch.<\/p>\n<p><img loading=\"lazy\" class=\"alignleft size-large wp-image-1647\" src=\"http:\/\/letnanskelentilky.cz\/wp-content\/uploads\/WP_20140921_006-1024x576.jpg\" alt=\"WP_20140921_006\" width=\"584\" height=\"328\"><\/p>\n<p>Na fialov\u00e9 &#8211; posilovac\u00ed lentilce jsem v prvn\u00ed \u0159ad\u011b d\u011btem musel vysv\u011btlit, \u017ee ty betonov\u00e9 obrubn\u00edky po obvodu nejsou ur\u010deny k pob\u00edh\u00e1n\u00ed a sk\u00e1k\u00e1n\u00ed, ale \u017ee se na tom m\u00e1 opravdu sed\u011bt a tud\u00ed\u017e, \u017ee na to nohy nepat\u0159\u00ed. Sklidil jsem udiven\u00fd v\u00fdraz, nad kter\u00fdm jsem se ani p\u0159\u00edli\u0161 nepozastavoval. D\u011bti pro\u010detly n\u00e1vody a zkusily cviky, kter\u00e9 jim byly alespo\u0148 trochu srozumiteln\u00e9, p\u0159eru\u010dkovaly, kam dos\u00e1hly.Po chv\u00edli jsme vyrazili d\u00e1l. U \u017elut\u00e9 lentilky s pyramidou si pouze posteskly nad t\u00edm, kam asi zmizely obl\u00edben\u00e9 houpa\u010dky s&nbsp;klouza\u010dkou.<\/p>\n<p><a href=\"http:\/\/letnanskelentilky.cz\/wp-content\/uploads\/WP_20141012_0031.jpg\"><img loading=\"lazy\" class=\"aligncenter size-large wp-image-1849\" src=\"http:\/\/letnanskelentilky.cz\/wp-content\/uploads\/WP_20141012_0031-1024x576.jpg\" alt=\"WP_20141012_003\" width=\"584\" height=\"328\"><\/a><\/p>\n<p>Pod p\u0159\u00edslibem houpa\u010dek na lentilce \u010derven\u00e9 jsme zam\u00ed\u0159ili sm\u011brem k Ivan\u010dick\u00e9. P\u011bt houpa\u010dek t\u0159\u00ed typ\u016f! Dle m\u00fdch ratolest\u00ed, pouze jedna pou\u017eiteln\u00e1&#8230; Houpac\u00ed &#8222;s\u00edt\u011b&#8220;, kter\u00fdmi je jednodu\u0161\u0161\u00ed propadnout, ne\u017e do nich vyl\u00e9zt a dva jak\u00e9si &#8222;trena\u017e\u00e9ry rovnov\u00e1hy&#8220;, u kter\u00fdch se o houp\u00e1n\u00ed p\u0159\u00edli\u0161 mluvit ned\u00e1.<\/p>\n<p><a href=\"http:\/\/letnanskelentilky.cz\/wp-content\/uploads\/WP_20140904_013.jpg\"><img loading=\"lazy\" class=\"alignleft size-large wp-image-1622\" src=\"http:\/\/letnanskelentilky.cz\/wp-content\/uploads\/WP_20140904_013-1024x576.jpg\" alt=\"WP_20140904_013\" width=\"584\" height=\"328\"><\/a><\/p>\n<p>Pod\u00e9l panelov\u00fdch dom\u016f v Malkovsk\u00e9ho ulici jsme se dostali do jej\u00edho ohybu a nalezli oran\u017eovou lentilku, kter\u00e1 vzhledem k velikosti t\u0159\u00ed klouza\u010dek uprost\u0159ed, je z\u0159ejm\u011b ur\u010dena d\u011btem nejmlad\u0161\u00edm. Tento betonov\u00fd hybrid se d\u011btem celkem pozd\u00e1val a vydr\u017eely se ve vysok\u00e9m tempu honit po jeho obvodu a p\u0159eskakovat betonov\u00e9 &#8222;\u0161punty&#8220; a propl\u00e9tat se mezi &#8220; tykadly&#8220; ze stejn\u00e9ho materi\u00e1lu. Nicm\u00e9n\u011b mus\u00edm p\u0159iznat, \u017ee u mlad\u0161\u00edch d\u011bt\u00ed bych na tomto &#8222;h\u0159i\u0161ti&#8220; pon\u011bkud trnul strachy, kdy se co stane. Nestalo&#8230;Uf.<\/p>\n<p><a href=\"http:\/\/letnanskelentilky.cz\/wp-content\/uploads\/WP_20150615_16_56_56_Pro-1.jpg\"><img loading=\"lazy\" class=\"aligncenter wp-image-1845 size-full\" src=\"http:\/\/letnanskelentilky.cz\/wp-content\/uploads\/WP_20150615_16_56_56_Pro-1.jpg\" alt=\"WP_20150615_16_56_56_Pro-1\" width=\"800\" height=\"450\"><\/a><\/p>\n<p>\u0160achovou lentilku a zelen\u00e9 celokovov\u00e9 odpo\u010d\u00edvadlo jsme pouze minuli a ponech\u00e1m je bez koment\u00e1\u0159e. R\u00e1d se nech\u00e1m p\u0159ekvapit s jak\u00fdm se potkaj\u00ed \u00fasp\u011bchem v teplej\u0161\u00edch m\u011bs\u00edc\u00edch. Chci v\u011b\u0159it, \u017ee snad alespo\u0148 \u0161achy si sv\u00e9 p\u0159\u00edznivce najdou.<\/p>\n<p><a href=\"http:\/\/letnanskelentilky.cz\/wp-content\/uploads\/WP_20150615_16_58_26_Pro-1.jpg\"><img loading=\"lazy\" class=\"aligncenter wp-image-1846 size-full\" src=\"http:\/\/letnanskelentilky.cz\/wp-content\/uploads\/WP_20150615_16_58_26_Pro-1.jpg\" alt=\"WP_20150615_16_58_26_Pro-1\" width=\"800\" height=\"314\"><\/a><\/p>\n<p>Cestu jsme zakon\u010dili na modr\u00e9 lentilce, kde jsme se p\u0159ipojili ke kluk\u016fm kopaj\u00edc\u00edm na br\u00e1nu a tady jsem kone\u010dn\u011b vid\u011bl ten klasick\u00fd radostn\u00fd z\u00e1blesk v o\u010d\u00edch m\u00fdch d\u011bt\u00ed&#8230; Modr\u00e1 lentilka je skute\u010dn\u011b h\u0159i\u0161t\u011b.<\/p>\n<p><a href=\"http:\/\/letnanskelentilky.cz\/wp-content\/uploads\/WP_20141010_005.jpg\"><img loading=\"lazy\" class=\"aligncenter wp-image-1848 size-large\" src=\"http:\/\/letnanskelentilky.cz\/wp-content\/uploads\/WP_20141010_005-1024x576.jpg\" alt=\"WP_20141010_005\" width=\"584\" height=\"328\"><\/a><\/p>\n<p>Neo\u010dek\u00e1val jsem, \u017ee se v t\u00e9to \u010d\u00e1sti let\u0148ansk\u00e9ho s\u00eddli\u0161t\u011b objev\u00ed n\u011bco podobn\u00e9ho projektu vnitrobloku v Chlebovick\u00e9, ale pro\u010d do \u017eelezobetonov\u00e9ho s\u00eddli\u0161t\u011b nov\u011b zasazujeme dal\u0161\u00ed \u017eelezobetonov\u00e9 prvky? Kde jsou klouza\u010dky, d\u0159ev\u011bn\u00e9 &#8222;prolejzky&#8220;, kam si m\u00e1 j\u00edt maminka s ko\u010d\u00e1rkem sednout a &#8222;vypustit&#8220; svoji ratolest na p\u00edskovi\u0161t\u011b?<\/p>\n<p><a href=\"http:\/\/letnanskelentilky.cz\/wp-content\/uploads\/WP_20141006_015.jpg\"><img loading=\"lazy\" class=\"aligncenter size-large wp-image-1851\" src=\"http:\/\/letnanskelentilky.cz\/wp-content\/uploads\/WP_20141006_015-1024x576.jpg\" alt=\"WP_20141006_015\" width=\"584\" height=\"328\"><\/a><\/p>\n<p><strong>Jak d\u00e1l?<\/strong><\/p>\n<p>Ano, j\u00e1 v\u00edm, po bitv\u011b je ka\u017ed\u00fd gener\u00e1l&#8230;, ale j\u00e1 nejsem gener\u00e1l a s\u00eddli\u0161t\u011b \u201eLet\u0148ansk\u00fdch lentilek\u201c nen\u00ed bitevn\u00edm polem, je to m\u00edsto pro n\u00e1\u0161 \u017eivot, prost\u0159ed\u00ed, ve kter\u00e9m \u017eijeme.<\/p>\n<p><a href=\"http:\/\/letnanskelentilky.cz\/wp-content\/uploads\/WP_20150702_17_36_55_Pro1.jpg\"><img loading=\"lazy\" class=\"aligncenter size-large wp-image-1855\" src=\"http:\/\/letnanskelentilky.cz\/wp-content\/uploads\/WP_20150702_17_36_55_Pro1-1024x576.jpg\" alt=\"WP_20150702_17_36_55_Pro1\" width=\"584\" height=\"328\"><\/a><\/p>\n<p>Jako v\u00e1\u0161 zastupitel ji\u017e nepozorn\u00fd b\u00fdt nemohu, a proto chci nad Let\u0148ansk\u00fdmi lentilkami v\u00e9st v\u011bcnou diskuzi, ze kter\u00e9 &#8211; v&nbsp;r\u00e1mci projektu a prost\u0159edk\u016f p\u0159iznan\u00fdch na jeho realizaci &#8211; vzejde v\u00fdsledek, kter\u00fd zp\u0159\u00edjemn\u00ed, zlid\u0161t\u00ed, z\u00fatuln\u00ed \u017eivot na na\u0161em s\u00eddli\u0161ti a hlavn\u011b, bude bezpe\u010dn\u011b vyu\u017e\u00edv\u00e1n.<\/p>\n<h1 style=\"text-align: right;\"><strong>Luk\u00e1\u0161 Wencl<\/strong><\/h1>\n<p style=\"text-align: right;\">zastupitel za Hnut\u00ed Pro Prahu<\/p>\n<p style=\"text-align: right;\"><span style=\"color: black;\">602 179 648,&nbsp;<\/span><a href=\"mailto:LWencl@seznam.cz\">LWencl@seznam.cz<\/a><\/p>\n","protected":false},"excerpt":{"rendered":"<p>&#8230;ano, op\u011bt Let\u0148ansk\u00e9 lentilky. Ji\u017e o nich bylo \u0159e\u010deno, i naps\u00e1no snad v\u0161e, ale n\u011bjak si nemohu pomoci&#8230;Denn\u011b je m\u00e1m pod okny a chod\u00edm kolem nich, tak tedy op\u011bt Let\u0148ansk\u00e9 lentilky.<\/p>\n","protected":false},"author":1,"featured_media":0,"comment_status":"closed","ping_status":"closed","sticky":false,"template":"","format":"standard","meta":[],"categories":[10,8,2,11,12,4,5],"tags":[],"_links":{"self":[{"href":"https:\/\/www.jan-mikulecky.cz\/index.php\/wp-json\/wp\/v2\/posts\/1836"}],"collection":[{"href":"https:\/\/www.jan-mikulecky.cz\/index.php\/wp-json\/wp\/v2\/posts"}],"about":[{"href":"https:\/\/www.jan-mikulecky.cz\/index.php\/wp-json\/wp\/v2\/types\/post"}],"author":[{"embeddable":true,"href":"https:\/\/www.jan-mikulecky.cz\/index.php\/wp-json\/wp\/v2\/users\/1"}],"replies":[{"embeddable":true,"href":"https:\/\/www.jan-mikulecky.cz\/index.php\/wp-json\/wp\/v2\/comments?post=1836"}],"version-history":[{"count":1,"href":"https:\/\/www.jan-mikulecky.cz\/index.php\/wp-json\/wp\/v2\/posts\/1836\/revisions"}],"predecessor-version":[{"id":2716,"href":"https:\/\/www.jan-mikulecky.cz\/index.php\/wp-json\/wp\/v2\/posts\/1836\/revisions\/2716"}],"wp:attachment":[{"href":"https:\/\/www.jan-mikulecky.cz\/index.php\/wp-json\/wp\/v2\/media?parent=1836"}],"wp:term":[{"taxonomy":"category","embeddable":true,"href":"https:\/\/www.jan-mikulecky.cz\/index.php\/wp-json\/wp\/v2\/categories?post=1836"},{"taxonomy":"post_tag","embeddable":true,"href":"https:\/\/www.jan-mikulecky.cz\/index.php\/wp-json\/wp\/v2\/tags?post=1836"}],"curies":[{"name":"wp","href":"https:\/\/api.w.org\/{rel}","templated":true}]}}