{"id":1861,"date":"2020-09-06T21:02:28","date_gmt":"2020-09-06T21:02:28","guid":{"rendered":"http:\/\/letnanskelentilky.cz\/?p=1861"},"modified":"2020-08-27T08:51:35","modified_gmt":"2020-08-27T08:51:35","slug":"jan-mikulecky-letnany-zastupitel-lentilky-actum-es","status":"publish","type":"post","link":"https:\/\/www.jan-mikulecky.cz\/index.php\/2020\/09\/06\/jan-mikulecky-letnany-zastupitel-lentilky-actum-es\/","title":{"rendered":"Lentilky. Actum est!"},"content":{"rendered":"<p><a href=\"http:\/\/letnanskelentilky.cz\/wp-content\/uploads\/WP_20150615_16_56_36_Pro.jpg\"><img loading=\"lazy\" class=\"alignleft size-thumbnail wp-image-1862\" src=\"http:\/\/letnanskelentilky.cz\/wp-content\/uploads\/WP_20150615_16_56_36_Pro-150x150.jpg\" alt=\"WP_20150615_16_56_36_Pro\" width=\"150\" height=\"150\"><\/a>Nejv\u011bt\u0161\u00ed projekt v polistopadov\u00e9 historii Let\u0148an oslavil sv\u00e9 prvn\u00ed narozeniny. Ti\u0161e, nen\u00e1padn\u011b, \u017e\u00e1dn\u00e1 p\u00e1rty. Jak to s n\u00edm bude d\u00e1l, je velkou ot\u00e1zkou. Budou&nbsp;pen\u00edze v rozpo\u010dtu? Vyu\u017eij\u00ed se&nbsp;dotace? Najde se n\u011bkdo schopn\u00fd, kdo bude v projektu pokra\u010dovat? Kdo v\u00ed&#8230; Lentilky stoj\u00ed, d\u011bti si na nich hraj\u00ed, stromy rostou, trvalky kvetou a star\u00e9 normaliza\u010dn\u00ed s\u00eddli\u0161t\u011b dostalo modern\u00ed podobu i \u00fapln\u011b nov\u00fd n\u00e1zev.<!--more--><\/p>\n<p><em>Aktualizace 24\/9\/2015: Omlouv\u00e1m se v\u0161em znalc\u016fm latiny. Snad jsem je \u00famyslnou chybou v n\u00e1zvu moc neurazil. Uzn\u00e1v\u00e1m, \u017ee tato forma marketingu nen\u00ed \u00fapln\u011b f\u00e9r \ud83d\ude09 Pro ty nejv\u011bt\u0161\u00ed let\u0148ansk\u00e9 znalce mrtv\u00e9ho jazyka dod\u00e1v\u00e1m: Quod tibi fieri non vis, alteri ne feceris.<\/em><\/p>\n<p>Diskuse kolem Lentilek byla obrovsk\u00e1. Nikdy se v Let\u0148anech ne\u0159e\u0161il \u017e\u00e1dn\u00fd projekt tak ve\u0159ejn\u011b jako Lentilky.<a title=\"Ve\u0159ejn\u00e1 prezentace Lentilek\" href=\"http:\/\/letnanskelentilky.cz\/verejna-prezentace-lentilek\/\" target=\"_blank\" rel=\"noopener noreferrer\"> Prezentace pro stovky&nbsp;lid\u00ed<\/a>, vlastn\u00ed web, des\u00edtky osobn\u00edch jedn\u00e1n\u00ed&#8230;, to v\u0161e p\u0159isp\u011blo ke kone\u010dn\u00e9 verzi projektu, na kter\u00e9 se <a title=\"Let\u0148ansk\u00e9 s\u00eddli\u0161t\u011b se m\u011bn\u00ed podle p\u0159\u00e1n\u00ed jeho obyvatel\" href=\"http:\/\/letnanskelentilky.cz\/letnanske-sidliste-se-meni-podle-prani-jeho-obyvatel\/\" target=\"_blank\" rel=\"noopener noreferrer\">pod\u00edlel t\u00e9m\u011b\u0159 ka\u017ed\u00fd obyvatel s\u00eddli\u0161t\u011b<\/a>. Ti, co m\u011bli z\u00e1jem a chu\u0165, diskutovali, vyjad\u0159ovali se, komentovali a navrhovali zm\u011bny. V\u011bt\u0161ina projektu se vytvo\u0159ila podle lid\u00ed, co na s\u00eddli\u0161ti bydl\u00ed. <a title=\"Variantn\u00ed \u0159e\u0161en\u00ed ulice Ku\u017eelova\" href=\"http:\/\/letnanskelentilky.cz\/variantni-reseni-ulice-kuzelova\/\" target=\"_blank\" rel=\"noopener noreferrer\">Ku\u017eelovka<\/a>, <a title=\"Parkov\u00e1n\u00ed v Ivan\u010dick\u00e9: zm\u011bna podle po\u017eadavk\u016f obyvatel\" href=\"http:\/\/letnanskelentilky.cz\/parkovani-v-ivancicke-zmena-podle-pozadavku-obyvatel\/\" target=\"_blank\" rel=\"noopener noreferrer\">Ivan\u010dick\u00e1<\/a>, <a title=\"Varianty parkovi\u0161t\u011b M\u00edsteck\u00e1 x Krausova\" href=\"http:\/\/letnanskelentilky.cz\/varianty-parkoviste-mistecka-x-krausova\/\" target=\"_blank\" rel=\"noopener noreferrer\">M\u00edsteck\u00e1<\/a> jsou ulice, jejich\u017e nov\u00fd vzhled si vybrali sami jejich obyvatel\u00e9. Hlasov\u00e1n\u00ed, ankety, ofici\u00e1ln\u00ed jedn\u00e1n\u00ed s p\u0159edstaviteli SVJ byly z\u00e1kladem p\u0159i tvorb\u011b projektu nejv\u011bt\u0161\u00ed Let\u0148ansk\u00e9 zm\u011bny. A kter\u00e1 jin\u00e1 komise <a title=\"Z\u00e1pisy komise RS\u017dP\" href=\"http:\/\/letnanskelentilky.cz\/zapisy-komise-rszp\/\" target=\"_blank\" rel=\"noopener noreferrer\">zve\u0159ej\u0148ovala pravideln\u011b sv\u00e9 z\u00e1pisy<\/a>?<\/p>\n<p>Lentilky m\u011bly sv\u00e9 odp\u016frce. Je nutn\u00e9&nbsp;uznat, \u017ee n\u011bkte\u0159\u00ed z nich byli tak hlasit\u00ed, \u017ee to m\u00e1lem vypadalo, jakoby cel\u00e9 s\u00eddli\u0161t\u011b bylo proti t\u00e9to pozitivn\u00ed zm\u011bn\u011b. Nep\u0159\u00e1tel\u00e9 strakat\u00e9ho projektu byli velmi hou\u017eevnat\u00ed. Kdy\u017e se nepoda\u0159ilo usp\u011bt s opozi\u010dn\u00edm webem, tak zkusili petici. Kdy\u017e nevy\u0161la petice, \u017ealovali do Bruselu kv\u016fli dotac\u00edm. A kdy\u017e neusp\u011bli ani tam, za\u010dali na Lentilky fyzicky \u00fato\u010dit. Zni\u010den\u00fd tr\u00e1vn\u00edk v Ivan\u010dick\u00e9 letos na ja\u0159e je bohu\u017eel d\u016fkaz toho, \u017ee i lidsk\u00e1 hloupost m\u016f\u017ee p\u0159er\u016fst v agresi. Co p\u0159ijde d\u00e1l? Prop\u00edchan\u00e9 gumy? Fyzick\u00e9 napaden\u00ed? Zni\u010d\u00edte chemik\u00e1liemi v\u0161echny stromy? Tak jo, ale ni\u010d\u00edte si hlavn\u011b Va\u0161e \u017eivotn\u00ed okol\u00ed.<\/p>\n<p><a href=\"http:\/\/letnanskelentilky.cz\/wp-content\/uploads\/IMG_20150327_083147.jpg\"><img loading=\"lazy\" class=\"aligncenter size-large wp-image-1896\" src=\"http:\/\/letnanskelentilky.cz\/wp-content\/uploads\/IMG_20150327_083147-1024x768.jpg\" alt=\"IMG_20150327_083147\" width=\"584\" height=\"438\"><\/a><\/p>\n<p>Nev\u011b\u0159\u00edm tomu, \u017ee ty dv\u011b hlasit\u00e9 pan\u00ed z M\u00edsteck\u00e9, by byly schopny n\u011bco takov\u00e9ho ud\u011blat. Ty dv\u011b si kritiku Lentilek stanovily jako nejvy\u0161\u0161\u00ed c\u00edl pro zbytek \u017eivota, ale ni\u010dit nov\u00e9 tr\u00e1vn\u00edky? Ani mi hlava nebere, \u017ee by to byl snad n\u011bkdo ze Zdrav\u00e9 lentilkov\u00e9 opozice. A u\u017e v\u016fbec ne, kdy\u017e jej\u00ed p\u0159edstavitel\u00e9 te\u010f sed\u00ed v zastupitelstvu. Tak\u00e9 v\u00e1m zn\u00ed jako nesmysl, \u017ee by to byl ten sotva vystudovan\u00fd pr\u00e1vn\u00edk, co um\u00ed b\u00fdt agresivn\u00ed jen za po\u010d\u00edta\u010dem, ale p\u0159ed domem se V\u00e1s boj\u00ed oslovit? A\u0165 si ka\u017ed\u00fd z nich s\u00e1m s\u00e1hne do sv\u011bdom\u00ed, ale n\u011bkdo v b\u0159eznu nalil na tr\u00e1vn\u00edk v Ivan\u010dick\u00e9 \u0161kodlivou chemii. To je prost\u011b fakt.<\/p>\n<p>V\u017edy jsem m\u011bl slabost pro lidi, co nikdy nic nevytvo\u0159ili, ale kritizovat um\u00ed dokonale. Typick\u00fdm p\u0159\u00edkladem je jedna celo\u017eivotn\u00ed kontrolorka BOZP z M\u00edsteck\u00e9 ulice. Taky m\u00e1te r\u00e1di ty, co p\u0159ijdou k V\u00e1m na pracovi\u0161t\u011b, jsou chyt\u0159ej\u0161\u00ed ne\u017e r\u00e1dio a ve v\u0161em vid\u00ed chyby? A kdy\u017e se takov\u00e1 &#8222;odbornice&#8220; stane p\u0159es noc profesion\u00e1lkou na zele\u0148, nen\u00ed o legraci nouze. Jen je p\u011bkn\u00fd voprus tr\u00e1vit hodiny a hodiny neust\u00e1l\u00fdm vysv\u011btlov\u00e1n\u00ed, \u017ee geotextilie je z\u00e1le\u017eitost\u00ed minul\u00e9ho stolet\u00ed a ka\u017ed\u00fd odborn\u011b znal\u00fd v\u00ed, \u017ee se nikdy v zemin\u011b nerozlo\u017e\u00ed a je extr\u00e9mn\u011b \u0161kodliv\u00e1 pro jak\u00e9koli ke\u0159e \u010di kv\u011btiny.<\/p>\n<p><a href=\"http:\/\/letnanskelentilky.cz\/wp-content\/uploads\/IMG-20150716-WA0004-cut.jpg\"><img loading=\"lazy\" class=\"aligncenter wp-image-1869 size-full\" src=\"http:\/\/letnanskelentilky.cz\/wp-content\/uploads\/IMG-20150716-WA0004-cut.jpg\" alt=\"IMG-20150716-WA0004 cut\" width=\"800\" height=\"596\"><\/a><\/p>\n<p>D\u0159\u00edve byla geotextilie popul\u00e1rn\u00edm opat\u0159en\u00edm proti plevelu. Dnes se p\u00ed\u0161\u00ed odborn\u00e9 studie o tom, jak devastuje p\u016fdu. Sv\u011bt se vyv\u00edj\u00ed. Ve filmech ze 70. let se b\u011b\u017en\u011b kou\u0159\u00ed. Dnes jsou omezen\u00ed ku\u0159\u00e1k\u016f na hranici osobn\u00ed svobody. Bohu\u017eel \u0159ada t\u011bch nehlasit\u011bj\u0161\u00edch obyvatel s\u00eddli\u0161t\u011b zamrzla v minul\u00e9m stolet\u00ed a modern\u00ed p\u0159\u00edstupy k \u0159e\u0161en\u00ed ve\u0159ejn\u00e9 zelen\u011b pro n\u011b z\u016fst\u00e1vaj\u00ed zcela nedosa\u017eiteln\u00e9.<\/p>\n<p>V Let\u0148anech \u017eije plno lid\u00ed, kte\u0159\u00ed zeleni opravdu rozum\u00ed a jsou ochotn\u00ed pochopit, \u017ee star\u00e9 <a href=\"http:\/\/www.letnanskelisty.cz\/sidliste-a-zivotni-prostredi\/1497-rekonstrukce-chodn%C3%ADku-v-jablunkovsk%C3%A9-byla-dokon%C4%8Dena.html\" target=\"_blank\" rel=\"noopener noreferrer\">neperspektivn\u00ed stromy za zenitem mohou ud\u011blat m\u00edsto nov\u00fdm<\/a>. Vedle nich tu m\u00e1me p\u00e1r dal\u0161\u00edch, kte\u0159\u00ed rozum\u00ed m\u00e9n\u011b, <a href=\"http:\/\/www.letnanskelisty.cz\/sidliste-a-zivotni-prostredi\/1743-holky-a-kluci-na-tupolevce-maj%C3%AD-sv%C3%A9-stromy.html\" target=\"_blank\" rel=\"noopener noreferrer\">ne\u017e \u017e\u00e1ci z\u00e1kladn\u00ed \u0161koly<\/a>. Deficity v Lentikov\u00e9 zeleni se postupn\u011b \u0159e\u0161\u00ed. Stromy i ke\u0159e se postupn\u011b rozv\u00edjej\u00ed a l\u00e9to uk\u00e1zalo, \u017ee i velk\u00e1 horka zele\u0148 p\u0159e\u017eije, kdy\u017e se o ni spr\u00e1vn\u011b staraj\u00ed.<\/p>\n<p><a href=\"http:\/\/letnanskelentilky.cz\/wp-content\/uploads\/WP_20150615_16_56_36_Pro.jpg\"><img loading=\"lazy\" class=\"aligncenter size-large wp-image-1862\" src=\"http:\/\/letnanskelentilky.cz\/wp-content\/uploads\/WP_20150615_16_56_36_Pro-1024x576.jpg\" alt=\"WP_20150615_16_56_36_Pro\" width=\"584\" height=\"328\"><\/a><\/p>\n<p>P\u00e1rkr\u00e1t jsem sly\u0161el, \u017ee je kolem lentilek vy\u0161lapan\u00e1 tr\u00e1va. Ano je a je to jasn\u00fdm d\u016fkazem, \u017ee se lentilky d\u011btem hrozn\u011b moc l\u00edb\u00ed. Kone\u010dn\u011b je na\u0161e s\u00eddli\u0161t\u011b modern\u00ed m\u00edsto k \u017eivotu a rodi\u010de se nemus\u00ed b\u00e1t pustit d\u011bcka samotn\u00e1 ven. Ka\u017ed\u00fd den jsou h\u0159i\u0161t\u011b pln\u00e1 mal\u00fdch ratolest\u00ed a adolescent\u016f, kte\u0159\u00ed na nich tr\u00e1v\u00ed hodiny a hodiny m\u00edsto toho, aby sed\u011bli doma u tabletu. Jejich noha ob\u010das spo\u010dine na okoln\u00ed tr\u00e1v\u011b a tak to prost\u011b je a bude.&nbsp;Sna\u017e\u00edme se tr\u00e1vu postupn\u011b obnovovat, nicm\u00e9n\u011b prost\u0159ed\u00ed s\u00eddli\u0161t\u011b nen\u00ed golfov\u00e9 h\u0159i\u0161t\u011b a&nbsp;vy\u0161lapan\u00e9 plochy tu s n\u00e1mi budou nav\u017edy. Smi\u0159te se s t\u00edm a sp\u00ed\u0161e si u\u017e\u00edvejte p\u011bkn\u00e9ho po\u010das\u00ed, ne\u017e abyste sed\u011bli doma u po\u010d\u00edta\u010de a roz\u010dilovali se nad v\u011bcmi, na kter\u00fdch budoucnost na\u0161i d\u011bt\u00ed nestoj\u00ed.<\/p>\n<p>Star\u00e9 p\u0159\u00edslov\u00ed \u0159\u00edk\u00e1: Nikdy se nezavd\u011b\u010d\u00ed\u0161 lidem v\u0161em. Toto pln\u011b ch\u00e1pu. Uspokojit pot\u0159eby mlad\u00fdch lid\u00ed, d\u016fchodc\u016f, d\u011bt\u00ed, \u0159idi\u010d\u016f, maminek, puber\u0165\u00e1k\u016f a v\u0161ech dal\u0161\u00edch je nadlidsk\u00fd \u00fakon. Nikdy jsem neo\u010dek\u00e1val, \u017ee by Lentilky pozitivn\u011b p\u0159ijalo 100 % m\u00fdch soused\u016f.<\/p>\n<p>Je asi v&nbsp;n\u00e1s \u010ce\u0161\u00edch, \u017ee nejl\u00e9pe um\u00edme kritizovat a pomlouvat v\u00fdtvory jin\u00fdch a pochvalu si nech\u00e1v\u00e1me a\u017e do hrobu. Je dob\u0159e, \u017ee Lentilky maj\u00ed sv\u00e9 kritiky, proto\u017ee konstruktivn\u00ed nesouhlasn\u00e9 n\u00e1zory v\u00fdznamn\u011b zvy\u0161uj\u00ed kvality ka\u017ed\u00e9ho projektu. Bohu\u017eel v\u0161ak u n\u00e1s na s\u00eddli\u0161ti um\u00ed rozumn\u011b \u0159\u00edci opa\u010dn\u00fd n\u00e1zor jen p\u00e1r lid\u00ed. Kolegov\u00e9 z SVJ v M\u00edsteck\u00e9 567-9, n\u011bkter\u00e9 kolegyn\u011b z Malkovsk\u00e9ho, t\u00e9m\u011b\u0159 cel\u00e1 Ku\u017eelovka a plno dal\u0161\u00edch z\u00e1stupc\u016f SVJ uk\u00e1zalo sv\u016fj rozum, nadhled a ochotu ke kompromisu, kdy\u017e se Lentilky stav\u011bly.<\/p>\n<p>Na\u0161li se v\u0161ak i takov\u00ed, kte\u0159\u00ed um\u011bli jen upozor\u0148ovat na chyby, nedostatky a nedokonalosti v tak slo\u017eit\u00e9m projektu. Nap\u0159\u00edklad neust\u00e1l\u00e1 diskuse o ka\u010d\u00edrku v Ivan\u010dick\u00e9 nebo z\u00fa\u017een\u00ed chodn\u00edku v M\u00edsteck\u00e9 a Malkovsk\u00e9ho jsou jasn\u00fdm d\u016fkazem uk\u00e1jen\u00ed neuspokojen\u00e9ho ega z\u00e1stupc\u016f t\u011bchto dom\u016f.<\/p>\n<p><a href=\"http:\/\/letnanskelentilky.cz\/wp-content\/uploads\/WP_20150724_19_12_05_Pro.jpg\"><img loading=\"lazy\" class=\"aligncenter size-large wp-image-1873\" src=\"http:\/\/letnanskelentilky.cz\/wp-content\/uploads\/WP_20150724_19_12_05_Pro-1024x576.jpg\" alt=\"WP_20150724_19_12_05_Pro\" width=\"584\" height=\"328\"><\/a><\/p>\n<p>I u n\u00e1s na s\u00eddli\u0161ti st\u00e1le \u017eij\u00ed lid\u00e9 nespokojeni se sv\u00fdm \u017eivotem, pozic\u00ed v pr\u00e1ci \u010di rodinn\u00fdm stavem. Ka\u017ed\u00fd z&nbsp;n\u00e1s si z&nbsp;d\u011btstv\u00ed pamatuje ty, kte\u0159\u00ed nepat\u0159ili do \u017e\u00e1dn\u00e9 party, p\u0159i rozpo\u010d\u00edt\u00e1v\u00e1n\u00ed v&nbsp;hodin\u00e1ch t\u011blocviku skon\u010dili v\u017edy na konci \u0159ady a ve front\u011b na ob\u011bd je ka\u017ed\u00fd p\u0159edb\u011bhl. Jim dnes chyb\u00ed pr\u00e1v\u011b ten nadhled a rozumn\u00fd p\u0159\u00edstup ke kompromisu.<\/p>\n<p>Samostatnou kapitolou jsou strakat\u00e9 fas\u00e1dy na\u0161ich dom\u016f. Jen m\u00e1lokde se povedlo, \u017ee se z\u00e1stupci SVJ dohodli a nechali ud\u011blat jednotn\u00fd vzhled cel\u00e9ho domu. Jednan\u00ed ve stylu &#8222;J\u00e1 jsem p\u0159edseda bar\u00e1ku a kdo je v\u00edc&#8230;&#8220; jsou u n\u00e1s na s\u00eddli\u0161ti pom\u011brn\u011b b\u011b\u017en\u00e1. Pr\u00e1v\u011b zde by ur\u010dit\u011b pomohl vet\u0161\u00ed d\u016fraz ze strany stavebn\u00edho \u00fa\u0159adu. Kdy\u017e se neum\u00ed dohodnout lid\u00e9 v jednom dom\u011b, jak chcete z\u00edskat konsenzus pro cel\u00e9 s\u00eddli\u0161t\u011b, kde \u017eije 3500 lid\u00ed?<\/p>\n<p>Dal\u0161\u00ed ot\u00e1zkou z\u016fst\u00e1v\u00e1, zda m\u00e1 pr\u00e1vo ob\u010dan dalek\u00fdch Strakonic bez jak\u00e9koli da\u0148ov\u00e9 povinnosti v\u016f\u010di Let\u0148an\u016fm zdr\u017eovat pracovn\u00edky radnice zmate\u010dn\u00fdmi emaily, kter\u00e9 jsou psan\u00e9 na hranici du\u0161evn\u00ed poruchy? My, co jsme skute\u010dn\u00fdmi obyvateli Let\u0148an, plat\u00edme zde dan\u011b, z kter\u00fdch je financov\u00e1n provoz obce, to pr\u00e1vo m\u00e1me. My m\u016f\u017eeme pokl\u00e1dat ot\u00e1zky, m\u016f\u017eeme kritizovat chod obce a ti konstruktivn\u011bj\u0161\u00ed mohou navrhovat \u0159e\u0161en\u00ed. Ti ob\u010dan\u00e9, kte\u0159\u00ed tu p\u0159esp\u00e1vaj\u00ed 2 dny v t\u00fddnu a plat\u00ed v\u0161echny dan\u011b v jin\u00e9m m\u011bst\u011b, maj\u00ed ur\u010dit\u011b tak\u00e9 pr\u00e1vo vyjad\u0159ovat se k d\u011bn\u00ed v&nbsp;na\u0161\u00ed obci, ale kde je ta hranice? Jak je mo\u017en\u00e9, \u017ee pracovn\u00edk radnice, kter\u00fd se m\u00e1 starat o Let\u0148anskou zele\u0148, tr\u00e1v\u00ed 4 hodiny denn\u011b odpov\u00edd\u00e1n\u00edm na zb\u011bsil\u00e9 emaily, kter\u00fdm nerozum\u00ed ani jejich du\u0161evn\u011b naru\u0161en\u00fd autor z Krausovy ulice? Jako ob\u010dan chci, aby pracovn\u00edci radnice byli venku na ulic\u00edch a starali se o na\u0161i zele\u0148. Rozhodn\u011b nesouhlas\u00edm s t\u00edm, aby zbyte\u010dn\u011b vysed\u00e1vali u po\u010d\u00edta\u010de a emailovali si s ne-ob\u010danem Let\u0148an, jeho\u017e des\u00edtky zpr\u00e1v&nbsp;m\u011bs\u00ed\u010dn\u011b lze pova\u017eovat za trestn\u00ed \u010din ve smyslu <a href=\"https:\/\/cs.wikipedia.org\/wiki\/Stalking\" target=\"_blank\" rel=\"noopener noreferrer\">\u00a7&nbsp;354 z\u00e1kona 40\/2009<\/a>.<\/p>\n<p><a href=\"http:\/\/letnanskelentilky.cz\/wp-content\/uploads\/WP_20141017_002.jpg\"><img loading=\"lazy\" class=\"aligncenter size-large wp-image-1874\" src=\"http:\/\/letnanskelentilky.cz\/wp-content\/uploads\/WP_20141017_002-1024x576.jpg\" alt=\"WP_20141017_002\" width=\"584\" height=\"328\"><\/a><\/p>\n<p>Volby jasn\u011b uk\u00e1zaly, \u017ee<a href=\"http:\/\/www.volby.cz\/pls\/kv2014\/kv1111?xjazyk=CZ&amp;xid=1&amp;xdz=5&amp;xnumnuts=1100&amp;xobec=547417&amp;xokrsek=18006&amp;xstat=0&amp;xvyber=1\" target=\"_blank\" rel=\"noopener noreferrer\"> Lentilky maj\u00ed podporu v\u011bt\u0161iny<\/a>. Hlasov\u00e1n\u00ed zastupitelstva bylo <a title=\"Zastupitel\u00e9 drtiv\u011b podpo\u0159ili Lentilky\" href=\"http:\/\/letnanskelentilky.cz\/zastupitele-drtive-podporili-lentilky\/\" target=\"_blank\" rel=\"noopener noreferrer\">v\u017edy t\u00e9m\u011b\u0159 jednozna\u010dn\u00e9<\/a>. Ano, i ty, Ondro, jsi Lentilky za sv\u00fdch dob velmi podporoval. \u0160koda, \u017ee jsi nep\u0159i\u0161el s n\u00e1padem na nov\u00e1 parkovac\u00ed m\u00edsta, kdy\u017e<a href=\"http:\/\/www.letnanskelisty.cz\/z-radnice\/1938-let%C5%88ansk%C3%A9-f%C3%B3rum-4-2015.html\" target=\"_blank\" rel=\"noopener noreferrer\"> je te\u010f tolik postr\u00e1d\u00e1\u0161<\/a>.<\/p>\n<p>Je zvl\u00e1\u0161tn\u00ed <a href=\"http:\/\/www.letnanskelisty.cz\/z-radnice\/1938-let%C5%88ansk%C3%A9-f%C3%B3rum-4-2015.html\" target=\"_blank\" rel=\"noopener noreferrer\">\u010d\u00edst sou\u010dasn\u00e1 vyj\u00e1d\u0159en\u00ed nap\u0159\u00edklad k nevy\u0159e\u0161en\u00e9mu parkov\u00e1n\u00ed od lid\u00ed, kte\u0159\u00ed byli p\u0159\u00edmo u zrodu projektu<\/a>. Zde m\u011b napad\u00e1 jedin\u00e1 ot\u00e1zka: Pro\u010d tehdy nep\u0159i\u0161ly n\u00e1vrhy na v\u00edce parkovac\u00edch m\u00edst, na v\u00edce zelen\u011b, na v\u00edce d\u011btsk\u00fdch h\u0159i\u0161\u0165? Napadaj\u00ed m\u011b pouze dva d\u016fvody. Bu\u010f jsme ji\u017e v n\u00e1vrhu <a href=\"http:\/\/letnanskelentilky.cz\/prvni-parkovaci-mista-k-dispozici\/\" target=\"_blank\" rel=\"noopener noreferrer\">maximalizovali plochy na parkov\u00e1n\u00ed<\/a> v\u016f\u010di ploch\u00e1m zelen\u011b nebo tito lid\u00e9 pl\u00e1caj\u00ed suchou sl\u00e1mu, proto\u017ee sami nemaj\u00ed jedin\u00fd n\u00e1pad, kde by\u0165 jen jedno parkovac\u00ed m\u00edsto ud\u011blat.<\/p>\n<p><a href=\"http:\/\/letnanskelentilky.cz\/wp-content\/uploads\/WP_20140512_0121.jpg\"><img loading=\"lazy\" class=\"aligncenter size-large wp-image-1612\" src=\"http:\/\/letnanskelentilky.cz\/wp-content\/uploads\/WP_20140512_0121-1024x768.jpg\" alt=\"WP_20140512_012\" width=\"584\" height=\"438\"><\/a><\/p>\n<p>Je tak\u00e9 skv\u011bl\u00e9, \u017ee se kone\u010dn\u011b posunulo my\u0161len\u00ed n\u011bkter\u00fdch p\u0159edstavitel\u016f k parkovac\u00edm dom\u016fm. Kdy\u017e jsem <a title=\"Etapa 6: Val z\u016fst\u00e1v\u00e1, parkovi\u0161t\u011b v Bahoku\" href=\"http:\/\/letnanskelentilky.cz\/etapa-6-val-zustava-parkoviste-v-bahoku\/\" target=\"_blank\" rel=\"noopener noreferrer\">p\u0159ed dv\u011bma lety s t\u00edmto n\u00e1padem p\u0159i\u0161el<\/a>, bylo to pova\u017eov\u00e1no za dal\u0161\u00ed strakat\u00fd pomn\u00edk jednoho aktivn\u00edho radn\u00edho.<\/p>\n<p>V\u0161ichni, kdo kdy brojili proti Lentilk\u00e1m, se te\u010f mus\u00ed s jednou v\u011bc\u00ed sm\u00ed\u0159it. Lentilky tu stoj\u00ed a budou st\u00e1t dal\u0161\u00ed des\u00edtky let.<a title=\"Ve\u0159ejn\u00e1 prezentace Lentilek\" href=\"http:\/\/letnanskelentilky.cz\/verejna-prezentace-lentilek\/\" target=\"_blank\" rel=\"noopener noreferrer\"> Diskuse prob\u00edhala roky nazp\u00e1tek<\/a> a \u00fa\u010dastnil se j\u00ed <a title=\"Komise RS\u017dP: mo\u017enost \u00fa\u010dasti na jedn\u00e1n\u00ed\" href=\"http:\/\/letnanskelentilky.cz\/komise-rszp-moznost-ucasti-na-jednani-o-lentilkach\/\" target=\"_blank\" rel=\"noopener noreferrer\">ka\u017ed\u00fd, kdo m\u011bl z\u00e1jem<\/a>&nbsp;(<a title=\"Komise RS\u017dP: mo\u017enost \u00fa\u010dasti na jedn\u00e1n\u00ed o Lentilk\u00e1ch\" href=\"http:\/\/letnanskelentilky.cz\/komise-rszp-moznost-ucasti-na-jednani\/\" target=\"_blank\" rel=\"noopener noreferrer\">&#8230;u\u017e 2 roky p\u0159ed zah\u00e1jen\u00edm stavby<\/a>).&nbsp;Kritici byli schovan\u00ed za pec\u00ed a kdy\u017e se za\u010dalo stav\u011bt, tak p\u0159i\u0161li s &#8222;chytr\u00fdmi&#8220; n\u00e1pady. Kde jste byli, kdy\u017e se projekt p\u0159ipravoval? Kdy a komu jste p\u0159edlo\u017eili Va\u0161e konkr\u00e9tn\u00ed n\u00e1vrhy na zm\u011bnu s\u00eddli\u0161t\u011b? Pro\u010d nikdo z V\u00e1s nep\u0159isp\u011bl se sv\u00fdm n\u00e1zorem do projektu, jako to <a title=\"Variantn\u00ed \u0159e\u0161en\u00ed ulice Ku\u017eelova\" href=\"http:\/\/letnanskelentilky.cz\/variantni-reseni-ulice-kuzelova\/\" target=\"_blank\" rel=\"noopener noreferrer\">ud\u011blala velk\u00e1 \u0159ada <\/a>lid\u00ed <a title=\"Parkov\u00e1n\u00ed v Ivan\u010dick\u00e9: zm\u011bna podle po\u017eadavk\u016f obyvatel\" href=\"http:\/\/letnanskelentilky.cz\/parkovani-v-ivancicke-zmena-podle-pozadavku-obyvatel\/\" target=\"_blank\" rel=\"noopener noreferrer\">bydl\u00edc\u00edch na s\u00eddli\u0161ti<\/a>?<\/p>\n<p><a href=\"http:\/\/letnanskelentilky.cz\/wp-content\/uploads\/WP_20141010_005.jpg\"><img loading=\"lazy\" class=\"aligncenter size-large wp-image-1848\" src=\"http:\/\/letnanskelentilky.cz\/wp-content\/uploads\/WP_20141010_005-1024x576.jpg\" alt=\"WP_20141010_005\" width=\"584\" height=\"328\"><\/a><\/p>\n<p>Podporu Lentilek tak\u00e9 otestovalo hned za za\u010d\u00e1tku stavby jedno ob\u010dansk\u00e9 sdru\u017een\u00ed, chcete-li dnes ozna\u010dovan\u00e9 jako zapsan\u00fd spolek. Je velk\u00e1 \u0161koda, \u017ee jsme se nikdy nedozv\u011bd\u011bli, jakou podporu m\u011bla petice rozeslan\u00e1 na v\u00edce jak 35 SVJ. Kolik se ozvalo zp\u011bt? 2 nebo 3? Lentilky jsem osobn\u011b prob\u00edral za ty roky se stovkami m\u00fdch soused\u016f a <strong>99% z nich v\u00edtalo jakoukoli zm\u011bnu <\/strong>star\u00e9ho s\u00eddli\u0161t\u011b. Mo\u017en\u00e1 by st\u00e1lo za to, aby i ostatn\u00ed b\u00fdval\u00ed \u010di sou\u010dasn\u00ed p\u0159edstavitel\u00e9 obce chodili v\u00edce mezi lidi a ne\u0159e\u0161ili sv\u00e9 mnohdy osobn\u00ed probl\u00e9my jen mezi &#8222;sv\u00fdmi&#8220;.<\/p>\n<p>T\u00e9m\u011b\u0159 nikdo z t\u011bch v\u0161ech rozumn\u011b sm\u00fd\u0161lej\u00edc\u00edch lid\u00ed ne\u0159e\u0161il, jestli chodn\u00edk pob\u011b\u017e\u00ed tudy nebo 2 metry vedle. M\u011bli p\u0159ipom\u00ednky k zeleni, parkov\u00e1n\u00ed, h\u0159i\u0161t\u00edm atd. Na v\u0161echny projektanti reagovali. A proto se lid\u00e9 t\u011b\u0161ili na zm\u011bnu star\u00e9ho normaliza\u010dn\u00edho prostoru na modern\u00ed m\u00edsto k \u017eivotu. A sv\u016fj <a href=\"http:\/\/www.volby.cz\/pls\/kv2014\/kv1111?xjazyk=CZ&amp;xid=1&amp;xdz=5&amp;xnumnuts=1100&amp;xobec=547417&amp;xokrsek=18006&amp;xstat=0&amp;xvyber=1\" target=\"_blank\" rel=\"noopener noreferrer\">souhlas projevili i v plebiscitu<\/a>. Jen je \u0161koda, \u017ee jsme je my politici otr\u00e1vili natolik, \u017ee jich p\u0159i\u0161lo tak m\u00e1lo.<\/p>\n<p><img loading=\"lazy\" class=\"aligncenter size-large wp-image-1877\" src=\"http:\/\/letnanskelentilky.cz\/wp-content\/uploads\/WP_20141007_002-1024x576.jpg\" alt=\"WP_20141007_002\" width=\"584\" height=\"328\"><\/p>\n<p>Bylo tak\u00e9 zaj\u00edmav\u00e9 analyzovat diskuse pod jednotliv\u00fdmi \u010dl\u00e1nky. Je a\u017e s podivem, jak si \u0159ada diskut\u00e9r\u016f mysl\u00ed, \u017ee internet je anonymn\u00ed platforma. Zejm\u00e9na n\u011bkte\u0159\u00ed &#8222;znalci v oblasti Public Relations&#8220; se sna\u017eili m\u011bnit \u010dasto jm\u00e9na, aby vyvolali dojem, \u017ee jich je v Let\u0148anech v\u00edce jak 10. V\u0161echny p\u0159\u00edsp\u011bvky v\u0161ak byly z jedn\u00e9 IP adresy, kter\u00e1 se nakonec uk\u00e1zala, jako IP adresa po\u010d\u00edta\u010de jednoho \u010dlena\/\u010dlenky ob\u010dansk\u00e9ho sdru\u017een\u00ed.<\/p>\n<p>P\u0159eji n\u00e1m v\u0161em, a\u0165 u\u017e diskuse o prvn\u00edch Lentilk\u00e1ch skon\u010d\u00ed. Pro n\u011bkter\u00e9 bude jist\u011b slo\u017eit\u00e9 naj\u00edt si nov\u00e9 t\u00e9ma ke kritice, ale snad veden\u00ed obce p\u0159ijde s dal\u0161\u00edm velk\u00fdm projektem, na kter\u00fd budou moci r\u016fzn\u00ed samozvanci h\u00e1zet \u0161p\u00ednu jenom proto, \u017ee ho vymyslel n\u011bkdo v&nbsp;jin\u00e9m triku. Kritizovat um\u00ed ka\u017ed\u00fd, ale kdy u\u017e kone\u010dn\u011b n\u011bkdo z lentilkov\u00e9 opozice p\u0159ijde s n\u011bjak\u00fdm konkr\u00e9tn\u00edm n\u00e1vrhem na zm\u011bnu v projektu? Kde jste Vy v\u0161ichni odborn\u00edci na zele\u0148, dopravu, v\u00fdb\u011brov\u00e1 \u0159\u00edzen\u00ed, stavebn\u00ed pr\u00e1ce\u2026? Pro\u010d nikdo z V\u00e1s nep\u0159ijde s n\u00e1vrhem, kde zasadit nov\u00e9 stromy, kde postavit nov\u00e1 parkovac\u00ed m\u00edsta nebo kde by m\u011blo b\u00fdt nov\u00e9 d\u011btsk\u00e9 h\u0159i\u0161t\u011b? Pro\u010d se nikdo Lentilek neujme, kdy\u017e &#8222;je to projekt m\u011bstsk\u00e9 \u010d\u00e1sti, nikoli jednoho radn\u00edho&#8220;?<\/p>\n<p><a href=\"http:\/\/letnanskelentilky.cz\/wp-content\/uploads\/IMG_20150915_114015.jpg\"><img loading=\"lazy\" class=\"aligncenter size-large wp-image-1867\" src=\"http:\/\/letnanskelentilky.cz\/wp-content\/uploads\/IMG_20150915_114015-1024x768.jpg\" alt=\"IMG_20150915_114015\" width=\"584\" height=\"438\"><\/a><\/p>\n<p>V p\u0159\u00ed\u0161t\u00edch letech se bude, doufejme, \u0159e\u0161it dokon\u010den\u00ed revitalizace vnitrobloku u \u0161kolky Malkovsk\u00e9ho. Na dokon\u010den\u00ed tak\u00e9 \u010dek\u00e1 <a title=\"Lentilky etapa 9: Had\u00ed stezka Fry\u010dovick\u00e1\" href=\"http:\/\/letnanskelentilky.cz\/lentilky-etapa-9-hadi-stezka-frycovicka\/\" target=\"_blank\" rel=\"noopener noreferrer\">Had\u00ed stezka<\/a> nebo <a title=\"Parter Z\u0160 Tupolevova\" href=\"http:\/\/letnanskelentilky.cz\/parter-zs-tupolevova\/\" target=\"_blank\" rel=\"noopener noreferrer\">Parter Z\u0160 Tupolevova<\/a>. Vyz\u00fdv\u00e1m nejen na\u0161e zastupitele: <strong>P\u0159ilo\u017ete ruku k d\u00edlu a navrhn\u011bte zm\u011bny na s\u00eddli\u0161ti podle Va\u0161eho&nbsp;n\u00e1zoru<\/strong>. Chcete nov\u00e9 stromy? M\u00e1te n\u00e1pad, jak vy\u0159e\u0161it p\u0159\u00edjezd ke \u0161kolce Malkovsk\u00e9ho? Kde navrhujete postavit nov\u00e1 parkovac\u00ed m\u00edsta? Ho\u010fte Va\u0161e argumenty a konkr\u00e9tn\u00ed n\u00e1vrhy na st\u016fl, a\u0165 o nich m\u016f\u017eeme diskutovat. Trouf\u00e1te si dokon\u010dit dal\u0161\u00ed etapy? Super, hur\u00e1 do toho!<\/p>\n<p><a href=\"http:\/\/letnanskelentilky.cz\/wp-content\/uploads\/WP_20141005_001.jpg\"><img loading=\"lazy\" class=\"alignleft size-medium wp-image-1740\" src=\"http:\/\/letnanskelentilky.cz\/wp-content\/uploads\/WP_20141005_001-168x300.jpg\" alt=\"WP_20141005_001.jpg\" width=\"168\" height=\"300\"><\/a>Doporu\u010duji nejd\u0159\u00edve zaj\u00edt mezi lidi, co na s\u00eddli\u0161ti&nbsp;bydl\u00ed, a zeptat se jich. Uspo\u0159\u00e1dejte ve\u0159ejnou prezentaci s Va\u0161imi konkr\u00e9tn\u00edmi n\u00e1vrhy. Z\u00edskejte v\u011bt\u0161inovou podporu. Domluvte se se v\u0161emi SVJ, kter\u00fdm pat\u0159\u00ed pozemky, na souhlas v r\u00e1mci \u00fazemn\u00edho \u0159\u00edzen\u00ed a stavebn\u00edho povolen\u00ed. Uzav\u0159ete s nimi smlouvy. Zkuste naj\u00edt dota\u010dn\u00ed program a p\u0159ipravte kvalitn\u00ed \u017e\u00e1dost. Vyhrajte v dota\u010dn\u00ed loterii. P\u0159ipravte zad\u00e1vac\u00ed dokumentaci a ud\u011blejte v\u00fdb\u011brov\u00e9 \u0159\u00edzen\u00ed, v kter\u00e9m se V\u00e1m \u017e\u00e1dn\u00e1 firma neodvol\u00e1 na \u00daOHS. Podepi\u0161te realiza\u010dn\u00ed smlouvu a cho\u010fte 2x do t\u00fddne na p\u016fldenn\u00ed kontroln\u00ed dny. A na toto v\u0161e m\u00e1te u\u017e jen 3 roky. \u017de to je hodn\u011b pr\u00e1ce? Ano, des\u00edtky hodin m\u011bs\u00ed\u010dn\u011b. \u017de m\u00e1te sv\u00e9 vlastn\u00ed zam\u011bstn\u00e1n\u00ed mimo radnici? Ale v\u017edy\u0165 n\u011bkte\u0159\u00ed z V\u00e1s jsou nyn\u00ed naplno ve veden\u00ed obce, tak uka\u017ete, \u017ee to um\u00edte l\u00e9pe. Uka\u017ete, za co V\u00e1s ob\u010dasn\u00e9 Let\u0148an plat\u00ed. Sed\u011bt v komis\u00edch \u010di kontroln\u00edch v\u00fdborech um\u00ed ka\u017ed\u00fd. <strong>Let\u0148any v\u0161ak pot\u0159ebuj\u00ed ruce, co um\u00ed makat.<\/strong><\/p>\n<p>Nebo jste snad \u0161li do politiky jenom kv\u016fli vysed\u00e1v\u00e1n\u00ed v komis\u00edch a redak\u010dn\u00edch rad\u00e1ch? Zeptejte se sami sebe: &#8222;\u0160el jsem do politiky, abych pro Let\u0148any n\u011bco hmatateln\u00e9ho ud\u011blal? Nebo chci jen placen\u00e9 m\u00edsto, vysed\u00e1vat v komis\u00edch a kritizovat i to m\u00e1lo, co se v p\u0159\u00ed\u0161t\u00edch letech v Let\u0148anech zm\u011bn\u00ed?&#8220;<\/p>\n<p><a href=\"http:\/\/www.volby.cz\/pls\/kv2014\/kv21111?xjazyk=CZ&amp;xid=1&amp;xv=23&amp;xdz=5&amp;xnumnuts=1100&amp;xobec=547417&amp;xstrana=0&amp;xodkaz=1\" target=\"_blank\" rel=\"noopener noreferrer\">V\u017edy\u0165 sta\u010d\u00ed naj\u00edt 350 lid\u00ed<\/a>&nbsp;a m\u016f\u017eete b\u00fdt v zastupitelstvu 20-ti tis\u00edcov\u00e9 obce. Na p\u0159esv\u011bd\u010den\u00ed lid\u00ed sta\u010d\u00ed jednou napsat, \u017ee starosta krade nebo \u017ee jste proti k\u00e1cen\u00ed strom\u016f. A pokud chcete hlas\u016f o kousek v\u00edc, pozv\u011bte do Let\u0148an l\u00e9taj\u00edc\u00ed labut\u011b&nbsp;a lidi hned zapomenou, \u017ee si va\u0161e rodina&nbsp;postavila nov\u00fd bar\u00e1k za pen\u00edze od developer\u016f.<\/p>\n<p>Ano, ud\u011blat n\u011bco hmatateln\u00e9ho pro lidi vy\u017eaduje skute\u010dn\u011b obrovsk\u00e9 mno\u017estv\u00ed pr\u00e1ce. Ale kone\u010dn\u011b bude m\u00edt ta pr\u00e1ce smysl. K \u010demu jsou ne\u00fasp\u011b\u0161n\u00e9 petice? Pro\u010d ps\u00e1t hanliv\u00e9 p\u0159edvolebn\u00ed \u010dl\u00e1nky pln\u00e9 l\u017e\u00ed a nesmysl\u016f? Prosp\u011bj\u00ed Let\u0148an\u016fm <a href=\"http:\/\/www.letnanskelisty.cz\/z-radnice\/2047-let%C5%88ansk%C3%A9-f%C3%B3rum-6-2015.html\" target=\"_blank\" rel=\"noopener noreferrer\">h\u00e1dky o 100 dal\u0161\u00edch znak\u016f v Listech<\/a>? &nbsp;Nen\u00ed lep\u0161\u00ed v\u011bnovat energii n\u011b\u010demu, co je skute\u010dn\u00fdm p\u0159\u00ednosem? V\u017edy\u0165 ka\u017ed\u00fd m\u00e1 pr\u00e1vo vst\u00e1t z k\u0159esla, p\u0159esv\u011bd\u010dit p\u00e1r lid\u00ed, nechat se zvolit do veden\u00ed obce a uk\u00e1zat, \u017ee n\u011bco um\u00ed. Ka\u017ed\u00fd, kdo z\u00edskal ve volb\u00e1ch mand\u00e1t, m\u00e1 nejen pr\u00e1vo, ale <strong>hlavn\u011b povinnost pracovat<\/strong> ku prosp\u011bchu na\u0161\u00ed m\u011bstsk\u00e9 \u010d\u00e1sti. Pr\u00e1ce v\u0161ak nen\u00ed o vysed\u00e1v\u00e1n\u00ed v komis\u00edch nebo redak\u010dn\u00edch rad\u00e1ch.<\/p>\n<p>Pr\u00e1ce je o tom, \u017ee se seberu, projdu si obec, zjist\u00edm jej\u00ed probl\u00e9my a \u0159e\u0161\u00edm je. V\u011bt\u0161ina lid\u00ed se sou\u010dasn\u00fdm mand\u00e1tem v\u0161ak um\u00ed jen mluvit o tom, co je v obci \u0161patn\u011b, ale navrhnout a realizovat n\u011bco se smyslupln\u00fdm v\u00fdsledkem dok\u00e1\u017ee m\u00e1lokdo. Nejv\u00edc na tom v\u0161ak jsou biti obyvatel\u00e9 Let\u0148an. Na druhou stranu byli to pr\u00e1v\u011b oni, kdo si vybral sv\u00e9 p\u0159edstavitele podle volebn\u00edch slib\u016f, kter\u00e9 jejich tv\u016frci ve v\u011bt\u0161in\u011b neum\u00ed a nebudou nikdy realizovat. Kdy\u017e jste ale jednou tam naho\u0159e na radnici, tak pak lidem, co pro V\u00e1s hodili l\u00edstek do urny, nebude sta\u010dit jen opakov\u00e1n\u00ed toho, \u017ee n\u011bkdo krade ani \u017ee se v j\u00eddeln\u00e1ch \u0161patn\u011b va\u0159\u00ed. Lidi cht\u011bj\u00ed vid\u011bt, \u017ee jste za ty 4 roky pro Let\u0148any n\u011bco ud\u011blali a m\u00e1te kvalitn\u00ed n\u00e1pady, co d\u011blat d\u00e1l.<\/p>\n<p>Doufejme, \u017ee se v roce 2018 budeme moci v\u0161ichni oto\u010dit za hmatateln\u00fdmi v\u00fdsledky, kter\u00e9 na\u0161i malou m\u011bstskou \u010d\u00e1st posunou&nbsp;d\u00e1le ke t\u0159et\u00ed dek\u00e1d\u011b t\u0159et\u00edho tis\u00edcilet\u00ed. Snad brzy&nbsp;ustanou ty kecy o transparentnosti a populistick\u00e9 n\u00e1pady typu drah\u00e9ho videa z nudn\u00e9ho jednan\u00ed zastupitelstva &#8211; i kdy\u017e samotn\u00e9ho m\u011b p\u0159ekvapilo, \u017ee se na p\u0159enos d\u00edvalo t\u00e9m\u011b\u0159 30 lid\u00ed (po ode\u010dten\u00ed samotn\u00fdch zastupitel\u016f, kte\u0159\u00ed se velmi r\u00e1di d\u00edvaj\u00ed sami na sebe). Ale nebylo by lep\u0161\u00ed nakoupit d\u011btem na z\u00e1kladku nov\u00e9 po\u010d\u00edta\u010de, ne\u017e investovat do videa, na n\u011bj\u017e&nbsp;se d\u00edvaj\u00ed lid\u00e9, kte\u0159\u00ed jsou l\u00edn\u00ed doj\u00edt 500 m na radnici?<\/p>\n<p><a href=\"http:\/\/letnanskelentilky.cz\/wp-content\/uploads\/IMG_20150915_114249.jpg\"><img loading=\"lazy\" class=\"aligncenter size-large wp-image-1870\" src=\"http:\/\/letnanskelentilky.cz\/wp-content\/uploads\/IMG_20150915_114249-1024x768.jpg\" alt=\"IMG_20150915_114249\" width=\"584\" height=\"438\"><\/a><\/p>\n<p>Je irelevantn\u00ed, zda n\u011bkdo je \u010di nen\u00ed ve veden\u00ed obce. Nepot\u0159ebujete b\u00fdt starostou, abyste dostali dobr\u00fd n\u00e1pad. V\u00edte, jak pokra\u010dovat v Lentilk\u00e1ch? M\u00e1te n\u00e1pad na jinou pozitivn\u00ed zm\u011bnu? P\u0159ij\u010fte na radnici a ka\u017ed\u00fd se V\u00e1m bude v\u011bnovat. V komun\u00e1ln\u00ed politice se st\u00edraj\u00ed pravicov\u00e9 a levicov\u00e9 rozd\u00edly. Ka\u017ed\u00fd, kdo opravdu chce pracovat, m\u00e1 tu mo\u017enost. Nicm\u00e9n\u011b kvalitn\u00ed a rozumn\u00e9 n\u00e1pady a chu\u0165 je realizovat je v sou\u010dasn\u00e9 dob\u011b nejv\u011bt\u0161\u00ed deficit Let\u0148an.<\/p>\n<p>Odborn\u00e1 ve\u0159ejnost bere jako velk\u00fdch \u00fasp\u011bch, kdy\u017e se revitalizovan\u00e9 plochy stanou sou\u010d\u00e1st\u00ed ka\u017edodenn\u00edho \u017eivota lid\u00ed. Neb\u00fdv\u00e1 to zvykem ani pravidlem, sp\u00ed\u0161e naopak: nov\u00e1 n\u00e1m\u011bst\u00ed nebo d\u011btsk\u00e1 h\u0159i\u0161t\u011b zej\u00ed pr\u00e1zdnotou, proto\u017ee jsou postavena na \u0161patn\u00fdch m\u00edstech nebo v prostoru, kudy lid\u00e9 jen rychle proch\u00e1zej\u00ed, kdy\u017e ut\u00edkaj\u00ed z pr\u00e1ce dom\u016f. Toto v\u0161ak nen\u00ed p\u0159\u00edpad na\u0161ich Lentilek. Zde se n\u00e1m bezezbytku poda\u0159ilo ud\u011blat kvalitn\u00ed ve\u0159ejn\u00fd prostor, kter\u00fd se obyvatel\u00e9 nau\u010dili velmi rychle u\u017e\u00edvat. Lavi\u010dky jsou pln\u011b obsazen\u00e9, h\u0159i\u0161t\u011b pln\u00e1 d\u011bt\u00ed a a\u0165 je r\u00e1no nebo ve\u010der, v\u017edy v Lentilk\u00e1ch potk\u00e1te n\u011bkolik lid\u00ed, kte\u0159\u00ed se jen tak proch\u00e1zej\u00ed. Lidi te\u010f bav\u00ed b\u00fdt venku a to je ten nejv\u011bt\u0161\u00ed \u00fasp\u011bch.<\/p>\n<p><img loading=\"lazy\" class=\"aligncenter size-large wp-image-1855\" src=\"http:\/\/letnanskelentilky.cz\/wp-content\/uploads\/WP_20150702_17_36_55_Pro1-1024x576.jpg\" alt=\"WP_20150702_17_36_55_Pro1\" width=\"584\" height=\"328\"><\/p>\n<p>Lentilky zm\u011bnily na\u0161e star\u00e9 s\u00eddli\u0161t\u011b. Ka\u017ed\u00e9 r\u00e1no, kdy\u017e se pod\u00edv\u00e1me z oken, je vid\u00edme. My, co se um\u00edme spr\u00e1vn\u011b d\u00edvat, se pros\u00edm radujme, \u017ee s\u00eddli\u0161t\u011b je kr\u00e1sn\u011b zelen\u00e9 a na\u0161e d\u011bti si kone\u010dn\u011b mohou hr\u00e1t i jinde ne\u017e na pyramid\u011b. M\u00e1me nov\u00e9 chodn\u00edky, vodotrysk a pro n\u011bkoho zbyte\u010dn\u00e9 \u0161achy. Na\u0161e s\u00eddli\u0161t\u011b je bohat\u0161\u00ed o 100 nov\u00fdch strom\u016f, o n\u011bkolik parkovac\u00edch m\u00edst a o p\u00e1r tis\u00edc trvalek. Lentilky stoj\u00ed, nikdo u\u017e je nezbour\u00e1 a budou ka\u017ed\u00e9ho \u017eivotn\u011b vyrovnan\u00e9ho obyvatele s\u00eddli\u0161t\u011b t\u011b\u0161it dal\u0161\u00ed des\u00edtky let.<\/p>\n<p style=\"text-align: center;\">&#8212;&#8212;&#8212;&#8212;&#8212;&#8212;&#8212;&#8212;&#8212;&#8212;&#8212;&#8212;&#8212;&#8212;&#8212;&#8212;&#8212;&#8212;&#8212;&#8212;&#8212;&#8212;&#8212;&#8212;&#8212;&#8212;&#8212;&#8212;&#8212;-<\/p>\n<p><em>Jsem si jist\u00fd, \u017ee reakce na tento \u010dl\u00e1nek na sebe nenechaj\u00ed dlouho \u010dekat. P\u0159e\u010dtu si je r\u00e1d, a\u017e budu s m\u00fdm synem sed\u011bt na \u010derven\u00e9 \u010di fialov\u00e9 lentilce pln\u00e9 d\u011bt\u00ed. A jestli se n\u011bkdo pozn\u00e1v\u00e1te ve v\u00fd\u0161e uveden\u00e9m popisu, tak pi\u0161t\u011b. Ale nezapome\u0148te, \u017ee potrefen\u00e1 husa nejv\u00edc kejh\u00e1.<\/em><\/p>\n<p><em>A pro\u010d nen\u00ed pod \u010dl\u00e1nkem diskuse? \u2026a v\u00edte, \u017ee ani p\u0159esn\u011b nev\u00edm. Asi proto, \u017ee se mi prost\u011b nechce zaplevelovat tento web nesmysly. <a title=\"Kontakt\" href=\"http:\/\/letnanskelentilky.cz\/kontakt\/\">Moje kontakty jsou ve\u0159ejn\u00e9<\/a>, tak vyu\u017eijte je. Nechci d\u00e1vat prostor t\u011bm n\u011bkolika m\u00e1lo lidem, kte\u0159\u00ed se pod r\u016fzn\u00fdmi jm\u00e9ny sna\u017e\u00ed vyvolat dojem, \u017ee jich je v\u011bt\u0161ina. A tak\u00e9 se chci v\u00edce v\u011bnovat m\u00e9 rodin\u011b. I m\u00e9 pracovn\u00ed priority jdou zcela jin\u00fdm sm\u011brem. A co bude s Lentilkami d\u00e1l? Nev\u00edm. T\u0159eba bude jednou v Let\u0148anech l\u00edp \ud83d\ude09<\/em><\/p>\n","protected":false},"excerpt":{"rendered":"<p>Nejv\u011bt\u0161\u00ed projekt v polistopadov\u00e9 historii Let\u0148an oslavil sv\u00e9 prvn\u00ed narozeniny. Ti\u0161e, nen\u00e1padn\u011b, \u017e\u00e1dn\u00e1 p\u00e1rty. Jak to s n\u00edm bude d\u00e1l, je velkou ot\u00e1zkou. Budou&nbsp;pen\u00edze v rozpo\u010dtu? Vyu\u017eij\u00ed se&nbsp;dotace? Najde se n\u011bkdo schopn\u00fd, kdo bude v projektu pokra\u010dovat? Kdo v\u00ed&#8230; Lentilky stoj\u00ed, d\u011bti si na nich hraj\u00ed, stromy rostou, trvalky kvetou a star\u00e9 normaliza\u010dn\u00ed s\u00eddli\u0161t\u011b dostalo &hellip; <\/p>\n<p class=\"link-more\"><a href=\"https:\/\/www.jan-mikulecky.cz\/index.php\/2020\/09\/06\/jan-mikulecky-letnany-zastupitel-lentilky-actum-es\/\" class=\"more-link\">Pokra\u010dovat ve \u010dten\u00ed<span class=\"screen-reader-text\"> &#8222;Lentilky. Actum est!&#8220;<\/span><\/a><\/p>\n","protected":false},"author":1,"featured_media":0,"comment_status":"closed","ping_status":"closed","sticky":false,"template":"","format":"standard","meta":[],"categories":[6,13,5],"tags":[],"_links":{"self":[{"href":"https:\/\/www.jan-mikulecky.cz\/index.php\/wp-json\/wp\/v2\/posts\/1861"}],"collection":[{"href":"https:\/\/www.jan-mikulecky.cz\/index.php\/wp-json\/wp\/v2\/posts"}],"about":[{"href":"https:\/\/www.jan-mikulecky.cz\/index.php\/wp-json\/wp\/v2\/types\/post"}],"author":[{"embeddable":true,"href":"https:\/\/www.jan-mikulecky.cz\/index.php\/wp-json\/wp\/v2\/users\/1"}],"replies":[{"embeddable":true,"href":"https:\/\/www.jan-mikulecky.cz\/index.php\/wp-json\/wp\/v2\/comments?post=1861"}],"version-history":[{"count":1,"href":"https:\/\/www.jan-mikulecky.cz\/index.php\/wp-json\/wp\/v2\/posts\/1861\/revisions"}],"predecessor-version":[{"id":2715,"href":"https:\/\/www.jan-mikulecky.cz\/index.php\/wp-json\/wp\/v2\/posts\/1861\/revisions\/2715"}],"wp:attachment":[{"href":"https:\/\/www.jan-mikulecky.cz\/index.php\/wp-json\/wp\/v2\/media?parent=1861"}],"wp:term":[{"taxonomy":"category","embeddable":true,"href":"https:\/\/www.jan-mikulecky.cz\/index.php\/wp-json\/wp\/v2\/categories?post=1861"},{"taxonomy":"post_tag","embeddable":true,"href":"https:\/\/www.jan-mikulecky.cz\/index.php\/wp-json\/wp\/v2\/tags?post=1861"}],"curies":[{"name":"wp","href":"https:\/\/api.w.org\/{rel}","templated":true}]}}