{"id":1912,"date":"2020-09-24T08:15:34","date_gmt":"2020-09-24T08:15:34","guid":{"rendered":"http:\/\/letnanskelentilky.cz\/?p=1912"},"modified":"2020-08-27T08:54:11","modified_gmt":"2020-08-27T08:54:11","slug":"jan-mikulecky-letnany-zastupitel-chvali-trvalky","status":"publish","type":"post","link":"https:\/\/www.jan-mikulecky.cz\/index.php\/2020\/09\/24\/jan-mikulecky-letnany-zastupitel-chvali-trvalky\/","title":{"rendered":"Radn\u00ed Jan Mikuleck\u00fd chv\u00e1l\u00ed trvalkov\u00e9 z\u00e1hony"},"content":{"rendered":"<figure id=\"JanMikuleckyzastupitel\" aria-describedby=\"caption-JanMikuleckyzastupitel\" style=\"width: 150px\" class=\"wp-caption alignleft\"><a href=\"http:\/\/letnanskelentilky.cz\/wp-content\/uploads\/IMG_20160720_093909.jpg\"><img loading=\"lazy\" class=\"wp-image-1915 size-thumbnail\" src=\"http:\/\/letnanskelentilky.cz\/wp-content\/uploads\/IMG_20160720_093909-150x150.jpg\" alt=\"Autor: Jan Mikuleck\u00fd\" width=\"150\" height=\"150\"><\/a><figcaption id=\"caption-JanMikuleckyzastupitel\" class=\"wp-caption-text\">Autor: Jan Mikuleck\u00fd<\/figcaption><\/figure>\n<p>Trvalkov\u00e9 z\u00e1hony, kter\u00e9 byly u dom\u016f Malkovsk\u00e9ho a M\u00edsteck\u00e1 vytvo\u0159eny v r\u00e1mci projektu Let\u0148ansk\u00e9 lentilky, vypadaj\u00ed po roce n\u00e1dhern\u011b. &#8222;Ka\u017ed\u00fd t\u00fdden m\u011bn\u00ed barvu, postupn\u011b se ukazuj\u00ed jednotliv\u00e9 kv\u011btiny a kolemjdouc\u00ed&nbsp;se \u010dasto zastavuj\u00ed, aby p\u0159i\u010dichli k t\u011bm kr\u00e1sn\u00fdm kv\u011bt\u016fm. Trvalky \u00fapln\u011b prom\u011bnili star\u00e9 s\u00eddli\u0161t\u011b a zalily ho barvami. Dv\u011bma SVJ, kter\u00e1 nesouhlasila s t\u011bmito kv\u011btinami, nezb\u00fdv\u00e1, ne\u017e ti\u0161e z\u00e1vid\u011bt,&#8220; \u0159\u00edk\u00e1 s ur\u010dit\u00fdm zadostiu\u010din\u011bn\u00edm radn\u00ed a zastupitel Jan Mikuleck\u00fd.<!--more--><\/p>\n<figure id=\"attachment_1917\" aria-describedby=\"caption-attachment-1917\" style=\"width: 584px\" class=\"wp-caption aligncenter\"><img loading=\"lazy\" class=\"wp-image-1917 size-large\" src=\"http:\/\/letnanskelentilky.cz\/wp-content\/uploads\/WP_20160603_12_01_46_Pro-e1485583854129-1024x576.jpg\" alt=\"Autor: Jan Mikuleck\u00fd\" width=\"584\" height=\"329\"><figcaption id=\"caption-attachment-1917\" class=\"wp-caption-text\">Autor: Jan Mikuleck\u00fd<\/figcaption><\/figure>\n<figure id=\"attachment_1926\" aria-describedby=\"caption-attachment-1926\" style=\"width: 584px\" class=\"wp-caption aligncenter\"><a href=\"http:\/\/letnanskelentilky.cz\/wp-content\/uploads\/WP_20160603_12_06_34_Rich-e1485583906122.jpg\"><img loading=\"lazy\" class=\"wp-image-1926 size-large\" src=\"http:\/\/letnanskelentilky.cz\/wp-content\/uploads\/WP_20160603_12_06_34_Rich-e1485583906122-1024x576.jpg\" alt=\"Autor: Jan Mikuleck\u00fd\" width=\"584\" height=\"329\"><\/a><figcaption id=\"caption-attachment-1926\" class=\"wp-caption-text\">Autor: Jan Mikuleck\u00fd<\/figcaption><\/figure>\n<p>Trvalkov\u00e9 z\u00e1hony vy\u017eaduj\u00ed \u0159\u00e1dnou p\u00e9\u010di, a proto jsou n\u011bkolikr\u00e1t do roka z\u00e1hony vy\u010di\u0161t\u011bny od odpadk\u016f a odrostl\u00e9 kv\u011btiny jsou odstran\u011bny. &#8222;Ze strany n\u011bkter\u00fdch obyvatel by to cht\u011blo v\u00edce ohleduplnosti a vychovanosti k t\u00e9to kr\u00e1sn\u00e9 \u010d\u00e1sti Lentilek,&#8220; \u0159\u00edk\u00e1 z vlastn\u00ed zku\u0161enosti Jan Mikuleck\u00fd. U\u010d\u00edme se v\u0161ak v\u0161ichni a tak nezb\u00fdv\u00e1 ne\u017e doufat, \u017ee postupn\u011b bude ub\u00fdvat t\u011bch, pro kter\u00e9 je jednodu\u0161\u0161\u00ed odhodit plastovou l\u00e1hev do z\u00e1honu ne\u017e do \u017elut\u00e9 popelnice.<\/p>\n<figure id=\"attachment_1922\" aria-describedby=\"caption-attachment-1922\" style=\"width: 584px\" class=\"wp-caption aligncenter\"><a href=\"http:\/\/letnanskelentilky.cz\/wp-content\/uploads\/WP_20160609_15_26_26_Rich-e1485584038612.jpg\"><img loading=\"lazy\" class=\"wp-image-1922 size-large\" src=\"http:\/\/letnanskelentilky.cz\/wp-content\/uploads\/WP_20160609_15_26_26_Rich-e1485584038612-1024x576.jpg\" alt=\"Autor: Jan Mikuleck\u00fd\" width=\"584\" height=\"329\"><\/a><figcaption id=\"caption-attachment-1922\" class=\"wp-caption-text\">Autor: Jan Mikuleck\u00fd<\/figcaption><\/figure>\n<figure id=\"attachment_1919\" aria-describedby=\"caption-attachment-1919\" style=\"width: 576px\" class=\"wp-caption aligncenter\"><a href=\"http:\/\/letnanskelentilky.cz\/wp-content\/uploads\/WP_20160603_12_26_58_Rich-e1485584008420.jpg\"><img loading=\"lazy\" class=\"wp-image-1919 size-large\" src=\"http:\/\/letnanskelentilky.cz\/wp-content\/uploads\/WP_20160603_12_26_58_Rich-e1485584008420-576x1024.jpg\" alt=\"Autor: Jan Mikuleck\u00fd\" width=\"576\" height=\"1024\"><\/a><figcaption id=\"caption-attachment-1919\" class=\"wp-caption-text\">Autor: Jan Mikuleck\u00fd<\/figcaption><\/figure>\n","protected":false},"excerpt":{"rendered":"<p>Trvalkov\u00e9 z\u00e1hony, kter\u00e9 byly u dom\u016f Malkovsk\u00e9ho a M\u00edsteck\u00e1 vytvo\u0159eny v r\u00e1mci projektu Let\u0148ansk\u00e9 lentilky, vypadaj\u00ed po roce n\u00e1dhern\u011b. &#8222;Ka\u017ed\u00fd t\u00fdden m\u011bn\u00ed barvu, postupn\u011b se ukazuj\u00ed jednotliv\u00e9 kv\u011btiny a kolemjdouc\u00ed&nbsp;se \u010dasto zastavuj\u00ed, aby p\u0159i\u010dichli k t\u011bm kr\u00e1sn\u00fdm kv\u011bt\u016fm. Trvalky \u00fapln\u011b prom\u011bnili star\u00e9 s\u00eddli\u0161t\u011b a zalily ho barvami. Dv\u011bma SVJ, kter\u00e1 nesouhlasila s t\u011bmito kv\u011btinami, nezb\u00fdv\u00e1, &hellip; <\/p>\n<p class=\"link-more\"><a href=\"https:\/\/www.jan-mikulecky.cz\/index.php\/2020\/09\/24\/jan-mikulecky-letnany-zastupitel-chvali-trvalky\/\" class=\"more-link\">Pokra\u010dovat ve \u010dten\u00ed<span class=\"screen-reader-text\"> &#8222;Radn\u00ed Jan Mikuleck\u00fd chv\u00e1l\u00ed trvalkov\u00e9 z\u00e1hony&#8220;<\/span><\/a><\/p>\n","protected":false},"author":1,"featured_media":0,"comment_status":"closed","ping_status":"closed","sticky":false,"template":"","format":"standard","meta":[],"categories":[5],"tags":[],"_links":{"self":[{"href":"https:\/\/www.jan-mikulecky.cz\/index.php\/wp-json\/wp\/v2\/posts\/1912"}],"collection":[{"href":"https:\/\/www.jan-mikulecky.cz\/index.php\/wp-json\/wp\/v2\/posts"}],"about":[{"href":"https:\/\/www.jan-mikulecky.cz\/index.php\/wp-json\/wp\/v2\/types\/post"}],"author":[{"embeddable":true,"href":"https:\/\/www.jan-mikulecky.cz\/index.php\/wp-json\/wp\/v2\/users\/1"}],"replies":[{"embeddable":true,"href":"https:\/\/www.jan-mikulecky.cz\/index.php\/wp-json\/wp\/v2\/comments?post=1912"}],"version-history":[{"count":1,"href":"https:\/\/www.jan-mikulecky.cz\/index.php\/wp-json\/wp\/v2\/posts\/1912\/revisions"}],"predecessor-version":[{"id":2724,"href":"https:\/\/www.jan-mikulecky.cz\/index.php\/wp-json\/wp\/v2\/posts\/1912\/revisions\/2724"}],"wp:attachment":[{"href":"https:\/\/www.jan-mikulecky.cz\/index.php\/wp-json\/wp\/v2\/media?parent=1912"}],"wp:term":[{"taxonomy":"category","embeddable":true,"href":"https:\/\/www.jan-mikulecky.cz\/index.php\/wp-json\/wp\/v2\/categories?post=1912"},{"taxonomy":"post_tag","embeddable":true,"href":"https:\/\/www.jan-mikulecky.cz\/index.php\/wp-json\/wp\/v2\/tags?post=1912"}],"curies":[{"name":"wp","href":"https:\/\/api.w.org\/{rel}","templated":true}]}}