{"id":1931,"date":"2020-09-26T09:33:28","date_gmt":"2020-09-26T09:33:28","guid":{"rendered":"http:\/\/letnanskelentilky.cz\/?p=1931"},"modified":"2020-08-27T08:54:29","modified_gmt":"2020-08-27T08:54:29","slug":"jan-mikulecky-letnany-zastupitel-priznava-hlucnost-modre-lentilky","status":"publish","type":"post","link":"https:\/\/www.jan-mikulecky.cz\/index.php\/2020\/09\/26\/jan-mikulecky-letnany-zastupitel-priznava-hlucnost-modre-lentilky\/","title":{"rendered":"Zastupitel Mikuleck\u00fd p\u0159izn\u00e1v\u00e1: Modr\u00e1 lentilka je hlu\u010dn\u00e1"},"content":{"rendered":"<figure id=\"attachment_1933\" aria-describedby=\"caption-attachment-1933\" style=\"width: 150px\" class=\"wp-caption alignleft\"><a href=\"http:\/\/letnanskelentilky.cz\/wp-content\/uploads\/image-12-06-15-1318-1.jpg\"><img loading=\"lazy\" class=\"wp-image-1933 size-thumbnail\" src=\"http:\/\/letnanskelentilky.cz\/wp-content\/uploads\/image-12-06-15-1318-1-150x150.jpg\" alt=\"Autor: Jan Mikuleck\u00fd\" width=\"150\" height=\"150\"><\/a><figcaption id=\"caption-attachment-1933\" class=\"wp-caption-text\">Autor: Jan Mikuleck\u00fd<\/figcaption><\/figure>\n<p>Od dokon\u010den\u00ed Lentilek v lo\u0148sk\u00e9m roce si n\u011bkte\u0159\u00ed obyvatel\u00e9 st\u011b\u017eovali na vysokou hlu\u010dnost na modr\u00e9m sportovn\u00edm h\u0159i\u0161ti u domu v M\u00edsteck\u00e9 ulici. &#8222;Navr\u017een\u00e1 technologie oplocen\u00ed sice obsahovala \u0159adu protihlukov\u00fdch prvk\u016f, nicm\u00e9n\u011b realita uk\u00e1zala, \u017ee \u00fadery m\u00ed\u010de o plotov\u00e9 d\u00edlce generuj\u00ed nep\u0159\u00edjemn\u00fd zvoniv\u00fd zvuk,&#8220; \u0159\u00edk\u00e1 radn\u00ed a zastupitel Jan Mikuleck\u00fd.<!--more--><\/p>\n<p>Odborn\u00edci od dodavatele h\u0159i\u0161t\u011b spole\u010dn\u011b s pracovn\u00edky radnice vyzkou\u0161eli n\u011bkolik zp\u016fsob\u016f, jak hlu\u010dnost sn\u00ed\u017eit. &#8222;Doplnili jsme dal\u0161\u00ed gumov\u00e9 \u00fachyty, aby se sn\u00ed\u017eily vibrace plotu, a prozkoumali, zda bude m\u00edt na hlu\u010dnost vliv ukotven\u00ed sloup\u016f \u010di zhu\u0161t\u011bn\u00ed jednotliv\u00fdch d\u00edl\u016f,&#8220; popisuje Jan Mikuleck\u00fd. Nakonec pomohlo pevn\u011bj\u0161\u00ed ukotven\u00ed plotov\u00fdch d\u00edlc\u016f ke sloup\u016fm v prostoru z brankami.<\/p>\n<p>Hlu\u010dnost je v sou\u010dasn\u00e9 dob\u011b akceptovateln\u00e1 a odpov\u00edd\u00e1 \u00farovni hluku na b\u011b\u017en\u00fdch d\u011btsk\u00fdch h\u0159i\u0161t\u00edch. Je nutn\u00e9 si uv\u011bdomit, \u017ee hluk je na h\u0159i\u0161t\u00edch generov\u00e1n nejen z \u00fader\u016f m\u00ed\u010de o plot \u010di jinou z\u00e1branu, ale tak\u00e9 od d\u011bt\u00ed samotn\u00fdch. To u\u017e v\u0161ak nevy\u0159e\u0161\u00ed \u017e\u00e1dn\u00e9 dal\u0161\u00ed gumov\u00e9 ochrany na plotu. &#8222;Radost d\u011bt\u00ed z Lentilek je velk\u00e1 a proto to d\u00e1vaj\u00ed v\u00fdrazn\u011b najevo. Zvykn\u011bme si na to, proto\u017ee Lentilky jsou pln\u00e9 \u017eivota,&#8220; dod\u00e1v\u00e1 zastupitel a \u010dlen rady M\u010c Praha 18 Let\u0148any Jan Mikuleck\u00fd.<\/p>\n","protected":false},"excerpt":{"rendered":"<p>Od dokon\u010den\u00ed Lentilek v lo\u0148sk\u00e9m roce si n\u011bkte\u0159\u00ed obyvatel\u00e9 st\u011b\u017eovali na vysokou hlu\u010dnost na modr\u00e9m sportovn\u00edm h\u0159i\u0161ti u domu v M\u00edsteck\u00e9 ulici. &#8222;Navr\u017een\u00e1 technologie oplocen\u00ed sice obsahovala \u0159adu protihlukov\u00fdch prvk\u016f, nicm\u00e9n\u011b realita uk\u00e1zala, \u017ee \u00fadery m\u00ed\u010de o plotov\u00e9 d\u00edlce generuj\u00ed nep\u0159\u00edjemn\u00fd zvoniv\u00fd zvuk,&#8220; \u0159\u00edk\u00e1 radn\u00ed a zastupitel Jan Mikuleck\u00fd.<\/p>\n","protected":false},"author":1,"featured_media":0,"comment_status":"closed","ping_status":"closed","sticky":false,"template":"","format":"standard","meta":[],"categories":[5],"tags":[],"_links":{"self":[{"href":"https:\/\/www.jan-mikulecky.cz\/index.php\/wp-json\/wp\/v2\/posts\/1931"}],"collection":[{"href":"https:\/\/www.jan-mikulecky.cz\/index.php\/wp-json\/wp\/v2\/posts"}],"about":[{"href":"https:\/\/www.jan-mikulecky.cz\/index.php\/wp-json\/wp\/v2\/types\/post"}],"author":[{"embeddable":true,"href":"https:\/\/www.jan-mikulecky.cz\/index.php\/wp-json\/wp\/v2\/users\/1"}],"replies":[{"embeddable":true,"href":"https:\/\/www.jan-mikulecky.cz\/index.php\/wp-json\/wp\/v2\/comments?post=1931"}],"version-history":[{"count":1,"href":"https:\/\/www.jan-mikulecky.cz\/index.php\/wp-json\/wp\/v2\/posts\/1931\/revisions"}],"predecessor-version":[{"id":2725,"href":"https:\/\/www.jan-mikulecky.cz\/index.php\/wp-json\/wp\/v2\/posts\/1931\/revisions\/2725"}],"wp:attachment":[{"href":"https:\/\/www.jan-mikulecky.cz\/index.php\/wp-json\/wp\/v2\/media?parent=1931"}],"wp:term":[{"taxonomy":"category","embeddable":true,"href":"https:\/\/www.jan-mikulecky.cz\/index.php\/wp-json\/wp\/v2\/categories?post=1931"},{"taxonomy":"post_tag","embeddable":true,"href":"https:\/\/www.jan-mikulecky.cz\/index.php\/wp-json\/wp\/v2\/tags?post=1931"}],"curies":[{"name":"wp","href":"https:\/\/api.w.org\/{rel}","templated":true}]}}