{"id":1935,"date":"2020-10-12T08:54:43","date_gmt":"2020-10-12T08:54:43","guid":{"rendered":"http:\/\/letnanskelentilky.cz\/?p=1935"},"modified":"2020-08-27T08:56:59","modified_gmt":"2020-08-27T08:56:59","slug":"jan-mikulecky-letnany-zastupitel-popelnice-v-kuzelove-nezmenily-sve-misto","status":"publish","type":"post","link":"https:\/\/www.jan-mikulecky.cz\/index.php\/2020\/10\/12\/jan-mikulecky-letnany-zastupitel-popelnice-v-kuzelove-nezmenily-sve-misto\/","title":{"rendered":"Jan Mikuleck\u00fd: Popelnice v Ku\u017eelov\u011b nezm\u011bnily sv\u00e9 m\u00edsto"},"content":{"rendered":"<p><a href=\"http:\/\/letnanskelentilky.cz\/wp-content\/uploads\/WP_20150110_11_08_51_Pro.jpg\"><img loading=\"lazy\" class=\"alignleft size-thumbnail wp-image-1940\" src=\"http:\/\/letnanskelentilky.cz\/wp-content\/uploads\/WP_20150110_11_08_51_Pro-150x150.jpg\" alt=\"\" width=\"150\" height=\"150\"><\/a>Lentilky \u00fapln\u011b zm\u011bnily Ku\u017eelovu ulici. Auta zmizela, star\u00fd asfalt se odboural a dnes je Ku\u017eelovka pln\u00e1 zelen\u011b a s fialovou lentilkou. O tom, jak bude tato ulice vypadat, rozhodli sami jej\u00ed obyvatel\u00e9, jak se m\u016f\u017eete do\u010d\u00edst zde. &#8222;Sou\u010d\u00e1st\u00ed kompletn\u00ed revitalizace byl tak\u00e9 p\u0159esun popelnicov\u00fdch st\u00e1n\u00ed od Jan\u010dovy ulice na boky dom\u016f. Popelnice v\u0161ak na t\u011bchto st\u00e1n\u00edch nejsou,&#8220; \u0159\u00edk\u00e1 Jan Mikuleck\u00fd, zastupitel Let\u0148any.<!--more--><\/p>\n<p>P\u0159i projektov\u00e1n\u00ed si auto\u0159i neuv\u011bdomili jednou malou drobnost. Popel\u00e1\u0159i v r\u00e1mci standardn\u00edch slu\u017eeb vyprazd\u0148uj\u00ed popelnice, kter\u00e9 jsou max. 15 m od p\u0159\u00edjezdov\u00e9 komunikace. Za del\u0161\u00ed vzd\u00e1lenost si mus\u00ed z\u00e1kazn\u00edk p\u0159iplatit.<\/p>\n<p>M\u011bs\u00ed\u010dn\u011b stoj\u00ed svoz jednoho kontejneru cca 3000 K\u010d (cena Pra\u017esk\u00fdch slu\u017eeb). P\u0159\u00edplatek za vzd\u00e1lenost do 30 m je 150 K\u010d, tzn. 5% z celkov\u00e9 ceny. Pokud se to zd\u00e1 n\u011bkomu jako pakatel, tak n\u011bkter\u00fdm obyvatel\u016fm Ku\u017eelovy ulice bohu\u017eel ne. P\u0159i rozpo\u010dten\u00ed tohoto p\u0159\u00edplatku na jednotliv\u00e9 byty <strong>se jedn\u00e1 o 6,30 K\u010d na m\u011bs\u00edc a byt<\/strong>. &#8222;I tato \u010d\u00e1stka se v\u0161ak stala p\u0159edm\u011btem velk\u00fdch diskus\u00ed, kter\u00e9 bohu\u017eel skon\u010dily v\u00fdsledkem, je\u017e je vid\u011bt na p\u0159ilo\u017een\u00fdch fotografi\u00edch,&#8220; \u0159\u00edk\u00e1 Jan Mikuleck\u00fd, zastupitel Let\u0148any.<\/p>\n<figure id=\"attachment_2641\" aria-describedby=\"caption-attachment-2641\" style=\"width: 840px\" class=\"wp-caption alignnone\"><img loading=\"lazy\" class=\"wp-image-2641 size-large\" src=\"https:\/\/www.janmikulecky.com\/wp-content\/uploads\/2018\/09\/Jan_Mikulecky_Letnany_WP_20150110_10_51_22_Pro-1024x576.jpg\" alt=\"Autor: Jan Mikulecky, Letnany\" width=\"840\" height=\"473\"><figcaption id=\"caption-attachment-2641\" class=\"wp-caption-text\">Autor: Jan Mikulecky, Letnany<\/figcaption><\/figure>\n<p>&#8222;O sv\u00e9m okol\u00ed si rozhoduj\u00ed obyvatel\u00e9 sami, tak jim nechme pr\u00e1vo u\u0161et\u0159it m\u011bs\u00ed\u010dn\u011b jeden rohl\u00edk a m\u00edt popelnice klidn\u011b na chodn\u00edku. A\u017e se to v\u011bt\u0161in\u011b p\u0159estane l\u00edbit, t\u0159eba bude Ku\u017eelovka vzhledn\u011bj\u0161\u00ed ulic\u00ed,&#8220; \u0159\u00edk\u00e1 Jan Mikuleck\u00fd, zastupitel Let\u0148any.<\/p>\n<figure id=\"attachment_2640\" aria-describedby=\"caption-attachment-2640\" style=\"width: 840px\" class=\"wp-caption alignnone\"><img loading=\"lazy\" class=\"wp-image-2640 size-large\" src=\"https:\/\/www.janmikulecky.com\/wp-content\/uploads\/2018\/09\/Jan_Mikulecky_Letnany_WP_20150106_07_35_06_Pro-1024x576.jpg\" alt=\"Autor: Jan Mikulecky, Letnany\" width=\"840\" height=\"473\"><figcaption id=\"caption-attachment-2640\" class=\"wp-caption-text\">Autor: Jan Mikulecky, Letnany<\/figcaption><\/figure>\n","protected":false},"excerpt":{"rendered":"<p>Lentilky \u00fapln\u011b zm\u011bnily Ku\u017eelovu ulici. Auta zmizela, star\u00fd asfalt se odboural a dnes je Ku\u017eelovka pln\u00e1 zelen\u011b a s fialovou lentilkou. O tom, jak bude tato ulice vypadat, rozhodli sami jej\u00ed obyvatel\u00e9, jak se m\u016f\u017eete do\u010d\u00edst zde. &#8222;Sou\u010d\u00e1st\u00ed kompletn\u00ed revitalizace byl tak\u00e9 p\u0159esun popelnicov\u00fdch st\u00e1n\u00ed od Jan\u010dovy ulice na boky dom\u016f. Popelnice v\u0161ak na t\u011bchto &hellip; <\/p>\n<p class=\"link-more\"><a href=\"https:\/\/www.jan-mikulecky.cz\/index.php\/2020\/10\/12\/jan-mikulecky-letnany-zastupitel-popelnice-v-kuzelove-nezmenily-sve-misto\/\" class=\"more-link\">Pokra\u010dovat ve \u010dten\u00ed<span class=\"screen-reader-text\"> &#8222;Jan Mikuleck\u00fd: Popelnice v Ku\u017eelov\u011b nezm\u011bnily sv\u00e9 m\u00edsto&#8220;<\/span><\/a><\/p>\n","protected":false},"author":1,"featured_media":0,"comment_status":"closed","ping_status":"closed","sticky":false,"template":"","format":"standard","meta":[],"categories":[21],"tags":[20],"_links":{"self":[{"href":"https:\/\/www.jan-mikulecky.cz\/index.php\/wp-json\/wp\/v2\/posts\/1935"}],"collection":[{"href":"https:\/\/www.jan-mikulecky.cz\/index.php\/wp-json\/wp\/v2\/posts"}],"about":[{"href":"https:\/\/www.jan-mikulecky.cz\/index.php\/wp-json\/wp\/v2\/types\/post"}],"author":[{"embeddable":true,"href":"https:\/\/www.jan-mikulecky.cz\/index.php\/wp-json\/wp\/v2\/users\/1"}],"replies":[{"embeddable":true,"href":"https:\/\/www.jan-mikulecky.cz\/index.php\/wp-json\/wp\/v2\/comments?post=1935"}],"version-history":[{"count":1,"href":"https:\/\/www.jan-mikulecky.cz\/index.php\/wp-json\/wp\/v2\/posts\/1935\/revisions"}],"predecessor-version":[{"id":2733,"href":"https:\/\/www.jan-mikulecky.cz\/index.php\/wp-json\/wp\/v2\/posts\/1935\/revisions\/2733"}],"wp:attachment":[{"href":"https:\/\/www.jan-mikulecky.cz\/index.php\/wp-json\/wp\/v2\/media?parent=1935"}],"wp:term":[{"taxonomy":"category","embeddable":true,"href":"https:\/\/www.jan-mikulecky.cz\/index.php\/wp-json\/wp\/v2\/categories?post=1935"},{"taxonomy":"post_tag","embeddable":true,"href":"https:\/\/www.jan-mikulecky.cz\/index.php\/wp-json\/wp\/v2\/tags?post=1935"}],"curies":[{"name":"wp","href":"https:\/\/api.w.org\/{rel}","templated":true}]}}