{"id":1943,"date":"2020-10-04T03:55:29","date_gmt":"2020-10-04T03:55:29","guid":{"rendered":"http:\/\/letnanskelentilky.cz\/?p=1943"},"modified":"2020-08-27T08:55:46","modified_gmt":"2020-08-27T08:55:46","slug":"jan-mikulecky-letnany-zastupitel-prijdou-letnany-o-27-milionu-pta-se","status":"publish","type":"post","link":"https:\/\/www.jan-mikulecky.cz\/index.php\/2020\/10\/04\/jan-mikulecky-letnany-zastupitel-prijdou-letnany-o-27-milionu-pta-se\/","title":{"rendered":"P\u0159ijdou Let\u0148any o 27 mili\u00f3n\u016f dotac\u00ed? Pt\u00e1 se zastupitel Jan Mikuleck\u00fd"},"content":{"rendered":"<figure id=\"attachment_1933\" aria-describedby=\"caption-attachment-1933\" style=\"width: 150px\" class=\"wp-caption alignleft\"><a href=\"http:\/\/letnanskelentilky.cz\/wp-content\/uploads\/image-12-06-15-1318-1.jpg\"><img loading=\"lazy\" class=\"wp-image-1933 size-thumbnail\" src=\"http:\/\/letnanskelentilky.cz\/wp-content\/uploads\/image-12-06-15-1318-1-150x150.jpg\" alt=\"Autor: Jan Mikuleck\u00fd\" width=\"150\" height=\"150\"><\/a><figcaption id=\"caption-attachment-1933\" class=\"wp-caption-text\">Autor: Jan Mikuleck\u00fd<\/figcaption><\/figure>\n<p>Let\u0148ansk\u00e9 lentilky ztratily \u00fazemn\u00ed rozhodnut\u00ed. Nejvy\u0161\u0161\u00ed spr\u00e1vn\u00ed soud vyhov\u011bl \u017ealob\u011b SVJ M\u00edsteck\u00e1 450 a \u0159ekl, \u017ee stavebn\u00ed \u00fa\u0159ad a n\u00e1sledn\u011b Magistr\u00e1t hl. m. Prahy nespr\u00e1vn\u011b vydal v roce 2012 \u00fazemn\u00ed rozhodnut\u00ed. Odpov\u011bdn\u00fd \u010dlen rady M\u010c Lentilky Praha 18 Jan Mikuleck\u00fd konstatuje: &#8222;Lentilky u\u017e sice nikdo nezbo\u0159\u00ed, nicm\u00e9n\u011b v ohro\u017een\u00ed jsou des\u00edtky mili\u00f3n\u016f dotac\u00ed. Kdy\u017e o n\u011b Let\u0148any p\u0159ijdou, zaplat\u00ed to v\u0161ichni ob\u010dan\u00e9. Nebude na \u0161kolky ani na nov\u00e9 chodn\u00edky a zru\u0161\u00ed se \u0159ada tolik obl\u00edben\u00fdch kulturn\u00edch akc\u00ed.&#8220; A v \u010dem vlastn\u011b n\u00e1mitky protestn\u00edho SVJ M\u00edsteck\u00e1 450 spo\u010d\u00edvaly? Te\u010f s odstupem p\u011bti let je to velmi zaj\u00edmav\u00e9 \u010dten\u00ed.<!--more--><\/p>\n<p>Procesn\u00ed n\u00e1mitky prim\u00e1rn\u011b spo\u010d\u00edvaly v tom, \u017ee SVJ nebylo \u00fa\u010dastn\u00edkem \u0159\u00edzen\u00ed. To je sice pravda, nicm\u00e9n\u011b n\u00ed\u017ee je prok\u00e1z\u00e1no, \u017ee i p\u0159es tento fakt byla drtiv\u00e1 v\u011bt\u0161ina konstruktivn\u00edch n\u00e1mitek akceptov\u00e1na a projekt byl podle nich upraven, jak potvrdil zastupitel Mikuleck\u00fd. I bez ohledu na to, \u017ee stavebn\u00ed \u00fa\u0159ad nep\u0159ijal SVJ jako \u00fa\u010dastn\u00edka \u0159\u00edzen\u00ed, m\u011bstsk\u00e1 \u010d\u00e1st na koment\u00e1\u0159e a p\u0159ipom\u00ednky&nbsp;reagovala a projekt upravila. V\u011bcn\u00e9 n\u00e1mitky jsou postupn\u011b rozebr\u00e1ny d\u00e1le v textu.<\/p>\n<figure id=\"attachment_1949\" aria-describedby=\"caption-attachment-1949\" style=\"width: 584px\" class=\"wp-caption aligncenter\"><a href=\"http:\/\/letnanskelentilky.cz\/wp-content\/uploads\/450-2.7.png\"><img loading=\"lazy\" class=\"wp-image-1949 size-large\" src=\"http:\/\/letnanskelentilky.cz\/wp-content\/uploads\/450-2.7-1024x317.png\" alt=\"Autor: Jan Mikuleck\u00fd\" width=\"584\" height=\"181\"><\/a><figcaption id=\"caption-attachment-1949\" class=\"wp-caption-text\">Autor: Jan Mikuleck\u00fd<\/figcaption><\/figure>\n<p>Utopick\u00e1 vize se stala realitou v roce 2014. Radn\u00ed Jan Mikuleck\u00fd kandidoval s c\u00edlem z\u00e1sadn\u011b zm\u011bnit sv\u00e9 okol\u00ed a to se v pozitivn\u00edm smyslu povedlo. Zmi\u0148ovan\u00e1 \u010d\u00e1st Lentilek se poda\u0159ila realizovat v r\u00e1mci jednoho volebn\u00edho obdob\u00ed, a to od architektonick\u00e9 studie, p\u0159es \u00fazemn\u00ed rozhodnut\u00ed, stavebn\u00ed povolen\u00ed, z\u00edsk\u00e1n\u00ed dotac\u00ed, \u0159\u00e1dn\u00e9ho vysout\u011b\u017een\u00ed dodavatele a\u017e k otev\u0159en\u00ed Lentilek v z\u00e1\u0159\u00ed 2014. &#8222;V roce 2012 tomu v\u011b\u0159il m\u00e1lokdo, proto lze tuto n\u00e1mitku pochopit,&#8220; dod\u00e1v\u00e1 zastupitel Mikuleck\u00fd. Nicm\u00e9n\u011b povedlo se, na lentilk\u00e1ch si hraj\u00ed d\u011bti, \u0159idi\u010di maj\u00ed kde parkovat a m\u00edsto referenda vyhr\u00e1la ODS v roce 2014 volby.<\/p>\n<p>Jasn\u00fdm d\u016fkazem, \u017ee se Lentilky l\u00edb\u00ed a \u017e\u00e1dn\u00fd odpor obyvatel dom\u016f neexistoval, je <a href=\"http:\/\/www.volby.cz\/pls\/kv2014\/kv1111?xjazyk=CZ&amp;xid=1&amp;xdz=5&amp;xnumnuts=1100&amp;xobec=547417&amp;xokrsek=18006&amp;xstat=0&amp;xvyber=1\" target=\"_blank\" rel=\"noopener noreferrer\">v\u00fdsledek voleb v dan\u00e9m volebn\u00edm okrsku<\/a>. Ba co v\u00edc, ten radn\u00ed s utopickou viz\u00ed v\u0161echny p\u0159esko\u010dil a vyhr\u00e1l na pln\u00e9 \u010d\u00e1\u0159e s nejvy\u0161\u0161\u00edm po\u010dtem absolutn\u00edch hlas\u016f.&nbsp;Sice ho tento \u00fasp\u011bch n\u00e1sledn\u011b dovlekl a\u017e k soudu s fale\u0161n\u00fdmi sv\u011bdky, ale to je bohu\u017eel v \u010cesku typick\u00fd \u00fad\u011bl mnoha \u00fasp\u011b\u0161n\u00fdch lid\u00ed.<\/p>\n<p>Mal\u00fd, ale tak\u00e9 d\u016fkaz o podpo\u0159e Lentilek, byla akce jednoho ob\u010dansk\u00e9ho sdru\u017een\u00ed, kter\u00e9 t\u011bsn\u011b p\u0159ed zah\u00e1jen\u00edm realizace v roce 2014 sepsalo petici o zastaven\u00ed stavby a rozeslalo ji na 54 SVJ, kter\u00fdch se Lentilky bezprost\u0159edn\u011b t\u00fdkaly. Odpov\u011b\u010f nemohla b\u00fdt jasn\u011bj\u0161\u00ed. Petici nepodepsal nikdo&#8230; tedy krom\u011b protagonist\u016f t\u0159ech SVJ, kte\u0159\u00ed v\u0161ak byli auto\u0159i tohoto ne\u00fasp\u011b\u0161n\u00e9ho pokusu.<\/p>\n<p>Jak dod\u00e1v\u00e1 radn\u00ed Mikuleck\u00fd: &#8222;Ona cel\u00e1 tato n\u00e1mitka m\u00e1 evidentn\u011b t\u011b\u017ek\u00fd politick\u00fd podtext, proto\u017ee ji psali lid\u00e9, kte\u0159\u00ed m\u011bli v roce 2010 i pot\u00e9 v 2014 velk\u00e9 politick\u00e9 ambice.&#8220; Na\u0161t\u011bst\u00ed v\u0161ak z\u016fstalo jen u ambic a Let\u0148an\u0161t\u00ed jim ve volb\u00e1ch uk\u00e1zali, jak rozumn\u00fd voli\u010d um\u00ed tyto ambice krotit.<\/p>\n<figure id=\"attachment_1950\" aria-describedby=\"caption-attachment-1950\" style=\"width: 584px\" class=\"wp-caption aligncenter\"><a href=\"http:\/\/letnanskelentilky.cz\/wp-content\/uploads\/450-2.8.png\"><img loading=\"lazy\" class=\"wp-image-1950 size-large\" src=\"http:\/\/letnanskelentilky.cz\/wp-content\/uploads\/450-2.8-1024x212.png\" alt=\"Autor: Jan Mikuleck\u00fd\" width=\"584\" height=\"121\"><\/a><figcaption id=\"caption-attachment-1950\" class=\"wp-caption-text\">Autor: Jan Mikuleck\u00fd<\/figcaption><\/figure>\n<p>V roce 2012 byla na s\u00eddli\u0161ti jedna prol\u00e9za\u010dka &#8211; star\u00e1 pyramida v Ku\u017eelov\u011b ulici. Nejbli\u017e\u0161\u00ed h\u0159i\u0161t\u011b pro p\u0159ed\u0161kol\u00e1ky bylo 300 m daleko v K\u0159ivokl\u00e1tsk\u00e9 a je\u0161t\u011b d\u00e1l u Z\u0160 Fry\u010dovick\u00e1 bylo sportovn\u00ed h\u0159i\u0161t\u011b, konstatuje Jan Mikuleck\u00fd. Kdy\u017e je v dochoz\u00ed vzd\u00e1lenosti dostatek aktivn\u00edch ploch, pro\u010d si dnes d\u011bti z domu M\u00edsteck\u00e1 450 nejrad\u0161i hraj\u00ed na lentilkov\u00fdch h\u0159i\u0161t\u00edch?<\/p>\n<figure id=\"attachment_1848\" aria-describedby=\"caption-attachment-1848\" style=\"width: 584px\" class=\"wp-caption aligncenter\"><a href=\"http:\/\/letnanskelentilky.cz\/wp-content\/uploads\/WP_20141010_005.jpg\"><img loading=\"lazy\" class=\"wp-image-1848 size-large\" src=\"http:\/\/letnanskelentilky.cz\/wp-content\/uploads\/WP_20141010_005-1024x576.jpg\" alt=\"Autor: Jan Mikuleck\u00fd\" width=\"584\" height=\"329\"><\/a><figcaption id=\"caption-attachment-1848\" class=\"wp-caption-text\">Autor: Jan Mikuleck\u00fd<\/figcaption><\/figure>\n<figure id=\"attachment_1951\" aria-describedby=\"caption-attachment-1951\" style=\"width: 584px\" class=\"wp-caption aligncenter\"><a href=\"http:\/\/letnanskelentilky.cz\/wp-content\/uploads\/450-2.9.png\"><img loading=\"lazy\" class=\"wp-image-1951 size-large\" src=\"http:\/\/letnanskelentilky.cz\/wp-content\/uploads\/450-2.9-1024x313.png\" alt=\"Autor: Jan Mikuleck\u00fd\" width=\"584\" height=\"179\"><\/a><figcaption id=\"caption-attachment-1951\" class=\"wp-caption-text\">Autor: Jan Mikuleck\u00fd<\/figcaption><\/figure>\n<p>V\u0161echny pozemky bu\u010f pat\u0159\u00ed m\u011bstsk\u00e9 \u010d\u00e1sti nebo jsou dlouhodob\u011b vyp\u016fj\u010deny od CPI, Avie \u010di jednotliv\u00fdch SVJ a to za nula korun. Let\u0148any neplat\u00ed za pron\u00e1jem pozemk\u016f nic. Pouze p\u0159ijaly z\u00e1vazek se o ve\u0159ejn\u00e9 pozemky starat, co\u017e je z\u00e1kladn\u00edm posl\u00e1n\u00edm obce. Jan Mikuleck\u00fd potvrdil, \u017ee sou\u010d\u00e1st\u00ed smluv v\u017edy byl i souhlas se stavbou, tzn. \u017ee v\u0161e bylo a je pln\u011b leg\u00e1ln\u00ed. V\u0161echny dot\u010den\u00e9 subjekty se s nad\u0161en\u00edm p\u0159ipojily k Lentilk\u00e1m a prop\u016fj\u010dily sv\u016fj majetek tomuto z\u00e1m\u011bru. A to zejm\u00e9na proto, \u017ee se sezn\u00e1mily s detaily projektu a nerozhodovaly se na z\u00e1klad\u011b domn\u011bnek a pouli\u010dn\u00edch \u0159e\u010d\u00ed. Omluvme autora n\u00e1mitky za neznalost situace, kterou si m\u016f\u017ee kdykoli doplnit postupem dle z\u00e1kona 106\/1999.<\/p>\n<p>A\u017e do dokon\u010den\u00ed stavby byly velmi diskutov\u00e1ny pozemky p\u0159ilehl\u00e9 k dom\u016fm. V\u00fdsledek t\u00e9to diskuse je vid\u011bt zde. Trvalkov\u00e9 z\u00e1hony d\u011blaj\u00ed obyvatel\u016fm s\u00eddli\u0161t\u011b radost&nbsp;po cel\u00fd rok.<\/p>\n<figure id=\"attachment_1946\" aria-describedby=\"caption-attachment-1946\" style=\"width: 584px\" class=\"wp-caption aligncenter\"><a href=\"http:\/\/letnanskelentilky.cz\/wp-content\/uploads\/450-2.10.png\"><img loading=\"lazy\" class=\"wp-image-1946 size-large\" src=\"http:\/\/letnanskelentilky.cz\/wp-content\/uploads\/450-2.10-1024x606.png\" alt=\"Autor: Jan Mikuleck\u00fd\" width=\"584\" height=\"346\"><\/a><figcaption id=\"caption-attachment-1946\" class=\"wp-caption-text\">Autor: Jan Mikuleck\u00fd<\/figcaption><\/figure>\n<p>&#8222;\u017d\u00e1dn\u00e9 ps\u00ed h\u0159i\u0161t\u011b nen\u00ed,&#8220; potvrzuje radn\u00ed Mikuleck\u00fd. Prob\u011bhla anketa a lid\u00e9 hlasovali o tom, co m\u00edsto zv\u00ed\u0159ec\u00ed lentilky bude. N\u00e1mitce bylo vyhov\u011bno. Parkovac\u00edch m\u00edst celkov\u011b p\u0159ibylo. Je pravda, \u017ee p\u0159\u00edmo p\u0159ed vchodem M\u00edsteck\u00e1 450 se jich p\u00e1r prom\u011bnilo na d\u011btsk\u00e9 h\u0159i\u0161t\u011b a zele\u0148, ale o 50 m vedle dal\u0161\u00ed m\u00edsta pro auta p\u0159ibyla. Celkov\u00e1 bilance parkov\u00e1n\u00ed musela b\u00fdt od za\u010d\u00e1tku pozitivn\u00ed, proto\u017ee bez toho by projekt nem\u011bl \u0161anc\u00ed z\u00edskat \u00fazemn\u00ed rozhodnut\u00ed a u\u017e v\u016fbec ne stavebn\u00ed povolen\u00ed.<\/p>\n<p>&#8222;Je to pravda. Hlukov\u00e1 z\u00e1t\u011b\u017e se zv\u00fd\u0161ila, p\u0159izn\u00e1v\u00e1 zastupitel Jan Mikuleck\u00fd. V Lentilk\u00e1ch si te\u010f hraji d\u011bti, maminky kl\u00e1bos\u00ed u houpa\u010dek a d\u016fchodci rozeb\u00edraj\u00ed supermarketov\u00e9 akce na nov\u00fdch lavi\u010dk\u00e1ch. Ano, Lentilky vyt\u00e1hly lidi ven z panel\u00e1k\u016f a ti si te\u010f u\u017e\u00edvaj\u00ed novou zele\u0148, h\u0159i\u0161t\u011b a dal\u0161\u00ed aktivn\u00ed plochy, na kter\u00fdch se prost\u011b generuje zvuk.<\/p>\n<p>Domn\u011bnky o placen\u00e9m parkov\u00e1n\u00ed jsou zcela lich\u00e9 a z\u0159ejm\u011b vych\u00e1zely z volebn\u00edch program\u016f ne\u00fasp\u011b\u0161n\u00fdch politick\u00fdch stran, na jejich\u017e kandid\u00e1tk\u00e1ch zkou\u0161eli auto\u0159i n\u00e1mitek z\u00edskat placen\u00e9 m\u00edsto na radnici. Populismus v let\u0148ansk\u00fdch volb\u00e1ch v\u0161ak na\u0161t\u011bst\u00ed nev\u00edt\u011bz\u00ed.<\/p>\n<figure id=\"attachment_1947\" aria-describedby=\"caption-attachment-1947\" style=\"width: 584px\" class=\"wp-caption aligncenter\"><a href=\"http:\/\/letnanskelentilky.cz\/wp-content\/uploads\/450-2.11.png\"><img loading=\"lazy\" class=\"wp-image-1947 size-large\" src=\"http:\/\/letnanskelentilky.cz\/wp-content\/uploads\/450-2.11-1024x217.png\" alt=\"Autor: Jan Mikuleck\u00fd\" width=\"584\" height=\"124\"><\/a><figcaption id=\"caption-attachment-1947\" class=\"wp-caption-text\">Autor: Jan Mikuleck\u00fd<\/figcaption><\/figure>\n<p>O pozitivn\u00edm urbanistick\u00e9m p\u0159\u00ednosu jsou dnes p\u0159esv\u011bd\u010deni t\u00e9m\u011b\u0159 v\u0161ichni obyvatel\u00e9 s\u00eddli\u0161t\u011b. Dokonce i v dom\u011b M\u00edsteck\u00e1 450 jsou ve v\u011bt\u0161in\u011b spokojeni s nov\u00fdm okol\u00edm sv\u00e9ho domu, jak potvrdil n\u011bkte\u0159\u00ed obyvatel\u00e9 p\u0159\u00edmo radn\u00edmu Mikuleck\u00e9mu. Na zmanipulovan\u00fdch shrom\u00e1\u017ed\u011bn\u00edch vlastn\u00edk\u016f se v\u0161ak boj\u00ed mluvit, aby neskon\u010dili se \u017ealobou na utrh\u00e1n\u00ed na cti. Neschopnost veden\u00ed a vlastn\u00ed hry s pen\u011bzi SVJ maj\u00ed za d\u016fsledek to, \u017ee tento d\u016fm je t\u00e9m\u011b\u0159 posledn\u00ed bez zateplen\u00e9 fas\u00e1dy, se star\u00fdmi stoupa\u010dkami a plesniv\u00fdmi sklepy. Jestli n\u011bkdo kaz\u00ed celkov\u00fd urbanistick\u00fd dojem ze sou\u010dasn\u00e9ho modern\u00edho s\u00eddli\u0161t\u011b, tak je to pr\u00e1v\u011b tento d\u016fm.<\/p>\n<p>Od sam\u00e9ho za\u010d\u00e1tku byl projekt otev\u0159en\u00fd v\u0161em ob\u010dan\u016fm Let\u0148an. &#8222;V&nbsp;z\u00e1\u0159\u00ed 2011 jsme ud\u011blali prvn\u00ed ve\u0159ejnou prezentaci, t\u00e9m\u011b\u0159 v&nbsp;ka\u017ed\u00e9m vyd\u00e1n\u00ed Let\u0148ansk\u00fdch list\u016f byla informace o postupu projektu,&#8220; shrnuje radn\u00ed Jan Mikuleck\u00fd. V\u0161echny informace, v\u00fdkresy, sch\u00e9mata i detaily o&nbsp;aktu\u00e1ln\u00edm stavu jsou st\u00e1le dostupn\u00e9 na Lentilkov\u00e9m webu.&nbsp;Projekt byl postupn\u011b p\u0159izp\u016fsobov\u00e1n obyvatel\u016fm jednotliv\u00fdch ulic a z\u00e1stupci obce v\u017edy reagovali na v\u0161echny koment\u00e1\u0159e.<\/p>\n<p>Diskuse kolem Lentilek byla obrovsk\u00e1. Nikdy se v Let\u0148anech ne\u0159e\u0161il \u017e\u00e1dn\u00fd projekt tak ve\u0159ejn\u011b jako Lentilky. Prezentace pro stovky&nbsp;lid\u00ed, vlastn\u00ed web, des\u00edtky osobn\u00edch jedn\u00e1n\u00ed\u2026, to v\u0161e p\u0159isp\u011blo ke kone\u010dn\u00e9 verzi projektu, na kter\u00e9 se pod\u00edlel t\u00e9m\u011b\u0159 ka\u017ed\u00fd obyvatel s\u00eddli\u0161t\u011b. Ti, co m\u011bli z\u00e1jem a chu\u0165, diskutovali, vyjad\u0159ovali se, komentovali a navrhovali zm\u011bny. V\u011bt\u0161ina projektu se vytvo\u0159ila podle lid\u00ed, co na s\u00eddli\u0161ti bydl\u00ed. Ku\u017eelovka, Ivan\u010dick\u00e1, M\u00edsteck\u00e1 jsou ulice, jejich\u017e nov\u00fd vzhled si vybrali sami jejich obyvatel\u00e9. Jan Mikuleck\u00fd potvrzuje, \u017ee hlasov\u00e1n\u00ed, ankety, ofici\u00e1ln\u00ed jedn\u00e1n\u00ed s p\u0159edstaviteli SVJ byly z\u00e1kladem p\u0159i tvorb\u011b projektu nejv\u011bt\u0161\u00ed Let\u0148ansk\u00e9 zm\u011bny. A kter\u00e1 jin\u00e1 komise zve\u0159ej\u0148ovala pravideln\u011b sv\u00e9 z\u00e1pisy?<\/p>\n<figure id=\"attachment_1948\" aria-describedby=\"caption-attachment-1948\" style=\"width: 584px\" class=\"wp-caption aligncenter\"><a href=\"http:\/\/letnanskelentilky.cz\/wp-content\/uploads\/450-2.12.png\"><img loading=\"lazy\" class=\"wp-image-1948 size-large\" src=\"http:\/\/letnanskelentilky.cz\/wp-content\/uploads\/450-2.12-1024x369.png\" alt=\"Autor: Jan Mikuleck\u00fd\" width=\"584\" height=\"210\"><\/a><figcaption id=\"caption-attachment-1948\" class=\"wp-caption-text\">Autor: Jan Mikuleck\u00fd<\/figcaption><\/figure>\n<p>Investor byl od za\u010d\u00e1tku jin\u00e9ho n\u00e1zoru, a proto\u017ee v\u011b\u0159il v \u00fasp\u011b\u0161n\u00e9 z\u00edsk\u00e1n\u00ed \u00fazemn\u00edho rozhodnut\u00ed, podal \u017e\u00e1dost i o um\u00edst\u011bn\u00ed staveb SO02 a SO09. V\u00fdsledek mohou vid\u011bt obyvatel\u00e9 SVJ M\u00edsteck\u00e1 450 ze sv\u00fdch oken.<\/p>\n<p>&#8222;V&nbsp;r\u00e1mci \u00fazemn\u00edho \u0159\u00edzen\u00ed poslala konkr\u00e9tn\u00ed n\u00e1mitky pouze 3 SVJ z 54. To je jasn\u00fdm d\u016fkazem maxim\u00e1ln\u00ed transparentnosti projektu od sam\u00e9ho po\u010d\u00e1tku,&#8220; op\u00edr\u00e1 se o fakta radn\u00ed Mikuleck\u00fd. Dal\u0161\u00ed n\u00e1mitky podali celkem 4 ob\u010dan\u00e9 z celkov\u00e9ho po\u010dtu 3500 dot\u010den\u00fdch obyvatel. V\u0161echny konstruktivn\u00ed n\u00e1mitky byly v&nbsp;r\u00e1mci dal\u0161\u00edho stavebn\u00edho \u0159\u00edzen\u00ed uspokojeny a&nbsp;projekt byl v&nbsp;t\u011bchto detailech zm\u011bn\u011bn.<\/p>\n<p>N\u00e1mitka SVJ 581&nbsp;se t\u00fdkala prim\u00e1rn\u011b vlastnictv\u00ed pozemk\u016f. Koment\u00e1\u0159, kter\u00fd dodal zastupitel Jan Mikuleck\u00fd, je napsan\u00fd v\u00fd\u0161e. N\u00e1mitka SVJ 580 vyjad\u0159ovala nesouhlas s posunut\u00edm chodn\u00edku a vytvo\u0159en\u00edm nov\u00fdch parkovac\u00edch m\u00edst p\u0159ed domem. Do budoucna to mo\u017en\u00e1 bude generovat probl\u00e9m s parkov\u00e1n\u00edm, nicm\u00e9n\u011b p\u0159\u00e1n\u00ed ob\u010dan\u016f bylo vyhov\u011bno a parkovac\u00ed m\u00edsta v Ivan\u010dick\u00e9 ulici nejsou.<\/p>\n<p>Minim\u00e1ln\u00ed po\u010det n\u00e1mitek dok\u00e1zal velmi otev\u0159en\u00fd p\u0159\u00edstup m\u011bstsk\u00e9 \u010d\u00e1sti v\u016f\u010di v\u0161em dot\u010den\u00fdm SVJ a obyvatel\u016fm lentilkov\u00e9ho s\u00eddli\u0161t\u011b. \u00da\u010delov\u00e1 \u017ealoba s jasn\u00fdm politick\u00fdm aspektem bohu\u017eel usp\u011bla. V\u00fdsledek m\u016f\u017ee b\u00fdt, \u017ee Let\u0148any m\u00edsto nov\u00e9 \u0161kolky vr\u00e1t\u00ed zp\u011bt do Bruselu t\u011b\u017ece z\u00edskan\u00e9 dotace. Po pr\u00e1vn\u00ed str\u00e1nce je rozhodnut\u00ed soudu ur\u010dit\u011b spr\u00e1vn\u00e9, proto\u017ee procesn\u00ed postupy mus\u00ed st\u00e1tn\u00ed spr\u00e1va dodr\u017eovat. Obsahov\u011b v\u0161ak n\u00e1mitky bu\u010f ned\u00e1valy smysl nebo jim bylo vyhov\u011bno. Tzn. \u017ee i bez \u017ealoby se SVJ M\u00edsteck\u00e1 450 fakticky stalo \u00fa\u010dastn\u00edkem \u00fazemn\u00edho \u0159\u00edzen\u00ed a jeho vyj\u00e1d\u0159en\u00ed bylo ve v\u011bt\u0161in\u011b respektov\u00e1no.<\/p>\n<p>Jan Mikuleck\u00fd zd\u016fraz\u0148uje: &#8222;Projekt se v n\u011bkolika \u010d\u00e1stech zm\u011bnil pr\u00e1v\u011b na z\u00e1klad\u011b n\u00e1mitek SVJ 450 a o v\u00fdsledku se sami auto\u0159i \u017ealoby p\u0159esv\u011bd\u010duj\u00ed ka\u017ed\u00fd den. Jak budou vysv\u011btlovat sv\u00fdm d\u011btem, a\u017e jim bagry za\u010dnou bourat modrou lentilku p\u0159ed domem a pokr\u00fdvat p\u0159ilehl\u00fd tr\u00e1vn\u00edk star\u00fdm asfaltem? Co budou s d\u011btmi d\u011blat, a\u017e jim radnice kv\u016fli nedostatku pen\u011bz zru\u0161\u00ed d\u011btsk\u00fd den, v\u00edt\u00e1n\u00ed ob\u010d\u00e1nk\u016f i grantov\u00e9 p\u0159\u00edsp\u011bvky na krou\u017eky? Snad si pak kone\u010dn\u011b uv\u011bdom\u00ed d\u016fsledky jejich kon\u00e1n\u00ed. Mo\u017en\u00e1 n\u011bkdy za\u010dnou pro obec n\u011bco pozitivn\u00edho d\u011blat a p\u0159estanou \u0161kodit, otravovat a ni\u010dit sv\u00e9 vlastn\u00ed okol\u00ed.&#8220;<\/p>\n<p>Lentilky zah\u00e1jily svou \u00fasp\u011b\u0161nou cestu t\u00edm, \u017ee byly vyhodnoceny jako jeden z nejlep\u0161\u00edch projekt\u016f 7-let\u00e9 dota\u010dn\u00ed v\u00fdzvy. \u00dasp\u011b\u0161nou realizaci potvrdili lid\u00e9 ve volb\u00e1ch v roce 2014. Te\u010f mo\u017en\u00e1 d\u00edky minoritn\u00ed aktivit\u011b dvou, t\u0159ech zap\u0161kl\u00fdch a ne\u00fasp\u011b\u0161n\u00fdch r\u00e1doby-politic\u00edch Lentilky zaplat\u00ed lid\u00e9 z vlastn\u00edho. Nech\u0165 op\u011bt promluv\u00ed obyvatel\u00e9 s\u00eddli\u0161t\u011b, a\u0165 projev\u00ed sv\u016fj n\u00e1zor na Lentilky v dal\u0161\u00edm plebiscitu a nebo jen tak na ulici p\u0159i sousedsk\u00fdch debat\u00e1ch. Zastupitel Mikuleck\u00fd uzav\u00edr\u00e1: &#8222;Snad ty debaty nebudou kon\u010dit h\u00e1zen\u00edm kamen\u016f do oken v M\u00edsteck\u00e9 ulici.&#8220;<\/p>\n","protected":false},"excerpt":{"rendered":"<p>Let\u0148ansk\u00e9 lentilky ztratily \u00fazemn\u00ed rozhodnut\u00ed. Nejvy\u0161\u0161\u00ed spr\u00e1vn\u00ed soud vyhov\u011bl \u017ealob\u011b SVJ M\u00edsteck\u00e1 450 a \u0159ekl, \u017ee stavebn\u00ed \u00fa\u0159ad a n\u00e1sledn\u011b Magistr\u00e1t hl. m. Prahy nespr\u00e1vn\u011b vydal v roce 2012 \u00fazemn\u00ed rozhodnut\u00ed. Odpov\u011bdn\u00fd \u010dlen rady M\u010c Lentilky Praha 18 Jan Mikuleck\u00fd konstatuje: &#8222;Lentilky u\u017e sice nikdo nezbo\u0159\u00ed, nicm\u00e9n\u011b v ohro\u017een\u00ed jsou des\u00edtky mili\u00f3n\u016f dotac\u00ed. Kdy\u017e o &hellip; <\/p>\n<p class=\"link-more\"><a href=\"https:\/\/www.jan-mikulecky.cz\/index.php\/2020\/10\/04\/jan-mikulecky-letnany-zastupitel-prijdou-letnany-o-27-milionu-pta-se\/\" class=\"more-link\">Pokra\u010dovat ve \u010dten\u00ed<span class=\"screen-reader-text\"> &#8222;P\u0159ijdou Let\u0148any o 27 mili\u00f3n\u016f dotac\u00ed? Pt\u00e1 se zastupitel Jan Mikuleck\u00fd&#8220;<\/span><\/a><\/p>\n","protected":false},"author":1,"featured_media":0,"comment_status":"closed","ping_status":"closed","sticky":false,"template":"","format":"standard","meta":[],"categories":[11,5],"tags":[],"_links":{"self":[{"href":"https:\/\/www.jan-mikulecky.cz\/index.php\/wp-json\/wp\/v2\/posts\/1943"}],"collection":[{"href":"https:\/\/www.jan-mikulecky.cz\/index.php\/wp-json\/wp\/v2\/posts"}],"about":[{"href":"https:\/\/www.jan-mikulecky.cz\/index.php\/wp-json\/wp\/v2\/types\/post"}],"author":[{"embeddable":true,"href":"https:\/\/www.jan-mikulecky.cz\/index.php\/wp-json\/wp\/v2\/users\/1"}],"replies":[{"embeddable":true,"href":"https:\/\/www.jan-mikulecky.cz\/index.php\/wp-json\/wp\/v2\/comments?post=1943"}],"version-history":[{"count":1,"href":"https:\/\/www.jan-mikulecky.cz\/index.php\/wp-json\/wp\/v2\/posts\/1943\/revisions"}],"predecessor-version":[{"id":2729,"href":"https:\/\/www.jan-mikulecky.cz\/index.php\/wp-json\/wp\/v2\/posts\/1943\/revisions\/2729"}],"wp:attachment":[{"href":"https:\/\/www.jan-mikulecky.cz\/index.php\/wp-json\/wp\/v2\/media?parent=1943"}],"wp:term":[{"taxonomy":"category","embeddable":true,"href":"https:\/\/www.jan-mikulecky.cz\/index.php\/wp-json\/wp\/v2\/categories?post=1943"},{"taxonomy":"post_tag","embeddable":true,"href":"https:\/\/www.jan-mikulecky.cz\/index.php\/wp-json\/wp\/v2\/tags?post=1943"}],"curies":[{"name":"wp","href":"https:\/\/api.w.org\/{rel}","templated":true}]}}