{"id":2004,"date":"2020-09-02T16:42:16","date_gmt":"2020-09-02T16:42:16","guid":{"rendered":"http:\/\/letnanskelentilky.cz\/?p=2004"},"modified":"2020-08-27T08:51:01","modified_gmt":"2020-08-27T08:51:01","slug":"jan-mikulecky-letnany-zastupitel-lentilky-jsou-opet-uspesny-projekt","status":"publish","type":"post","link":"https:\/\/www.jan-mikulecky.cz\/index.php\/2020\/09\/02\/jan-mikulecky-letnany-zastupitel-lentilky-jsou-opet-uspesny-projekt\/","title":{"rendered":"Lentilky jsou op\u011bt \u00fasp\u011b\u0161n\u00fd projekt"},"content":{"rendered":"<p><a href=\"http:\/\/letnanskelentilky.cz\/wp-content\/uploads\/WP_20140921_006.jpg\"><img loading=\"lazy\" class=\"alignleft size-thumbnail wp-image-1647\" src=\"http:\/\/letnanskelentilky.cz\/wp-content\/uploads\/WP_20140921_006-150x150.jpg\" alt=\"\" width=\"150\" height=\"150\"><\/a>Zdrav\u00fd rozum zv\u00edt\u011bzil. Pra\u017esk\u00fd magistr\u00e1t se \u0159\u00e1dn\u011b vypo\u0159\u00e1dal s <a href=\"http:\/\/letnanskelentilky.cz\/prijdou-lentilky-o-27-milionu\/\" target=\"_blank\" rel=\"noopener noreferrer\">p\u0159ipom\u00ednkami SVJ 450 k prvn\u00ed f\u00e1zi Lentilek<\/a>. Perfektn\u00ed a v\u011bcn\u00e1 argumentace pln\u00e1 faktick\u00fdch skute\u010dnost\u00ed jasn\u011b uk\u00e1zala, jak byla aktivita SVJ 450 nesmysln\u00e1, pln\u00e1 uboh\u00fdch argument\u016f a politicky motivovan\u00e1. \u00dasp\u011b\u0161n\u00e1 \u017ealoba p\u0159inutila magistr\u00e1t p\u0159ijmout SVJ 450 jako \u00fa\u010dastn\u00edka \u00fazemn\u00edho \u0159\u00edzen\u00ed. Ne ka\u017ed\u00e9 soudn\u00ed rozhodnut\u00ed v\u0161ak d\u00e1v\u00e1 smysl a je zalo\u017eeno na pravdiv\u00fdch skute\u010dnostech. Od za\u010d\u00e1tku bylo jasn\u00e9, \u017ee p\u0159ipom\u00ednky tohoto pseudo-politick\u00e9ho spolku jsou z poloviny irelevantn\u00ed a s tou druhou p\u016flkou se auto\u0159i Lentilek \u0159\u00e1dn\u011b vypo\u0159\u00e1dali a projekt ji\u017e d\u0159\u00edve upravili. Faktick\u00e1 argumentace proti p\u0159ipom\u00ednk\u00e1m je prezentov\u00e1na <a href=\"http:\/\/letnanskelentilky.cz\/prijdou-lentilky-o-27-milionu\/\" target=\"_blank\" rel=\"noopener noreferrer\">v p\u0159edchoz\u00edm \u010dl\u00e1nku<\/a>.<!--more--><\/p>\n<p>\u0158ada p\u0159ipom\u00ednek byla v r\u00e1mci projektu vy\u0159e\u0161ena. Ps\u00ed lentilka nen\u00ed, po\u010det parkovac\u00edch m\u00edst alespo\u0148 m\u00edrn\u011b vzrostl a s\u00eddli\u0161t\u011b je pln\u00e9 nov\u00fdch kvalitn\u00edch strom\u016f. Toto v\u0161e konstatuje <a href=\"http:\/\/letnanskelentilky.cz\/wp-content\/uploads\/510133700_0_2012-1499787.pdf\" target=\"_blank\" rel=\"noopener noreferrer\">rozhodnut\u00ed<\/a>, kde magistr\u00e1t mj. uv\u00e1d\u00ed: &#8222;<em>&#8230;Rovn\u011b\u017e ostatn\u00ed n\u00e1mitky odvolatele jsou natolik v\u00e1gn\u00ed, \u017ee nen\u00ed mo\u017en\u00e9 je jakkoliv komentovat a vypo\u0159\u00e1dat se s nimi&#8230;<\/em>&#8220; Toto jen podtrhuje p\u016fvodn\u00ed c\u00edle SVJ 450: zabr\u00e1nit rozvoji s\u00eddli\u0161t\u011b a zni\u010dit, co se d\u00e1.<\/p>\n<p>Magistr\u00e1t na konci <a href=\"http:\/\/letnanskelentilky.cz\/wp-content\/uploads\/510133700_0_2012-1499787.pdf\" target=\"_blank\" rel=\"noopener noreferrer\">rozhodnut\u00ed<\/a>&nbsp;(\u010dt\u011bte od str. 6) konstatuje, \u017ee &#8222;<em>&#8230;odvolatel ani v odvol\u00e1n\u00ed, ani pozd\u011bji p\u0159ed odvolac\u00edm spr\u00e1vn\u00edm org\u00e1nem, kter\u00fd ho po rozsudku Nejvy\u0161\u0161\u00edho spr\u00e1vn\u00edho soudu vyzval k dopln\u011bn\u00ed v\u011bcn\u00fdch n\u00e1mitek proti z\u00e1m\u011bru, \u017e\u00e1dn\u00e9 skute\u010dn\u011b konkr\u00e9tn\u00ed n\u00e1mitky neuplatnil&#8230;<\/em>&#8220; Teoreticky je mo\u017en\u00e9, \u017ee p\u0159ijde n\u011bjak\u00e1 dal\u0161\u00ed \u017ealoba, \u017e\u00e1dost o p\u0159ezkum nebo n\u011bco podobn\u00e9ho. Logick\u00e9 argumenty se v\u0161ak u\u017e budou hledat t\u011b\u017eko.&nbsp;To, \u017ee z\u00e1stupci SVJ 450 neum\u011bli d\u00e1t dohromady smyslupln\u00e9 p\u0159ipom\u00ednky, je jasn\u00fdm d\u016fkazem, \u017ee v\u00fdsledek revitalizace byl spr\u00e1vn\u00fdm z\u00e1m\u011brem, dostate\u010dn\u011b prodiskutovan\u00fdm s ob\u010dany a i p\u0159es drobn\u00e9 chyby je extr\u00e9mn\u011b \u00fasp\u011b\u0161n\u00fdm projektem.<\/p>\n<p>Lentilky budou op\u011bt naz\u00fdv\u00e1ny kvalitn\u00edm projektem. Ostatn\u011b tento nejv\u011bt\u0161\u00ed a nej\u00fasp\u011b\u0161n\u011bj\u0161\u00ed porevolu\u010dn\u00ed projekt v&nbsp;Let\u0148anech si to zaslou\u017e\u00ed. Zcela jist\u011b se te\u010f najde \u0159ada (nejen) zastupitel\u016f, kte\u0159\u00ed p\u0159estanou na Lentilky plivat a za\u010dnou ho op\u011bt vyzdvihovat jako \u00fasp\u011b\u0161n\u00fd p\u0159\u00edklad revitalizace. N\u011bkte\u0159\u00ed si mo\u017en\u00e1 za\u010dnou drze p\u0159isuzovat z\u00e1sluhy a vyu\u017eij\u00ed ho k&nbsp;vlastn\u00edmu PR. Budi\u017e jim to p\u0159\u00e1no. Je v\u0161ak \u0161koda, \u017ee nikdo z&nbsp;nich v&nbsp;tomto p\u011bkn\u00e9m projektu nebude nikdy pokra\u010dovat.<\/p>\n","protected":false},"excerpt":{"rendered":"<p>Zdrav\u00fd rozum zv\u00edt\u011bzil. Pra\u017esk\u00fd magistr\u00e1t se \u0159\u00e1dn\u011b vypo\u0159\u00e1dal s p\u0159ipom\u00ednkami SVJ 450 k prvn\u00ed f\u00e1zi Lentilek. Perfektn\u00ed a v\u011bcn\u00e1 argumentace pln\u00e1 faktick\u00fdch skute\u010dnost\u00ed jasn\u011b uk\u00e1zala, jak byla aktivita SVJ 450 nesmysln\u00e1, pln\u00e1 uboh\u00fdch argument\u016f a politicky motivovan\u00e1. \u00dasp\u011b\u0161n\u00e1 \u017ealoba p\u0159inutila magistr\u00e1t p\u0159ijmout SVJ 450 jako \u00fa\u010dastn\u00edka \u00fazemn\u00edho \u0159\u00edzen\u00ed. Ne ka\u017ed\u00e9 soudn\u00ed rozhodnut\u00ed v\u0161ak d\u00e1v\u00e1 smysl &hellip; <\/p>\n<p class=\"link-more\"><a href=\"https:\/\/www.jan-mikulecky.cz\/index.php\/2020\/09\/02\/jan-mikulecky-letnany-zastupitel-lentilky-jsou-opet-uspesny-projekt\/\" class=\"more-link\">Pokra\u010dovat ve \u010dten\u00ed<span class=\"screen-reader-text\"> &#8222;Lentilky jsou op\u011bt \u00fasp\u011b\u0161n\u00fd projekt&#8220;<\/span><\/a><\/p>\n","protected":false},"author":1,"featured_media":0,"comment_status":"closed","ping_status":"closed","sticky":false,"template":"","format":"standard","meta":[],"categories":[5],"tags":[],"_links":{"self":[{"href":"https:\/\/www.jan-mikulecky.cz\/index.php\/wp-json\/wp\/v2\/posts\/2004"}],"collection":[{"href":"https:\/\/www.jan-mikulecky.cz\/index.php\/wp-json\/wp\/v2\/posts"}],"about":[{"href":"https:\/\/www.jan-mikulecky.cz\/index.php\/wp-json\/wp\/v2\/types\/post"}],"author":[{"embeddable":true,"href":"https:\/\/www.jan-mikulecky.cz\/index.php\/wp-json\/wp\/v2\/users\/1"}],"replies":[{"embeddable":true,"href":"https:\/\/www.jan-mikulecky.cz\/index.php\/wp-json\/wp\/v2\/comments?post=2004"}],"version-history":[{"count":1,"href":"https:\/\/www.jan-mikulecky.cz\/index.php\/wp-json\/wp\/v2\/posts\/2004\/revisions"}],"predecessor-version":[{"id":2713,"href":"https:\/\/www.jan-mikulecky.cz\/index.php\/wp-json\/wp\/v2\/posts\/2004\/revisions\/2713"}],"wp:attachment":[{"href":"https:\/\/www.jan-mikulecky.cz\/index.php\/wp-json\/wp\/v2\/media?parent=2004"}],"wp:term":[{"taxonomy":"category","embeddable":true,"href":"https:\/\/www.jan-mikulecky.cz\/index.php\/wp-json\/wp\/v2\/categories?post=2004"},{"taxonomy":"post_tag","embeddable":true,"href":"https:\/\/www.jan-mikulecky.cz\/index.php\/wp-json\/wp\/v2\/tags?post=2004"}],"curies":[{"name":"wp","href":"https:\/\/api.w.org\/{rel}","templated":true}]}}