{"id":2134,"date":"2020-09-20T09:17:22","date_gmt":"2020-09-20T09:17:22","guid":{"rendered":"http:\/\/www.letnanskakavarna.cz\/?p=2134"},"modified":"2020-08-27T08:53:37","modified_gmt":"2020-08-27T08:53:37","slug":"jan-mikulecky-letnany-zastupitel-sdeluje-letnanske-it-bude-lepsi","status":"publish","type":"post","link":"https:\/\/www.jan-mikulecky.cz\/index.php\/2020\/09\/20\/jan-mikulecky-letnany-zastupitel-sdeluje-letnanske-it-bude-lepsi\/","title":{"rendered":"Zastupitel Mikuleck\u00fd sd\u011bluje: Let\u0148ansk\u00e9 IT bude lep\u0161\u00ed"},"content":{"rendered":"<p><img loading=\"lazy\" class=\"wp-image-2174 size-thumbnail alignleft\" src=\"http:\/\/www.kavarnaletnany.cz\/wp-content\/uploads\/2018\/09\/jan-mikulecky-zastupitel-150x150.jpg\" alt=\"\" width=\"150\" height=\"150\">Let\u0148any dos\u00e1hly dal\u0161\u00edho \u00fasp\u011bchu. Veden\u00ed radnice ji\u017e uk\u00e1zalo, \u017ee um\u00ed vyu\u017e\u00edvat evropsk\u00e9 dotace. Vedle des\u00edtek milion\u016f pro Let\u0148ansk\u00e9 lentilky, na zateplen\u00ed Z\u0160 Fry\u010dovick\u00e1 \u010di na rekonstrukci T\u0159ineck\u00e9 p\u0159isp\u011bje nyn\u00ed Evropsk\u00e1 unie na rozvoj informa\u010dn\u00edch technologi\u00ed.<\/p>\n<p class=\"jitem-title\"><!--more--><\/p>\n<p>&#8222;Dotace jsou prim\u00e1rn\u011b zam\u011b\u0159eny na projekty sm\u011b\u0159uj\u00edc\u00ed k ob\u010dan\u016fm, kter\u00e9 vedou k&nbsp;v\u011bt\u0161\u00ed transparentnosti a efektivn\u011bj\u0161\u00ed komunikaci radnice s lidmi,&#8220; sd\u011blil odpov\u011bdn\u00fd radn\u00ed Jan Mikuleck\u00fd.<\/p>\n<p>Kvalita let\u0148ansk\u00fdch projekt\u016f byla v r\u00e1mci dota\u010dn\u00ed v\u00fdzvy ohodnocena vysok\u00fdm po\u010dtem bod\u016f. &#8222;O jeden jedin\u00fd bod Let\u0148an\u016fm uniklo prvn\u00ed m\u00edsto,&#8220; chv\u00e1l\u00ed p\u0159\u00edpravu zastupitel Mikuleck\u00fd. Nicm\u00e9n\u011b mnohem d\u016fle\u017eit\u011bj\u0161\u00ed je, \u017ee dotace jsou a obyvatel\u00e9 Let\u0148an dostanou v\u00edce mo\u017enost\u00ed, jak modern\u011b komunikovat s \u00fa\u0159adem. Projekty zahrnuj\u00ed rozvoj informa\u010dn\u00edch a komunika\u010dn\u00edch technologi\u00ed v n\u00e1sleduj\u00edc\u00edch oblastech:<\/p>\n<hr id=\"system-readmore\">\n<p>\u2022 Syst\u00e9m pro spr\u00e1vu elektronick\u00fdch dokument\u016f<\/p>\n<p>\u2022 Digitalizace archivu \u00fa\u0159adu<\/p>\n<p>\u2022 Digitalizace stavebn\u00edho archivu<\/p>\n<p>\u2022 Elektronick\u00e9 v\u00fdv\u011bsn\u00ed tabule<\/p>\n<p>\u2022 Bezdr\u00e1tov\u00e9 p\u0159ipojen\u00ed pro pracovn\u00edky a n\u00e1v\u0161t\u011bvn\u00edky \u00fa\u0159adu<\/p>\n<p>\u2022 SMS br\u00e1na pro mo\u017enost rozes\u00edl\u00e1n\u00ed rychl\u00fdch informac\u00ed<\/p>\n<p>\u2022 Mobiln\u00ed aplikace<\/p>\n<p>1. Aplikace pro zas\u00edl\u00e1n\u00ed informac\u00ed na \u00fa\u0159ad \u2013 hl\u00e1\u0161en\u00ed nepo\u0159\u00e1dku apod.<\/p>\n<p>2. Mobiln\u00ed Let\u0148ansk\u00e9 listy a interaktivn\u00ed zpravodajstv\u00ed<\/p>\n<p>3. Mobiln\u00ed \u00fa\u0159edn\u00ed deska<\/p>\n<p>4. M\u00edstn\u00ed mapov\u00e9 info<\/p>\n<p>5. Ankety, hlasov\u00e1n\u00ed, referendum<\/p>\n<p>Projekty jsou navr\u017eeny s c\u00edlem zjednodu\u0161it spr\u00e1vu informa\u010dn\u00edch technologi\u00ed a minimalizovat budouc\u00ed n\u00e1klady na provoz a pracovn\u00ed s\u00edlu. S&nbsp;realizac\u00ed projekt\u016f nevznikne po\u017eadavek na zv\u00fd\u0161en\u00ed pracovn\u00edch m\u00edst \u00fa\u0159adu m\u011bstsk\u00e9 \u010d\u00e1sti. Jan Mikuleck\u00fd dod\u00e1v\u00e1: &#8222;Mobiln\u00ed aplikace, elektronick\u00e9 v\u00fdv\u011bsn\u00ed tabule a dal\u0161\u00ed projekty p\u0159inesou nov\u00e9 technologie p\u0159\u00edmo k ob\u010dan\u016fm Let\u0148an.&#8220;<\/p>\n<p>Komunikace mezi \u00fa\u0159adem a lidmi se zjednodu\u0161\u00ed a zrychl\u00ed. Obyvatel\u00e9 Let\u0148an budou m\u00edt v\u011bt\u0161\u00ed a efektivn\u011bj\u0161\u00ed p\u0159\u00edstup k aktu\u00e1ln\u00edm informac\u00edm.<\/p>\n<p><em>Jan Mikuleck\u00fd, zastupitel a radn\u00ed M\u010c Praha 18 Let\u0148any pro regeneraci s\u00eddli\u0161t\u011b a \u017eivotn\u00ed prost\u0159ed\u00ed<\/em><\/p>\n<h3>Podpo\u0159en\u00e9 projekty v r\u00e1mci oblasti podpory 2.1<\/h3>\n<p><strong>Interaktivn\u00ed \u00fa\u0159edn\u00ed desky:<\/strong> \u017eadatel M\u011bstsk\u00e1 \u010d\u00e1st Praha 1, dotace 1.006.205,73 K\u010d, 64,00 bod\u016f<\/p>\n<p><strong>Let\u0148any ICT 2015:<\/strong> \u017eadatel M\u011bstsk\u00e1 \u010d\u00e1st Praha 18: dotace 5.476.039,95 K\u010d, 63,00 bod\u016f<\/p>\n<p><strong>Slu\u017eby e-Governmentu v M\u010c Praha 22:<\/strong> \u017eadatel M\u011bstsk\u00e1 \u010d\u00e1st Praha 22: dotace 2.483.615,74 K\u010d, 58,50 bod\u016f<\/p>\n<p><strong>Rozvoj ICT slu\u017eeb na M\u010c Praha 20:<\/strong> \u017eadatel M\u011bstsk\u00e1 \u010d\u00e1st Praha 20, dotace 6.373.233,35 K\u010d, 57,00 bod\u016f<\/p>\n<p><strong>Mobiln\u00ed aplikace Praha 13:<\/strong> \u017eadatel M\u011bstsk\u00e1 \u010d\u00e1st Praha 13: dotace 1.711.588,55 K\u010d, 54,25 bod\u016f<\/p>\n<p><strong>Nov\u00e9 slu\u017eby e-Governmentu v Praze 17:<\/strong> \u017eadatel M\u011bstsk\u00e1 \u010d\u00e1st Praha 17: dotace 6.752.434,86 K\u010d, 52,75 bod\u016f<\/p>\n<p><strong>Digitalizace archivu stavebn\u00edho \u00fa\u0159adu:<\/strong> \u017eadatel M\u011bstsk\u00e1 \u010d\u00e1st Praha 21: dotace 3.807.757,73 K\u010d, 52,50 bod\u016f<\/p>\n","protected":false},"excerpt":{"rendered":"<p>Let\u0148any dos\u00e1hly dal\u0161\u00edho \u00fasp\u011bchu. Veden\u00ed radnice ji\u017e uk\u00e1zalo, \u017ee um\u00ed vyu\u017e\u00edvat evropsk\u00e9 dotace. Vedle des\u00edtek milion\u016f pro Let\u0148ansk\u00e9 lentilky, na zateplen\u00ed Z\u0160 Fry\u010dovick\u00e1 \u010di na rekonstrukci T\u0159ineck\u00e9 p\u0159isp\u011bje nyn\u00ed Evropsk\u00e1 unie na rozvoj informa\u010dn\u00edch technologi\u00ed.<\/p>\n","protected":false},"author":1,"featured_media":0,"comment_status":"closed","ping_status":"open","sticky":false,"template":"","format":"standard","meta":[],"categories":[5],"tags":[],"_links":{"self":[{"href":"https:\/\/www.jan-mikulecky.cz\/index.php\/wp-json\/wp\/v2\/posts\/2134"}],"collection":[{"href":"https:\/\/www.jan-mikulecky.cz\/index.php\/wp-json\/wp\/v2\/posts"}],"about":[{"href":"https:\/\/www.jan-mikulecky.cz\/index.php\/wp-json\/wp\/v2\/types\/post"}],"author":[{"embeddable":true,"href":"https:\/\/www.jan-mikulecky.cz\/index.php\/wp-json\/wp\/v2\/users\/1"}],"replies":[{"embeddable":true,"href":"https:\/\/www.jan-mikulecky.cz\/index.php\/wp-json\/wp\/v2\/comments?post=2134"}],"version-history":[{"count":1,"href":"https:\/\/www.jan-mikulecky.cz\/index.php\/wp-json\/wp\/v2\/posts\/2134\/revisions"}],"predecessor-version":[{"id":2722,"href":"https:\/\/www.jan-mikulecky.cz\/index.php\/wp-json\/wp\/v2\/posts\/2134\/revisions\/2722"}],"wp:attachment":[{"href":"https:\/\/www.jan-mikulecky.cz\/index.php\/wp-json\/wp\/v2\/media?parent=2134"}],"wp:term":[{"taxonomy":"category","embeddable":true,"href":"https:\/\/www.jan-mikulecky.cz\/index.php\/wp-json\/wp\/v2\/categories?post=2134"},{"taxonomy":"post_tag","embeddable":true,"href":"https:\/\/www.jan-mikulecky.cz\/index.php\/wp-json\/wp\/v2\/tags?post=2134"}],"curies":[{"name":"wp","href":"https:\/\/api.w.org\/{rel}","templated":true}]}}