{"id":2143,"date":"2020-10-06T09:53:54","date_gmt":"2020-10-06T09:53:54","guid":{"rendered":"http:\/\/www.letnanskakavarna.cz\/?p=2143"},"modified":"2020-08-27T08:56:04","modified_gmt":"2020-08-27T08:56:04","slug":"jan-mikulecky-letnany-zastupitel-jablunkovska-v-letnanech","status":"publish","type":"post","link":"https:\/\/www.jan-mikulecky.cz\/index.php\/2020\/10\/06\/jan-mikulecky-letnany-zastupitel-jablunkovska-v-letnanech\/","title":{"rendered":"Jablunkovsk\u00e1 v Let\u0148anech bude m\u00edt nov\u00fd povrch, oznamuje zastupitel Mikuleck\u00fd"},"content":{"rendered":"<figure id=\"attachment_2176\" aria-describedby=\"caption-attachment-2176\" style=\"width: 150px\" class=\"wp-caption alignleft\"><img loading=\"lazy\" class=\"wp-image-2176 size-thumbnail\" src=\"http:\/\/www.kavarnaletnany.cz\/wp-content\/uploads\/2017\/02\/WP_20130920_002-150x150.jpg\" alt=\"Autor: Jan Mikuleck\u00fd\" width=\"150\" height=\"150\"><figcaption id=\"caption-attachment-2176\" class=\"wp-caption-text\">Autor: Jan Mikuleck\u00fd<\/figcaption><\/figure>\n<p><span style=\"color: #1a1a1a; font-size: 16px;\">Do pl\u00e1nu rekonstrukc\u00ed chodn\u00edk\u016f byla v&nbsp;leto\u0161n\u00edm roce zahrnuta tak\u00e9 ulice Jablunkovsk\u00e1. M\u011bl by tu b\u00fdt odstran\u011bn sou\u010dasn\u00fd povrch chodn\u00edku v\u010detn\u011b podkladu a nahrazen modern\u00ed z\u00e1mkovou dla\u017ebou.<\/span><!--more-->P\u0159i detailn\u00ed anal\u00fdze sou\u010dasn\u00e9ho stavu v\u0161ak bylo zji\u0161t\u011bno, \u017ee b\u0159\u00edzy rostouc\u00ed p\u0159\u00edmo v chodn\u00edku, zejm\u00e9na jejich ko\u0159eny, velmi v\u00fdznamn\u011b naru\u0161uj\u00ed sou\u010dasn\u00fd povrch a bohu\u017eel nedovoluj\u00ed jeho plnou rekonstrukci.<\/p>\n<p><em>\u201eRozhodn\u011b nejsem p\u0159\u00edznivcem k\u00e1cen\u00ed vzrostl\u00fdch strom\u016f, nicm\u00e9n\u011b stav v&nbsp;Jablunkovsk\u00e9 ulici to bude pravd\u011bpodobn\u011b vy\u017eadovat,\u201c<\/em> \u0159\u00edk\u00e1 radn\u00ed pro \u017eivotn\u00ed prost\u0159edn\u00ed Jan Mikuleck\u00fd a dod\u00e1v\u00e1: <em>\u201eOslovili jsme obyvatele ulice, kter\u00fdch se rekonstrukce chodn\u00edku bezprost\u0159edn\u011b t\u00fdk\u00e1. Velmi nerad bych zasahoval do jejich bl\u00edzk\u00e9ho okol\u00ed bez \u0159\u00e1dn\u00e9 konzultace.\u201c<\/em><\/p>\n<p>Obyvatel\u00e9 Jablunkovsk\u00e9 byli po\u017e\u00e1d\u00e1ni, aby sd\u011blili zda souhlas\u00ed, \u010di nesouhlas\u00ed s p\u0159\u00edpadn\u00fdm k\u00e1cen\u00edm strom\u016f p\u0159ed jejich domy. <em>&#8222;V\u011bt\u0161ina z nich byla pro,&#8220;<\/em> potvrzuje zastupitel Jan Mikuleck\u00fd, <em>&#8222;a proto budou v p\u0159\u00ed\u0161t\u00edch m\u011bs\u00edc\u00edch stromy pok\u00e1ceny a povrch chodn\u00edku kompletn\u011b zrekonstruov\u00e1n.&#8220;<\/em><\/p>\n<hr id=\"system-readmore\">\n<p>Vzhledem k tomu, \u017ee sou\u010dasn\u00e9 b\u0159\u00edzy poskytuj\u00ed mal\u00e9 odst\u00edn\u011bn\u00ed zahrad od panelov\u00fdch dom\u016f, bude do nov\u00e9ho chodn\u00edku zakomponov\u00e1no n\u011bkolik nov\u00fdch strom\u016f, kter\u00e9 budou obyvatel\u016fm rodinn\u00fdch dom\u016f poskytovat ur\u010ditou formu soukrom\u00ed. A zastupitel Mikuleck\u00fd dod\u00e1v\u00e1: <em>&#8222;Budou vybr\u00e1ny takov\u00e9 druhy, kter\u00e9 nebudou nadm\u011brn\u011b zne\u010di\u0161\u0165ovat okol\u00ed a kapoty parkuj\u00edc\u00edch aut. Stromy budou zasazeny pod odborn\u00fdm ohledem tak, aby jejich ko\u0159eny do budoucna nenaru\u0161ovaly povrch chodn\u00edku.&#8220;<\/em><\/p>\n<figure id=\"attachment_2178\" aria-describedby=\"caption-attachment-2178\" style=\"width: 169px\" class=\"wp-caption alignnone\"><img loading=\"lazy\" class=\"wp-image-2178 size-medium\" src=\"http:\/\/www.kavarnaletnany.cz\/wp-content\/uploads\/2017\/02\/WP_20130920_005-169x300.jpg\" alt=\"Autor: Jan Mikuleck\u00fd\" width=\"169\" height=\"300\"><figcaption id=\"caption-attachment-2178\" class=\"wp-caption-text\">Autor: Jan Mikuleck\u00fd<\/figcaption><\/figure>\n<figure id=\"attachment_2176\" aria-describedby=\"caption-attachment-2176\" style=\"width: 840px\" class=\"wp-caption alignnone\"><img loading=\"lazy\" class=\"wp-image-2176 size-large\" src=\"http:\/\/www.kavarnaletnany.cz\/wp-content\/uploads\/2017\/02\/WP_20130920_002-1024x576.jpg\" alt=\"Autor: Jan Mikuleck\u00fd\" width=\"840\" height=\"473\"><figcaption id=\"caption-attachment-2176\" class=\"wp-caption-text\">Autor: Jan Mikuleck\u00fd<\/figcaption><\/figure>\n<figure id=\"attachment_2177\" aria-describedby=\"caption-attachment-2177\" style=\"width: 840px\" class=\"wp-caption alignnone\"><img loading=\"lazy\" class=\"wp-image-2177 size-large\" src=\"http:\/\/www.kavarnaletnany.cz\/wp-content\/uploads\/2017\/02\/WP_20130920_003-1024x576.jpg\" alt=\"Autor: Jan Mikuleck\u00fd\" width=\"840\" height=\"473\"><figcaption id=\"caption-attachment-2177\" class=\"wp-caption-text\">Autor: Jan Mikuleck\u00fd<\/figcaption><\/figure>\n","protected":false},"excerpt":{"rendered":"<p>Do pl\u00e1nu rekonstrukc\u00ed chodn\u00edk\u016f byla v&nbsp;leto\u0161n\u00edm roce zahrnuta tak\u00e9 ulice Jablunkovsk\u00e1. M\u011bl by tu b\u00fdt odstran\u011bn sou\u010dasn\u00fd povrch chodn\u00edku v\u010detn\u011b podkladu a nahrazen modern\u00ed z\u00e1mkovou dla\u017ebou.<\/p>\n","protected":false},"author":1,"featured_media":0,"comment_status":"closed","ping_status":"open","sticky":false,"template":"","format":"standard","meta":[],"categories":[2],"tags":[],"_links":{"self":[{"href":"https:\/\/www.jan-mikulecky.cz\/index.php\/wp-json\/wp\/v2\/posts\/2143"}],"collection":[{"href":"https:\/\/www.jan-mikulecky.cz\/index.php\/wp-json\/wp\/v2\/posts"}],"about":[{"href":"https:\/\/www.jan-mikulecky.cz\/index.php\/wp-json\/wp\/v2\/types\/post"}],"author":[{"embeddable":true,"href":"https:\/\/www.jan-mikulecky.cz\/index.php\/wp-json\/wp\/v2\/users\/1"}],"replies":[{"embeddable":true,"href":"https:\/\/www.jan-mikulecky.cz\/index.php\/wp-json\/wp\/v2\/comments?post=2143"}],"version-history":[{"count":1,"href":"https:\/\/www.jan-mikulecky.cz\/index.php\/wp-json\/wp\/v2\/posts\/2143\/revisions"}],"predecessor-version":[{"id":2730,"href":"https:\/\/www.jan-mikulecky.cz\/index.php\/wp-json\/wp\/v2\/posts\/2143\/revisions\/2730"}],"wp:attachment":[{"href":"https:\/\/www.jan-mikulecky.cz\/index.php\/wp-json\/wp\/v2\/media?parent=2143"}],"wp:term":[{"taxonomy":"category","embeddable":true,"href":"https:\/\/www.jan-mikulecky.cz\/index.php\/wp-json\/wp\/v2\/categories?post=2143"},{"taxonomy":"post_tag","embeddable":true,"href":"https:\/\/www.jan-mikulecky.cz\/index.php\/wp-json\/wp\/v2\/tags?post=2143"}],"curies":[{"name":"wp","href":"https:\/\/api.w.org\/{rel}","templated":true}]}}