{"id":2153,"date":"2020-09-28T09:57:46","date_gmt":"2020-09-28T09:57:46","guid":{"rendered":"http:\/\/www.letnanskakavarna.cz\/?p=2153"},"modified":"2020-08-27T08:54:46","modified_gmt":"2020-08-27T08:54:46","slug":"jan-mikulecky-letnany-zastupitel-sdeluje-jablunkovska-ma-novy-chodnik","status":"publish","type":"post","link":"https:\/\/www.jan-mikulecky.cz\/index.php\/2020\/09\/28\/jan-mikulecky-letnany-zastupitel-sdeluje-jablunkovska-ma-novy-chodnik\/","title":{"rendered":"Radn\u00ed Mikuleck\u00fd sd\u011bluje: Jablunkovsk\u00e1 m\u00e1 nov\u00fd chodn\u00edk"},"content":{"rendered":"<figure id=\"attachment_2151\" aria-describedby=\"caption-attachment-2151\" style=\"width: 150px\" class=\"wp-caption alignleft\"><img loading=\"lazy\" class=\"wp-image-2151 size-thumbnail\" src=\"http:\/\/www.letnanskakavarna.cz\/wp-content\/uploads\/2018\/09\/WP_20140511_007-150x150.jpg\" alt=\"Autor: Jan Mikuleck\u00fd\" width=\"150\" height=\"150\"><figcaption id=\"caption-attachment-2151\" class=\"wp-caption-text\">Autor: Jan Mikuleck\u00fd<\/figcaption><\/figure>\n<p class=\"jitem-title\">Chodn\u00edk v Jablunkovsk\u00e9 ulici byl v&nbsp;neut\u011b\u0161en\u00e9m stavu, a tak byl vloni na podzim rekonstruov\u00e1n. P\u016fvodn\u00ed asfaltov\u00fd povrch byl velmi naru\u0161en ko\u0159eny n\u011bkolikalet\u00fdch b\u0159\u00edz a bylo t\u0159eba ho vym\u011bnit.<\/p>\n<p><!--more-->Proto\u017ee rekonstrukce vy\u017eadovala odstran\u011bn\u00ed b\u0159\u00edz, byli obyvatel\u00e9 ulice osloveni s dotazem, zda souhlas\u00ed s jejich odstran\u011bn\u00edm a nahrazen\u00edm jin\u00fdmi stromy.<\/p>\n<p><em>\u201eRozhodn\u011b nejsem p\u0159\u00edznivcem k\u00e1cen\u00ed vzrostl\u00fdch strom\u016f, nicm\u00e9n\u011b stav v Jablunkovsk\u00e9 ulici to vy\u017eadoval,\u201c<\/em> \u0159ekl k tomuto razantn\u00edmu z\u00e1sahu radn\u00ed pro \u017eivotn\u00ed prost\u0159ed\u00ed Jan Mikuleck\u00fd a dodal: <em>\u201eOslovili jsme obyvatele ulice, kter\u00fdch se rekonstrukce chodn\u00edku bezprost\u0159edn\u011b t\u00fdkala. Velmi nerad bych zasahoval do jejich bl\u00edzk\u00e9ho okol\u00ed bez \u0159\u00e1dn\u00e9 konzultace.\u201c<\/em><\/p>\n<figure id=\"attachment_2146\" aria-describedby=\"caption-attachment-2146\" style=\"width: 840px\" class=\"wp-caption alignnone\"><img loading=\"lazy\" class=\"wp-image-2146 size-large\" src=\"http:\/\/www.letnanskakavarna.cz\/wp-content\/uploads\/2018\/09\/WP_20130920_003-1024x576.jpg\" alt=\"Autor: Jan Mikuleck\u00fd\" width=\"840\" height=\"473\"><figcaption id=\"caption-attachment-2146\" class=\"wp-caption-text\">Autor: Jan Mikuleck\u00fd<\/figcaption><\/figure>\n<p>V\u011bt\u0161ina z obyvatel Jablunkovsk\u00e9 ulice byla pro plnou rekonstrukci chodn\u00edku, odkazuje se Mikuleck\u00fd na prob\u011bhlou anketu. Po podzimn\u00ed v\u00fdm\u011bn\u011b povrchu chodn\u00edku tedy byly na ja\u0159e, kdy byla vhodn\u00e1 doba, vysazeny i t\u0159i nov\u00e9 buky, kter\u00e9 budou poskytovat mal\u00e9 odst\u00edn\u011bn\u00ed zahrad od panel\u00e1k\u016f a poskytnou obyvatel\u016fm rodinn\u00fdch dom\u016f ur\u010ditou formu soukrom\u00ed. Stromy byly odborn\u011b zasazeny tak, aby jejich ko\u0159eny v budoucnu nenaru\u0161ovaly povrch chodn\u00edku.<\/p>\n<p><em>Foto Jan Mikuleck\u00fd, zastupitel a radn\u00ed M\u010c Praha 18 Let\u0148any<\/em><\/p>\n<figure id=\"attachment_2149\" aria-describedby=\"caption-attachment-2149\" style=\"width: 225px\" class=\"wp-caption alignnone\"><img loading=\"lazy\" class=\"wp-image-2149 size-medium\" src=\"http:\/\/www.letnanskakavarna.cz\/wp-content\/uploads\/2018\/09\/WP_20140511_004-225x300.jpg\" alt=\"Autor: Jan Mikuleck\u00fd\" width=\"225\" height=\"300\"><figcaption id=\"caption-attachment-2149\" class=\"wp-caption-text\">Autor: Jan Mikuleck\u00fd<\/figcaption><\/figure>\n<figure id=\"attachment_2148\" aria-describedby=\"caption-attachment-2148\" style=\"width: 225px\" class=\"wp-caption alignnone\"><img loading=\"lazy\" class=\"wp-image-2148 size-medium\" src=\"http:\/\/www.letnanskakavarna.cz\/wp-content\/uploads\/2018\/09\/WP_20140511_001-225x300.jpg\" alt=\"Autor: Jan Mikuleck\u00fd\" width=\"225\" height=\"300\"><figcaption id=\"caption-attachment-2148\" class=\"wp-caption-text\">Autor: Jan Mikuleck\u00fd<\/figcaption><\/figure>\n<figure id=\"attachment_2147\" aria-describedby=\"caption-attachment-2147\" style=\"width: 169px\" class=\"wp-caption alignnone\"><img loading=\"lazy\" class=\"wp-image-2147 size-medium\" src=\"http:\/\/www.letnanskakavarna.cz\/wp-content\/uploads\/2018\/09\/WP_20130920_005-169x300.jpg\" alt=\"Autor: Jan Mikuleck\u00fd\" width=\"169\" height=\"300\"><figcaption id=\"caption-attachment-2147\" class=\"wp-caption-text\">Autor: Jan Mikuleck\u00fd<\/figcaption><\/figure>\n<div class=\"mceTemp\"><\/div>\n","protected":false},"excerpt":{"rendered":"<p>Chodn\u00edk v Jablunkovsk\u00e9 ulici byl v&nbsp;neut\u011b\u0161en\u00e9m stavu, a tak byl vloni na podzim rekonstruov\u00e1n. P\u016fvodn\u00ed asfaltov\u00fd povrch byl velmi naru\u0161en ko\u0159eny n\u011bkolikalet\u00fdch b\u0159\u00edz a bylo t\u0159eba ho vym\u011bnit.<\/p>\n","protected":false},"author":1,"featured_media":0,"comment_status":"closed","ping_status":"open","sticky":false,"template":"","format":"standard","meta":[],"categories":[2],"tags":[],"_links":{"self":[{"href":"https:\/\/www.jan-mikulecky.cz\/index.php\/wp-json\/wp\/v2\/posts\/2153"}],"collection":[{"href":"https:\/\/www.jan-mikulecky.cz\/index.php\/wp-json\/wp\/v2\/posts"}],"about":[{"href":"https:\/\/www.jan-mikulecky.cz\/index.php\/wp-json\/wp\/v2\/types\/post"}],"author":[{"embeddable":true,"href":"https:\/\/www.jan-mikulecky.cz\/index.php\/wp-json\/wp\/v2\/users\/1"}],"replies":[{"embeddable":true,"href":"https:\/\/www.jan-mikulecky.cz\/index.php\/wp-json\/wp\/v2\/comments?post=2153"}],"version-history":[{"count":1,"href":"https:\/\/www.jan-mikulecky.cz\/index.php\/wp-json\/wp\/v2\/posts\/2153\/revisions"}],"predecessor-version":[{"id":2726,"href":"https:\/\/www.jan-mikulecky.cz\/index.php\/wp-json\/wp\/v2\/posts\/2153\/revisions\/2726"}],"wp:attachment":[{"href":"https:\/\/www.jan-mikulecky.cz\/index.php\/wp-json\/wp\/v2\/media?parent=2153"}],"wp:term":[{"taxonomy":"category","embeddable":true,"href":"https:\/\/www.jan-mikulecky.cz\/index.php\/wp-json\/wp\/v2\/categories?post=2153"},{"taxonomy":"post_tag","embeddable":true,"href":"https:\/\/www.jan-mikulecky.cz\/index.php\/wp-json\/wp\/v2\/tags?post=2153"}],"curies":[{"name":"wp","href":"https:\/\/api.w.org\/{rel}","templated":true}]}}