{"id":2163,"date":"2020-12-23T11:06:35","date_gmt":"2020-12-23T11:06:35","guid":{"rendered":"http:\/\/www.kavarnaletnany.cz\/?p=2163"},"modified":"2020-08-27T09:10:08","modified_gmt":"2020-08-27T09:10:08","slug":"jan-mikulecky-parkovani-na-sidlisti-je-problematicke-rika-zastupitel","status":"publish","type":"post","link":"https:\/\/www.jan-mikulecky.cz\/index.php\/2020\/12\/23\/jan-mikulecky-parkovani-na-sidlisti-je-problematicke-rika-zastupitel\/","title":{"rendered":"Parkov\u00e1n\u00ed na s\u00eddli\u0161ti je problematick\u00e9, \u0159\u00edk\u00e1 zastupitel Jan Mikuleck\u00fd"},"content":{"rendered":"<figure id=\"attachment_2164\" aria-describedby=\"caption-attachment-2164\" style=\"width: 150px\" class=\"wp-caption alignleft\"><img loading=\"lazy\" class=\"wp-image-2164 size-thumbnail\" src=\"http:\/\/www.kavarnaletnany.cz\/wp-content\/uploads\/2018\/09\/DSC04483-150x150.jpg\" alt=\"Autor: Jan Mikuleck\u00fd\" width=\"150\" height=\"150\"><figcaption id=\"caption-attachment-2164\" class=\"wp-caption-text\">Autor: Jan Mikuleck\u00fd<\/figcaption><\/figure>\n<p>V&nbsp;sou\u010dasnosti prov\u00e1d\u011bn\u00e1 rekonstrukce teplovodu Avia uk\u00e1zala jednu z\u00e1sadn\u00ed v\u011bc. <em>&#8222;V&nbsp;Let\u0148anech je \u0159ada nevyu\u017e\u00edvan\u00fdch parkovac\u00edch m\u00edst. Auta mohou parkovat i jinde ne\u017e p\u0159\u00edmo u dom\u016f,&#8220;<\/em> nab\u00edz\u00ed i jin\u00e9 mo\u017enosti radn\u00ed a zastupitel Jan Mikuleck\u00fd. Tam, kde prob\u00edhaly v\u00fdkopov\u00e9 pr\u00e1ce, musela auta pry\u010d, ale n\u011bkde p\u0159eci parkovat musela. Mo\u017en\u00e1 to bylo o 50 m d\u00e1l a \u0159idi\u010di se museli ob\u011btovat uj\u00edt t\u011bch p\u00e1r metr\u016f p\u011b\u0161ky. Z&nbsp;Ivan\u010dick\u00e9 do N\u00fddeck\u00e9 to nen\u00ed tak daleko. Pro l\u00edn\u00e9ho \u0159idi\u010de je v\u0161ak mnohem pohodln\u011bj\u0161\u00ed zaparkovat v&nbsp;k\u0159i\u017eovatce nebo na p\u0159echodu.<\/p>\n<p><!--more-->Voln\u00e1 m\u00edsta jsou tak\u00e9 v&nbsp;parkovac\u00edm dom\u011b v&nbsp;M\u00edsteck\u00e9 ulici. Je v\u0161ak jasn\u00e9, \u017ee ne ka\u017ed\u00fd si m\u016f\u017ee dovolit platit 800 K\u010d m\u011bs\u00ed\u010dn\u011b. Nicm\u00e9n\u011b pokud na s\u00eddli\u0161ti parkuje Porsche Cayenne za 3 mil K\u010d, je a\u017e s&nbsp;podivem, \u017ee jeho majitel nezaplat\u00ed p\u00e1r stovek za bezpe\u010dn\u011bj\u0161\u00ed parkovac\u00ed m\u00edsto. Nen\u00ed to jen o pen\u011bz\u00edch, ale sp\u00ed\u0161e o v\u016fli \u0159idi\u010d\u016f, dodal zastupitel Jan Mikuleck\u00fd.<\/p>\n<p>V&nbsp;n\u011bkter\u00fdch \u010d\u00e1stech s\u00eddli\u0161t\u011b je opravdu nedostatek m\u00edst pro parkov\u00e1n\u00ed. \u0158idi\u010di se sna\u017e\u00ed zaparkovat, kdekoli to jde, a\u0165 u\u017e je to leg\u00e1ln\u00ed nebo ne. Nen\u00ed mo\u017en\u00e9 jim vy\u010d\u00edtat, \u017ee stoj\u00ed i na m\u00edstech, kde mohou trochu br\u00e1nit v&nbsp;provozu. Nem\u011bli by v\u0161ak parkovat p\u0159ed vjezdy do gar\u00e1\u017e\u00ed nebo na p\u0159echodech pro chodce. <em>&#8222;Bohu\u017eel v Let\u0148anech nem\u016f\u017eeme odtahovat ani auta stoj\u00edc\u00ed na tr\u00e1v\u011b ani, kdy\u017e br\u00e1n\u00ed vjezdu do gar\u00e1\u017e\u00ed \u010di p\u0159i v\u00fdhledu do k\u0159i\u017eovatky. M\u011bstsk\u00e1 policie nem\u016f\u017ee odtahovat ani auta, kter\u00e1 stoj\u00ed na \u017elut\u00e9m pruhu,&#8220;<\/em> upozor\u0148uje na legislativn\u00ed nedostatky let\u0148ansk\u00fd zastupitel Jan Mikuleck\u00fd. Tyto p\u0159\u00edpady se daj\u00ed \u0159e\u0161it jen pokutou, kter\u00e1 je bezp\u0159edm\u011btn\u00e1, proto\u017ee \u0159idi\u010di se vymlouvaj\u00ed na osobu bl\u00edzkou.<\/p>\n<figure id=\"attachment_2164\" aria-describedby=\"caption-attachment-2164\" style=\"width: 840px\" class=\"wp-caption alignnone\"><img loading=\"lazy\" class=\"wp-image-2164 size-large\" src=\"http:\/\/www.kavarnaletnany.cz\/wp-content\/uploads\/2018\/09\/DSC04483-1024x768.jpg\" alt=\"Autor: Jan Mikuleck\u00fd\" width=\"840\" height=\"630\"><figcaption id=\"caption-attachment-2164\" class=\"wp-caption-text\">Autor: Jan Mikuleck\u00fd<\/figcaption><\/figure>\n","protected":false},"excerpt":{"rendered":"<p>V&nbsp;sou\u010dasnosti prov\u00e1d\u011bn\u00e1 rekonstrukce teplovodu Avia uk\u00e1zala jednu z\u00e1sadn\u00ed v\u011bc. &#8222;V&nbsp;Let\u0148anech je \u0159ada nevyu\u017e\u00edvan\u00fdch parkovac\u00edch m\u00edst. Auta mohou parkovat i jinde ne\u017e p\u0159\u00edmo u dom\u016f,&#8220; nab\u00edz\u00ed i jin\u00e9 mo\u017enosti radn\u00ed a zastupitel Jan Mikuleck\u00fd. Tam, kde prob\u00edhaly v\u00fdkopov\u00e9 pr\u00e1ce, musela auta pry\u010d, ale n\u011bkde p\u0159eci parkovat musela. Mo\u017en\u00e1 to bylo o 50 m d\u00e1l a \u0159idi\u010di &hellip; <\/p>\n<p class=\"link-more\"><a href=\"https:\/\/www.jan-mikulecky.cz\/index.php\/2020\/12\/23\/jan-mikulecky-parkovani-na-sidlisti-je-problematicke-rika-zastupitel\/\" class=\"more-link\">Pokra\u010dovat ve \u010dten\u00ed<span class=\"screen-reader-text\"> &#8222;Parkov\u00e1n\u00ed na s\u00eddli\u0161ti je problematick\u00e9, \u0159\u00edk\u00e1 zastupitel Jan Mikuleck\u00fd&#8220;<\/span><\/a><\/p>\n","protected":false},"author":1,"featured_media":0,"comment_status":"open","ping_status":"open","sticky":false,"template":"","format":"standard","meta":[],"categories":[19],"tags":[],"_links":{"self":[{"href":"https:\/\/www.jan-mikulecky.cz\/index.php\/wp-json\/wp\/v2\/posts\/2163"}],"collection":[{"href":"https:\/\/www.jan-mikulecky.cz\/index.php\/wp-json\/wp\/v2\/posts"}],"about":[{"href":"https:\/\/www.jan-mikulecky.cz\/index.php\/wp-json\/wp\/v2\/types\/post"}],"author":[{"embeddable":true,"href":"https:\/\/www.jan-mikulecky.cz\/index.php\/wp-json\/wp\/v2\/users\/1"}],"replies":[{"embeddable":true,"href":"https:\/\/www.jan-mikulecky.cz\/index.php\/wp-json\/wp\/v2\/comments?post=2163"}],"version-history":[{"count":1,"href":"https:\/\/www.jan-mikulecky.cz\/index.php\/wp-json\/wp\/v2\/posts\/2163\/revisions"}],"predecessor-version":[{"id":2769,"href":"https:\/\/www.jan-mikulecky.cz\/index.php\/wp-json\/wp\/v2\/posts\/2163\/revisions\/2769"}],"wp:attachment":[{"href":"https:\/\/www.jan-mikulecky.cz\/index.php\/wp-json\/wp\/v2\/media?parent=2163"}],"wp:term":[{"taxonomy":"category","embeddable":true,"href":"https:\/\/www.jan-mikulecky.cz\/index.php\/wp-json\/wp\/v2\/categories?post=2163"},{"taxonomy":"post_tag","embeddable":true,"href":"https:\/\/www.jan-mikulecky.cz\/index.php\/wp-json\/wp\/v2\/tags?post=2163"}],"curies":[{"name":"wp","href":"https:\/\/api.w.org\/{rel}","templated":true}]}}