{"id":2166,"date":"2020-10-08T11:26:10","date_gmt":"2020-10-08T11:26:10","guid":{"rendered":"http:\/\/www.kavarnaletnany.cz\/?p=2166"},"modified":"2020-08-27T08:56:21","modified_gmt":"2020-08-27T08:56:21","slug":"jan-mikulecky-letnany-zastupitel-3-otazky-pro-zastupitele-letnan","status":"publish","type":"post","link":"https:\/\/www.jan-mikulecky.cz\/index.php\/2020\/10\/08\/jan-mikulecky-letnany-zastupitel-3-otazky-pro-zastupitele-letnan\/","title":{"rendered":"3 ot\u00e1zky pro zastupitele Let\u0148an Jana Mikuleck\u00e9ho"},"content":{"rendered":"<p><img loading=\"lazy\" class=\"alignleft wp-image-2167 size-thumbnail\" src=\"http:\/\/www.kavarnaletnany.cz\/wp-content\/uploads\/2018\/09\/Mikulecky_Jan3-150x150.jpg\" alt=\"\" width=\"150\" height=\"150\">Na na\u0161e ot\u00e1zky dnes bude odpov\u00eddat Jan Mikuleck\u00fd, zastupitel a radn\u00ed M\u010c Praha 18 Let\u0148any odpov\u011bdn\u00fd za revitalizaci s\u00eddli\u0161t\u011b a \u017eivotn\u00ed prost\u0159ed\u00ed.<\/p>\n<p><!--more-->Pane Mikuleck\u00fd, jako nov\u00fd \u010dlen zastupitelstva jste se stal \u010dlenem Rady m\u011bstsk\u00e9 \u010d\u00e1sti. Co v\u00e1m prvn\u00ed m\u011bs\u00edce v&nbsp;nov\u00e9 funkci p\u0159inesl?<\/p>\n<p>Jan Mikuleck\u00fd:<strong> Prvn\u00ed t\u00fddny byly zejm\u00e9na o pozn\u00e1v\u00e1n\u00ed chodu radnice. Do te\u010f jsem se pohyboval v&nbsp;komer\u010dn\u00ed nebo akademick\u00e9 sf\u00e9\u0159e a se st\u00e1tn\u00ed spr\u00e1vou jsem p\u0159i\u0161el do styku pouze v&nbsp;n\u011bkolika projektech pro ministerstva. Nyn\u00ed, kdy\u017e jsem sou\u010d\u00e1st\u00ed samospr\u00e1vy, si mus\u00edm zvykat na trochu jin\u00e9 procesy.<\/strong><\/p>\n<p>Jak\u00e9 oblasti m\u00e1te na starosti a na co se v&nbsp;nich budete p\u0159edev\u0161\u00edm soust\u0159edit?<\/p>\n<p>Jan Mikuleck\u00fd: <strong>Do m\u00e9 kompetence spad\u00e1 \u017eivotn\u00ed prost\u0159ed\u00ed a regenerace s\u00eddli\u0161t\u011b CPI\/BPT. M\u016fj prim\u00e1rn\u00ed z\u00e1jem je nyn\u00ed zam\u011b\u0159en na vnitroblokov\u00e9 pozemky CPI, kter\u00e9 bychom cht\u011bli revitalizovat. Tomu v\u0161ak mus\u00ed p\u0159edch\u00e1zet dohoda o p\u0159evodu pozemk\u016f. Jedn\u00e1n\u00ed s&nbsp;CPI jsou v&nbsp;po\u010d\u00e1tku a nebudou jednoduch\u00e1. CPI v\u0161ak pro n\u00e1s nen\u00ed soupe\u0159, ale partner, s&nbsp;kter\u00fdm chceme dos\u00e1hnout dohody v\u00fdhodn\u00e9 pro ob\u011b strany. V\u011b\u0159\u00edm, \u017ee se n\u00e1m to letos poda\u0159\u00ed. N\u00e1sledn\u011b za\u010dneme pracovat na obnov\u011b s\u00eddli\u0161t\u011b.<\/strong><\/p>\n<p>A\u017e v\u00e1m za \u010dty\u0159i roky skon\u010d\u00ed mand\u00e1t, co byste cht\u011bl, aby za v\u00e1mi z\u016fstalo?<\/p>\n<p>Jan Mikuleck\u00fd: <strong>Jednozna\u010dn\u011b nov\u00e9 s\u00eddli\u0161t\u011b Let\u0148any. Budu pracovat na rozvoji lesoparku a dal\u0161\u00edch zelen\u00fdch ploch v&nbsp;cel\u00fdch Let\u0148anech. D\u016fle\u017eit\u00fdm t\u00e9matem je tak\u00e9 sysel, kter\u00e9mu se, podle pana Mat\u011bj\u016f z&nbsp;Agentury ochrany p\u0159\u00edrody, na leti\u0161ti velmi dob\u0159e da\u0159\u00ed. Mimo uveden\u00e9 oblasti je m\u00fdm c\u00edlem kontinu\u00e1ln\u011b a&nbsp;transparentn\u011b informovat ob\u010dany Let\u0148an o v\u0161ech \u010dinnostech a&nbsp;projektech tak, aby se za 4 roky op\u011bt neobjevovaly plak\u00e1ty s&nbsp;18-ti patrov\u00fdmi domy v&nbsp;M\u00edsteck\u00e9 ulici nebo obr\u00e1zky d\u00e1lnice p\u0159es lesopark.<\/strong><\/p>\n<p>Odpov\u00eddal Jan Mikuleck\u00fd, zastupitel a radn\u00ed M\u010c Praha 18 Let\u0148any<\/p>\n","protected":false},"excerpt":{"rendered":"<p>Na na\u0161e ot\u00e1zky dnes bude odpov\u00eddat Jan Mikuleck\u00fd, zastupitel a radn\u00ed M\u010c Praha 18 Let\u0148any odpov\u011bdn\u00fd za revitalizaci s\u00eddli\u0161t\u011b a \u017eivotn\u00ed prost\u0159ed\u00ed.<\/p>\n","protected":false},"author":1,"featured_media":0,"comment_status":"closed","ping_status":"open","sticky":false,"template":"","format":"standard","meta":[],"categories":[1],"tags":[],"_links":{"self":[{"href":"https:\/\/www.jan-mikulecky.cz\/index.php\/wp-json\/wp\/v2\/posts\/2166"}],"collection":[{"href":"https:\/\/www.jan-mikulecky.cz\/index.php\/wp-json\/wp\/v2\/posts"}],"about":[{"href":"https:\/\/www.jan-mikulecky.cz\/index.php\/wp-json\/wp\/v2\/types\/post"}],"author":[{"embeddable":true,"href":"https:\/\/www.jan-mikulecky.cz\/index.php\/wp-json\/wp\/v2\/users\/1"}],"replies":[{"embeddable":true,"href":"https:\/\/www.jan-mikulecky.cz\/index.php\/wp-json\/wp\/v2\/comments?post=2166"}],"version-history":[{"count":1,"href":"https:\/\/www.jan-mikulecky.cz\/index.php\/wp-json\/wp\/v2\/posts\/2166\/revisions"}],"predecessor-version":[{"id":2731,"href":"https:\/\/www.jan-mikulecky.cz\/index.php\/wp-json\/wp\/v2\/posts\/2166\/revisions\/2731"}],"wp:attachment":[{"href":"https:\/\/www.jan-mikulecky.cz\/index.php\/wp-json\/wp\/v2\/media?parent=2166"}],"wp:term":[{"taxonomy":"category","embeddable":true,"href":"https:\/\/www.jan-mikulecky.cz\/index.php\/wp-json\/wp\/v2\/categories?post=2166"},{"taxonomy":"post_tag","embeddable":true,"href":"https:\/\/www.jan-mikulecky.cz\/index.php\/wp-json\/wp\/v2\/tags?post=2166"}],"curies":[{"name":"wp","href":"https:\/\/api.w.org\/{rel}","templated":true}]}}