{"id":2183,"date":"2021-02-25T06:37:47","date_gmt":"2021-02-25T06:37:47","guid":{"rendered":"http:\/\/letnanskelentilky.cz\/?p=10"},"modified":"2020-08-27T09:21:46","modified_gmt":"2020-08-27T09:21:46","slug":"fazovani-lentilek","status":"publish","type":"post","link":"https:\/\/www.jan-mikulecky.cz\/index.php\/2021\/02\/25\/fazovani-lentilek\/","title":{"rendered":"F\u00e1zov\u00e1n\u00ed Lentilek"},"content":{"rendered":"<p><strong><a href=\"http:\/\/letnanskelentilky.cz\/wp-content\/uploads\/F\u00e1zov\u00e1n\u00ed-Lentilek-120701.pdf\">Aktu\u00e1ln\u00ed verze f\u00e1zov\u00e1n\u00ed Lentilek<\/a> <\/strong><\/p>\n<h1>2012 &#8211; 2014<\/h1>\n<p><strong>F\u00e1ze \u010d. 1<\/strong> zahrnuje <strong>rekonstrukci Jan\u010dovy ulice<\/strong>, touto&nbsp;rekonstrukc\u00ed dojde k nav\u00fd\u0161en\u00ed parkovac\u00edch st\u00e1n\u00ed pod\u00e9l&nbsp;ulice a bude mo\u017en\u00e9 vyu\u017eit plochu parkovi\u0161t\u011b na&nbsp;k\u0159i\u017eovatce M\u00edsteck\u00e1, N\u00fddeck\u00e1, Krausova k jin\u00fdm \u00fa\u010del\u016fm.&nbsp;D\u00e1le je zde zahrnuto zru\u0161en\u00ed Ku\u017eelovy ulice, kter\u00e1 bude&nbsp;nahrazena p\u0159\u00edjezdov\u00fdmi plochami k dom\u016fm.<!--more--><\/p>\n<p><strong>F\u00e1ze \u010d. 2<\/strong> se nach\u00e1z\u00ed ve&nbsp;<strong>vnitro bloku&nbsp;mezi M\u00edsteckou a&nbsp;Malkovsk\u00e9ho ulic\u00ed<\/strong>. V t\u00e9to f\u00e1zi se po\u010d\u00edt\u00e1 s vybudov\u00e1n\u00edm&nbsp;pilotn\u00ed lentilky. Tato f\u00e1ze je podm\u00edn\u011bna vybudov\u00e1n\u00edm nov\u00e9<br \/>\np\u0159\u00edjezdov\u00e9 komunikace k objektu na parcele \u010d. 757\/6&nbsp;(1A).<\/p>\n<p><strong>F\u00e1ze \u010d. 3<\/strong> se nach\u00e1z\u00ed ve <strong>vnitro bloku mezi Krausovou a&nbsp;Malkovsk\u00e9ho ulic\u00ed<\/strong>. V t\u00e9to f\u00e1zi se po\u010d\u00edt\u00e1 s vybudov\u00e1n\u00edm&nbsp;nov\u00e9ho n\u00e1m\u011bst\u00ed. Tuto f\u00e1zi by bylo dobr\u00e9 budovat z\u00e1rove\u0148<br \/>\ns f\u00e1z\u00ed \u010d. 1, proto\u017ee se zde nem\u011bn\u00ed parkovac\u00ed kapacity.<\/p>\n<h1>2014 &#8211; 2020<\/h1>\n<p><strong>F\u00e1ze \u010d. 4<\/strong> se nach\u00e1z\u00ed ve vnitrobloku v okol\u00ed \u0161kolky. Tato&nbsp;f\u00e1ze nem\u00e1 vliv na parkovac\u00ed pom\u011bry v \u00fazem\u00ed a je mo\u017en\u00e9 ji&nbsp;realizovat najednou.<\/p>\n<p><strong>F\u00e1ze \u010d. 5<\/strong> zahrnuje rekonstrukci prvn\u00ed \u010d\u00e1sti ulice&nbsp;Malkovsk\u00e9ho z d\u016fvodu mo\u017en\u00e9ho nav\u00fd\u0161en\u00ed parkovac\u00edch&nbsp;st\u00e1n\u00ed.<\/p>\n<p><strong>F\u00e1ze \u010d. 6<\/strong> navrhuje vyu\u017eit\u00ed plochy, kde se dnes nach\u00e1z\u00ed val, <a title=\"Budoucnost valu v Malkovsk\u00e9ho\" href=\"http:\/\/letnanskelentilky.cz\/budoucnost-valu-v-malkovskeho-ulici\/\">v\u00edce zde<\/a>.&nbsp;Je zde navr\u017eeno velkokapacitn\u00ed parkovi\u0161t\u011b pro cel\u00e9&nbsp;s\u00eddli\u0161t\u011b, kter\u00e9 v\u0161ak nen\u00ed jedinou variatou projektu. Tato f\u00e1ze zahrnuje vybudov\u00e1n\u00ed nov\u00e9 akustick\u00e9&nbsp;clony od hlavn\u00ed t\u0159\u00eddy (Tupolevova).<\/p>\n<p><strong>F\u00e1ze \u010d. 7<\/strong> zahrnuje <strong>rekonstrukci Krausovy ulice na obytnou&nbsp;ulici<\/strong>, aby byla l\u00e9pe p\u0159izp\u016fsobena nov\u011b vznikl\u00e9mu&nbsp;n\u00e1m\u011bst\u00ed. Pro z\u00edsk\u00e1n\u00ed nov\u00fdch parkovac\u00edch st\u00e1n\u00ed je mo\u017en\u00e9&nbsp;zrekonstruovat prvn\u00ed \u010d\u00e1st ulice Malkovsk\u00e9ho (\u0161ikm\u00e1&nbsp;st\u00e1n\u00ed).<\/p>\n<p><strong>F\u00e1ze \u010d. 8<\/strong> \u0159e\u0161\u00ed oblast mezi <strong>N\u00fddeckou a M\u00edsteckou<\/strong> ulic\u00ed.<\/p>\n<p><strong><a href=\"http:\/\/letnanskelentilky.cz\/wp-content\/uploads\/F\u00e1zov\u00e1n\u00ed-Lentilek-120701.pdf\">Aktu\u00e1ln\u00ed verze f\u00e1zov\u00e1n\u00ed Lentilek<\/a><\/strong><\/p>\n<p>&nbsp;<\/p>\n","protected":false},"excerpt":{"rendered":"<p>Aktu\u00e1ln\u00ed verze f\u00e1zov\u00e1n\u00ed Lentilek 2012 &#8211; 2014 F\u00e1ze \u010d. 1 zahrnuje rekonstrukci Jan\u010dovy ulice, touto&nbsp;rekonstrukc\u00ed dojde k nav\u00fd\u0161en\u00ed parkovac\u00edch st\u00e1n\u00ed pod\u00e9l&nbsp;ulice a bude mo\u017en\u00e9 vyu\u017eit plochu parkovi\u0161t\u011b na&nbsp;k\u0159i\u017eovatce M\u00edsteck\u00e1, N\u00fddeck\u00e1, Krausova k jin\u00fdm \u00fa\u010del\u016fm.&nbsp;D\u00e1le je zde zahrnuto zru\u0161en\u00ed Ku\u017eelovy ulice, kter\u00e1 bude&nbsp;nahrazena p\u0159\u00edjezdov\u00fdmi plochami k dom\u016fm.<\/p>\n","protected":false},"author":1,"featured_media":0,"comment_status":"closed","ping_status":"open","sticky":false,"template":"","format":"standard","meta":[],"categories":[5],"tags":[],"_links":{"self":[{"href":"https:\/\/www.jan-mikulecky.cz\/index.php\/wp-json\/wp\/v2\/posts\/2183"}],"collection":[{"href":"https:\/\/www.jan-mikulecky.cz\/index.php\/wp-json\/wp\/v2\/posts"}],"about":[{"href":"https:\/\/www.jan-mikulecky.cz\/index.php\/wp-json\/wp\/v2\/types\/post"}],"author":[{"embeddable":true,"href":"https:\/\/www.jan-mikulecky.cz\/index.php\/wp-json\/wp\/v2\/users\/1"}],"replies":[{"embeddable":true,"href":"https:\/\/www.jan-mikulecky.cz\/index.php\/wp-json\/wp\/v2\/comments?post=2183"}],"version-history":[{"count":1,"href":"https:\/\/www.jan-mikulecky.cz\/index.php\/wp-json\/wp\/v2\/posts\/2183\/revisions"}],"predecessor-version":[{"id":2801,"href":"https:\/\/www.jan-mikulecky.cz\/index.php\/wp-json\/wp\/v2\/posts\/2183\/revisions\/2801"}],"wp:attachment":[{"href":"https:\/\/www.jan-mikulecky.cz\/index.php\/wp-json\/wp\/v2\/media?parent=2183"}],"wp:term":[{"taxonomy":"category","embeddable":true,"href":"https:\/\/www.jan-mikulecky.cz\/index.php\/wp-json\/wp\/v2\/categories?post=2183"},{"taxonomy":"post_tag","embeddable":true,"href":"https:\/\/www.jan-mikulecky.cz\/index.php\/wp-json\/wp\/v2\/tags?post=2183"}],"curies":[{"name":"wp","href":"https:\/\/api.w.org\/{rel}","templated":true}]}}