{"id":2203,"date":"2020-09-18T20:49:28","date_gmt":"2020-09-18T20:49:28","guid":{"rendered":"https:\/\/www.janmikulecky.com\/?p=2203"},"modified":"2020-08-27T08:53:21","modified_gmt":"2020-08-27T08:53:21","slug":"jan-mikulecky-budoucnost-parkovani-v-krausove-ulici","status":"publish","type":"post","link":"https:\/\/www.jan-mikulecky.cz\/index.php\/2020\/09\/18\/jan-mikulecky-budoucnost-parkovani-v-krausove-ulici\/","title":{"rendered":"Jan Mikuleck\u00fd: Budoucnost parkov\u00e1n\u00ed v\u00a0Krausov\u011b ulici"},"content":{"rendered":"<p>Projekt Let\u0148ansk\u00e9 lentilky bude v\u00fdrazn\u00fdm zp\u016fsobem zasahovat do syst\u00e9mu parkov\u00e1n\u00ed na s\u00eddli\u0161ti. &#8222;<em>Celkov\u011b p\u0159ibude cca 140, nicm\u00e9n\u011b skute\u010dn\u00fd po\u010det bude zn\u00e1m po zpracov\u00e1n\u00ed prov\u00e1d\u011bc\u00ed dokumentace projektu,&#8220; <\/em>p\u0159edstavuje budouc\u00ed situaci zastupitel Jan Mikuleck\u00fd.<!--more--><\/p>\n<p>Po ve\u0159ejn\u00e9 prezentaci Let\u0148ansk\u00fdch lentilek se s\u00eddli\u0161t\u011bm za\u010daly \u0161\u00ed\u0159it nesmysly a f\u00e1my o tot\u00e1ln\u00edm ru\u0161en\u00ed v\u0161ech parkovac\u00edch m\u00edst v&nbsp;Krausov\u011b ulici. Nen\u00ed to pravda. Projekt preferuje aktivn\u00ed a zelen\u00e9 plochy uprost\u0159ed s\u00eddli\u0161t\u011b a parkov\u00e1n\u00ed na jeho okraji. <em>&#8222;Krausova v\u0161ak z\u016fst\u00e1v\u00e1 d\u016fle\u017eitou tepnou, kter\u00e1 spojuje Malkovsk\u00e9ho a M\u00edsteckou a po jej\u00edm okraji budou parkovat auta, jak je vid\u011bt na obr\u00e1zku. Celkov\u011b v&nbsp;Krausov\u011b ulici z\u016fstane 50-60 parkovac\u00edch m\u00edst a \u017e\u00e1dn\u00e9 z&nbsp;nich nen\u00ed pl\u00e1nov\u00e1no jako placen\u00e9,&#8220;<\/em> dod\u00e1v\u00e1 Jan Mikuleck\u00fd. Radnice nebude stav\u011bt \u017e\u00e1dn\u00e9 parkovac\u00ed domy a n\u00e1sledn\u011b nutit obyvatele, aby si pronaj\u00edmali drah\u00e1 parkovac\u00ed m\u00edsta.<\/p>\n<figure id=\"attachment_2205\" aria-describedby=\"caption-attachment-2205\" style=\"width: 123px\" class=\"wp-caption alignnone\"><img loading=\"lazy\" class=\"wp-image-2205 size-full\" src=\"https:\/\/www.janmikulecky.com\/wp-content\/uploads\/2018\/09\/Parkov\u00e1n\u00ed-v-Krausov\u011b-111019-2.jpg\" alt=\"Autor: Jan Mikuleck\u00fd\" width=\"123\" height=\"448\"><figcaption id=\"caption-attachment-2205\" class=\"wp-caption-text\">Autor: Jan Mikuleck\u00fd<\/figcaption><\/figure>\n<figure id=\"attachment_2204\" aria-describedby=\"caption-attachment-2204\" style=\"width: 160px\" class=\"wp-caption alignnone\"><img loading=\"lazy\" class=\"wp-image-2204 size-full\" src=\"https:\/\/www.janmikulecky.com\/wp-content\/uploads\/2018\/09\/Parkov\u00e1n\u00ed-v-Krausov\u011b-111019-1.jpg\" alt=\"Autor: Jan Mikuleck\u00fd\" width=\"160\" height=\"444\"><figcaption id=\"caption-attachment-2204\" class=\"wp-caption-text\">Autor: Jan Mikuleck\u00fd<\/figcaption><\/figure>\n","protected":false},"excerpt":{"rendered":"<p>Projekt Let\u0148ansk\u00e9 lentilky bude v\u00fdrazn\u00fdm zp\u016fsobem zasahovat do syst\u00e9mu parkov\u00e1n\u00ed na s\u00eddli\u0161ti. &#8222;Celkov\u011b p\u0159ibude cca 140, nicm\u00e9n\u011b skute\u010dn\u00fd po\u010det bude zn\u00e1m po zpracov\u00e1n\u00ed prov\u00e1d\u011bc\u00ed dokumentace projektu,&#8220; p\u0159edstavuje budouc\u00ed situaci zastupitel Jan Mikuleck\u00fd.<\/p>\n","protected":false},"author":1,"featured_media":0,"comment_status":"closed","ping_status":"open","sticky":false,"template":"","format":"standard","meta":[],"categories":[19],"tags":[],"_links":{"self":[{"href":"https:\/\/www.jan-mikulecky.cz\/index.php\/wp-json\/wp\/v2\/posts\/2203"}],"collection":[{"href":"https:\/\/www.jan-mikulecky.cz\/index.php\/wp-json\/wp\/v2\/posts"}],"about":[{"href":"https:\/\/www.jan-mikulecky.cz\/index.php\/wp-json\/wp\/v2\/types\/post"}],"author":[{"embeddable":true,"href":"https:\/\/www.jan-mikulecky.cz\/index.php\/wp-json\/wp\/v2\/users\/1"}],"replies":[{"embeddable":true,"href":"https:\/\/www.jan-mikulecky.cz\/index.php\/wp-json\/wp\/v2\/comments?post=2203"}],"version-history":[{"count":1,"href":"https:\/\/www.jan-mikulecky.cz\/index.php\/wp-json\/wp\/v2\/posts\/2203\/revisions"}],"predecessor-version":[{"id":2721,"href":"https:\/\/www.jan-mikulecky.cz\/index.php\/wp-json\/wp\/v2\/posts\/2203\/revisions\/2721"}],"wp:attachment":[{"href":"https:\/\/www.jan-mikulecky.cz\/index.php\/wp-json\/wp\/v2\/media?parent=2203"}],"wp:term":[{"taxonomy":"category","embeddable":true,"href":"https:\/\/www.jan-mikulecky.cz\/index.php\/wp-json\/wp\/v2\/categories?post=2203"},{"taxonomy":"post_tag","embeddable":true,"href":"https:\/\/www.jan-mikulecky.cz\/index.php\/wp-json\/wp\/v2\/tags?post=2203"}],"curies":[{"name":"wp","href":"https:\/\/api.w.org\/{rel}","templated":true}]}}