{"id":2212,"date":"2021-03-27T21:02:00","date_gmt":"2021-03-27T21:02:00","guid":{"rendered":"https:\/\/www.janmikulecky.com\/?p=2212"},"modified":"2020-08-27T09:26:54","modified_gmt":"2020-08-27T09:26:54","slug":"jan-mikulecky-a-milan-mikulecky-spolecne-prohlaseni","status":"publish","type":"post","link":"https:\/\/www.jan-mikulecky.cz\/index.php\/2021\/03\/27\/jan-mikulecky-a-milan-mikulecky-spolecne-prohlaseni\/","title":{"rendered":"Jan Mikuleck\u00fd a Milan Mikuleck\u00fd: Spole\u010dn\u00e9 prohl\u00e1\u0161en\u00ed"},"content":{"rendered":"<p>Vzhledem k neust\u00e1vaj\u00edc\u00ed kampani, kter\u00e1 m\u00e1 za c\u00edl po\u0161kodit bu\u010f jednoho z n\u00e1s, p\u0159\u00edpadn\u011b oba, na z\u00e1klad\u011b l\u017eiv\u00e9ho tvrzen\u00ed, \u017ee jsme brat\u0159i a \u017ee na z\u00e1klad\u011b tohoto \u201cp\u0159\u00edbuzensk\u00e9ho\u201d pom\u011bru postupujeme p\u0159inejmen\u0161\u00edm neeticky p\u0159i spr\u00e1v\u011b v\u011bc\u00ed ve\u0159ejn\u00fdch v Praze Let\u0148anech, jsme se rozhodli zve\u0159ejnit na\u0161e rodn\u00e9 listy a vydat toto spole\u010dn\u00e9 prohl\u00e1\u0161en\u00ed.<!--more--><\/p>\n<p><strong>Oba dva \u010destn\u011b prohla\u0161ujeme, \u017ee nejsme v \u017e\u00e1dn\u00e9m p\u0159\u00edbuzensk\u00e9m pom\u011bru. Tedy nejenom, \u017ee nejsme brat\u0159i, ale nejsme ani vzd\u00e1len\u011b p\u0159\u00edbuzn\u00ed.<\/strong><\/p>\n<p>V\u016fbec poprv\u00e9 jsme byli vz\u00e1jemn\u011b p\u0159edstaveni dne 25. ledna 2011 b\u011bhem jedn\u00e1n\u00ed u&nbsp;ministra obrany \u010cR Alexandra Vondry. Po na\u0161em prvn\u00edm setk\u00e1n\u00ed jsme se tak\u00e9 dohodli na ve\u0159ejn\u00e9m prohl\u00e1\u0161en\u00ed, kter\u00e9 pom\u016f\u017ee uv\u00e9st na pravou m\u00edru l\u017eiv\u00e9 informace, je\u017e jsou o n\u00e1s \u0161\u00ed\u0159eny s&nbsp;jednozna\u010dn\u00fdm \u00famyslem sn\u00ed\u017eit na\u0161i spole\u010denskou v\u00e1\u017enost a po\u0161kodit na\u0161e rodiny a okol\u00ed.<\/p>\n<p>Jako jednozna\u010dn\u011b l\u017eiv\u00e9 mus\u00edme ozna\u010dit tvrzen\u00ed o tom, \u017ee d\u00edky shod\u011b na\u0161ich p\u0159\u00edjmen\u00ed z\u00edskala spole\u010dnost SIT Prague a.s. od M\u011bstsk\u00e9 \u010d\u00e1sti Praha 18 Let\u0148any pozemky leti\u0161t\u011b Praha Let\u0148any. Skute\u010dnost\u00ed je, \u017ee M\u011bstsk\u00e1 \u010d\u00e1st Let\u0148any nikdy nevlastnila \u017e\u00e1dn\u00fd pozemek, kter\u00fd tvo\u0159\u00ed sou\u010d\u00e1st are\u00e1lu leti\u0161t\u011b Praha Let\u0148any, ani \u017e\u00e1dn\u00fd jin\u00fd pozemek, kter\u00fd by dnes vlastnila spole\u010dnost SIT Prague a.s.<\/p>\n<p>P\u0159i dojedn\u00e1v\u00e1n\u00ed v\u0161ech smluvn\u00edch ale i neform\u00e1ln\u00edch vztah\u016f mezi spole\u010dnost\u00ed SIT Prague a.s. nikdy nedo\u0161lo k \u00fa\u010dasti Jana Mikuleck\u00e9ho. Je tak\u00e9 nutn\u00e9 uv\u00e9st, \u017ee spole\u010dnost SIT Prague a.s., kterou zastupuje Milan Mikuleck\u00fd, z\u00edskala do sv\u00e9ho majetku leti\u0161t\u011b Praha Let\u0148any v z\u00e1v\u011bru roku 2007. Jan Mikuleck\u00fd se stal zastupitelem M\u011bstsk\u00e9 \u010d\u00e1sti Praha 18 o t\u0159i roky pozd\u011bji v komun\u00e1ln\u00edch volb\u00e1ch v&nbsp;\u0159\u00edjnu roku 2010. Dle v\u00fd\u0161e uveden\u00e9ho je z\u0159ejm\u00e9, \u017ee nemohlo doj\u00edt k \u017e\u00e1dn\u00e9mu jedn\u00e1n\u00ed mezi n\u00e1mi ve shod\u011b.<\/p>\n<p>Ani jeden z n\u00e1s nem\u00e1 chu\u0165 a ani \u010das se zab\u00fdvat nepodlo\u017een\u00fdmi pomluvami, proto zve\u0159ej\u0148ujeme toto prohl\u00e1\u0161en\u00ed a d\u00e1le se touto z\u00e1le\u017eitost\u00ed budou zab\u00fdvat ji\u017e jen na\u0161i pr\u00e1vn\u00ed z\u00e1stupci.<\/p>\n","protected":false},"excerpt":{"rendered":"<p>Vzhledem k neust\u00e1vaj\u00edc\u00ed kampani, kter\u00e1 m\u00e1 za c\u00edl po\u0161kodit bu\u010f jednoho z n\u00e1s, p\u0159\u00edpadn\u011b oba, na z\u00e1klad\u011b l\u017eiv\u00e9ho tvrzen\u00ed, \u017ee jsme brat\u0159i a \u017ee na z\u00e1klad\u011b tohoto \u201cp\u0159\u00edbuzensk\u00e9ho\u201d pom\u011bru postupujeme p\u0159inejmen\u0161\u00edm neeticky p\u0159i spr\u00e1v\u011b v\u011bc\u00ed ve\u0159ejn\u00fdch v Praze Let\u0148anech, jsme se rozhodli zve\u0159ejnit na\u0161e rodn\u00e9 listy a vydat toto spole\u010dn\u00e9 prohl\u00e1\u0161en\u00ed.<\/p>\n","protected":false},"author":1,"featured_media":0,"comment_status":"open","ping_status":"open","sticky":false,"template":"","format":"standard","meta":[],"categories":[19],"tags":[],"_links":{"self":[{"href":"https:\/\/www.jan-mikulecky.cz\/index.php\/wp-json\/wp\/v2\/posts\/2212"}],"collection":[{"href":"https:\/\/www.jan-mikulecky.cz\/index.php\/wp-json\/wp\/v2\/posts"}],"about":[{"href":"https:\/\/www.jan-mikulecky.cz\/index.php\/wp-json\/wp\/v2\/types\/post"}],"author":[{"embeddable":true,"href":"https:\/\/www.jan-mikulecky.cz\/index.php\/wp-json\/wp\/v2\/users\/1"}],"replies":[{"embeddable":true,"href":"https:\/\/www.jan-mikulecky.cz\/index.php\/wp-json\/wp\/v2\/comments?post=2212"}],"version-history":[{"count":1,"href":"https:\/\/www.jan-mikulecky.cz\/index.php\/wp-json\/wp\/v2\/posts\/2212\/revisions"}],"predecessor-version":[{"id":2816,"href":"https:\/\/www.jan-mikulecky.cz\/index.php\/wp-json\/wp\/v2\/posts\/2212\/revisions\/2816"}],"wp:attachment":[{"href":"https:\/\/www.jan-mikulecky.cz\/index.php\/wp-json\/wp\/v2\/media?parent=2212"}],"wp:term":[{"taxonomy":"category","embeddable":true,"href":"https:\/\/www.jan-mikulecky.cz\/index.php\/wp-json\/wp\/v2\/categories?post=2212"},{"taxonomy":"post_tag","embeddable":true,"href":"https:\/\/www.jan-mikulecky.cz\/index.php\/wp-json\/wp\/v2\/tags?post=2212"}],"curies":[{"name":"wp","href":"https:\/\/api.w.org\/{rel}","templated":true}]}}