{"id":2238,"date":"2021-03-25T21:16:14","date_gmt":"2021-03-25T21:16:14","guid":{"rendered":"https:\/\/www.janmikulecky.com\/?p=2238"},"modified":"2020-08-27T09:26:38","modified_gmt":"2020-08-27T09:26:38","slug":"jan-mikulecky-krausova-ma-nove-sloupky","status":"publish","type":"post","link":"https:\/\/www.jan-mikulecky.cz\/index.php\/2021\/03\/25\/jan-mikulecky-krausova-ma-nove-sloupky\/","title":{"rendered":"Jan Mikuleck\u00fd: Krausova m\u00e1 nov\u00e9 sloupky"},"content":{"rendered":"<p>V Krausov\u011b ulici parkovala auta na chodn\u00edku sm\u011brem k M\u00edsteck\u00e9. Chodn\u00edk je v t\u011bch m\u00edstech \u0161irok\u00fd a&nbsp;lid\u00e9 mohli kolem aut proch\u00e1zet, tak by bylo mo\u017en\u00e9 \u0159\u00edci, \u017ee parkov\u00e1n\u00ed je tolerovateln\u00e9. <em>&#8222;Na s\u00eddli\u0161ti je voln\u00e9 m\u00edsto pro auta vz\u00e1cnost\u00ed. Nicm\u00e9n\u011b auta na chodn\u00edk naj\u00ed\u017ed\u011bla skrz p\u0159echod, \u010d\u00edm vznikaly velmi nebezpe\u010dn\u00e9 situace,&#8220; <\/em>upozor\u0148uje zastupitel Jan Mikuleck\u00fd<em>.<\/em><!--more--><\/p>\n<p>M\u011bstsk\u00e1 policie bohu\u017eel nem\u00e1 moc mo\u017enost\u00ed, jak situaci \u0159e\u0161it. Rozd\u00e1v\u00e1n\u00ed pokut za st\u011bra\u010de nen\u00ed efektivn\u00ed z&nbsp;d\u016fvodu v\u00fdmluvy na osobu bl\u00edzkou. Proto se veden\u00ed radnice rozhodlo instalovat sloupky, kter\u00e9 vjezdu zabr\u00e1n\u00ed. Chodn\u00edk je tak po dlouh\u00e9 dob\u011b op\u011bt k dispozici jen pro chodce.<\/p>\n<figure id=\"attachment_2239\" aria-describedby=\"caption-attachment-2239\" style=\"width: 840px\" class=\"wp-caption alignnone\"><img loading=\"lazy\" class=\"wp-image-2239 size-large\" src=\"https:\/\/www.janmikulecky.com\/wp-content\/uploads\/2018\/09\/Sloupky-Krausova-930x1024.jpg\" alt=\"Autor: Jan Mikuleck\u00fd\" width=\"840\" height=\"925\"><figcaption id=\"caption-attachment-2239\" class=\"wp-caption-text\">Autor: Jan Mikuleck\u00fd<\/figcaption><\/figure>\n<p>Sloupky budou postupn\u011b instalov\u00e1ny i na dal\u0161\u00edch m\u00edstech, kde auta neleg\u00e1ln\u011b parkuj\u00ed na chodn\u00edku nebo v&nbsp;zeleni. Vhodnou \u00fapravou dopravn\u00edho zna\u010den\u00ed je mo\u017en\u00e9 legalizovat parkovac\u00ed m\u00edsta, kde by auta mohla \u010d\u00e1ste\u010dn\u011b vyu\u017e\u00edt chodn\u00edk, nicm\u00e9n\u011b nemohou b\u00fdt nebezpe\u010dn\u00e1 pro chodce. &#8222;Majitel\u00e9 pozemk\u016f se s&nbsp;po\u017eadavkem na vytvo\u0159en\u00ed leg\u00e1ln\u00edch parkovac\u00edch m\u00edst mohou kdykoli obr\u00e1tit na odbor dopravy,&#8220; dod\u00e1v\u00e1 Jan Mikuleck\u00fd<\/p>\n","protected":false},"excerpt":{"rendered":"<p>V Krausov\u011b ulici parkovala auta na chodn\u00edku sm\u011brem k M\u00edsteck\u00e9. Chodn\u00edk je v t\u011bch m\u00edstech \u0161irok\u00fd a&nbsp;lid\u00e9 mohli kolem aut proch\u00e1zet, tak by bylo mo\u017en\u00e9 \u0159\u00edci, \u017ee parkov\u00e1n\u00ed je tolerovateln\u00e9. &#8222;Na s\u00eddli\u0161ti je voln\u00e9 m\u00edsto pro auta vz\u00e1cnost\u00ed. Nicm\u00e9n\u011b auta na chodn\u00edk naj\u00ed\u017ed\u011bla skrz p\u0159echod, \u010d\u00edm vznikaly velmi nebezpe\u010dn\u00e9 situace,&#8220; upozor\u0148uje zastupitel Jan Mikuleck\u00fd.<\/p>\n","protected":false},"author":1,"featured_media":0,"comment_status":"open","ping_status":"open","sticky":false,"template":"","format":"standard","meta":[],"categories":[19],"tags":[],"_links":{"self":[{"href":"https:\/\/www.jan-mikulecky.cz\/index.php\/wp-json\/wp\/v2\/posts\/2238"}],"collection":[{"href":"https:\/\/www.jan-mikulecky.cz\/index.php\/wp-json\/wp\/v2\/posts"}],"about":[{"href":"https:\/\/www.jan-mikulecky.cz\/index.php\/wp-json\/wp\/v2\/types\/post"}],"author":[{"embeddable":true,"href":"https:\/\/www.jan-mikulecky.cz\/index.php\/wp-json\/wp\/v2\/users\/1"}],"replies":[{"embeddable":true,"href":"https:\/\/www.jan-mikulecky.cz\/index.php\/wp-json\/wp\/v2\/comments?post=2238"}],"version-history":[{"count":1,"href":"https:\/\/www.jan-mikulecky.cz\/index.php\/wp-json\/wp\/v2\/posts\/2238\/revisions"}],"predecessor-version":[{"id":2815,"href":"https:\/\/www.jan-mikulecky.cz\/index.php\/wp-json\/wp\/v2\/posts\/2238\/revisions\/2815"}],"wp:attachment":[{"href":"https:\/\/www.jan-mikulecky.cz\/index.php\/wp-json\/wp\/v2\/media?parent=2238"}],"wp:term":[{"taxonomy":"category","embeddable":true,"href":"https:\/\/www.jan-mikulecky.cz\/index.php\/wp-json\/wp\/v2\/categories?post=2238"},{"taxonomy":"post_tag","embeddable":true,"href":"https:\/\/www.jan-mikulecky.cz\/index.php\/wp-json\/wp\/v2\/tags?post=2238"}],"curies":[{"name":"wp","href":"https:\/\/api.w.org\/{rel}","templated":true}]}}