{"id":2244,"date":"2020-09-16T19:44:14","date_gmt":"2020-09-16T19:44:14","guid":{"rendered":"https:\/\/www.janmikulecky.com\/?p=2244"},"modified":"2020-08-27T08:53:06","modified_gmt":"2020-08-27T08:53:06","slug":"jan-mikulecky-letnany-zastupitel-letnanske-lentilky-budou-jiz-v-roce-2014","status":"publish","type":"post","link":"https:\/\/www.jan-mikulecky.cz\/index.php\/2020\/09\/16\/jan-mikulecky-letnany-zastupitel-letnanske-lentilky-budou-jiz-v-roce-2014\/","title":{"rendered":"Jan Mikuleck\u00fd: Let\u0148ansk\u00e9 lentilky budou ji\u017e v roce 2014"},"content":{"rendered":"<p>Projekt revitalizace b\u00fdval\u00e9ho s\u00eddli\u0161t\u011b Avia se bl\u00ed\u017e\u00ed ke sv\u00e9 realizaci. Let\u0148any ji\u017e v roce 2014 budou m\u00edt nov\u00e1 d\u011btsk\u00e1 h\u0159i\u0161t\u011b, chodn\u00edky, parkovac\u00ed m\u00edsta a zelen\u00e9 plochy, sd\u011bluje zastupitel Jan Mikuleck\u00fd, Let\u0148any.<!--more--><\/p>\n<p>Prvn\u00ed f\u00e1ze Lentilek m\u00e1 v\u0161echna \u00fazemn\u00ed rozhodnut\u00ed a stavebn\u00ed povolen\u00ed a jsou&nbsp;<a title=\"Let\u0148ansk\u00e9 lentilky dostaly dotaci 27.000.000 K\u010d\" href=\"http:\/\/letnanskelentilky.cz\/letnanske-lentilky-dostaly-dotaci-27-000-000-kc\/\">p\u0159ipraven\u00e9 dotace 27&nbsp;000 000 K\u010d<\/a>&nbsp;z&nbsp;evropsk\u00fdch fond\u016f.&nbsp;&nbsp;Pr\u00e1v\u011b prob\u00edh\u00e1 v\u00fdb\u011brov\u00e9 \u0159\u00edzen\u00ed na dodavatele a v&nbsp;b\u0159eznu by se m\u011blo za\u010d\u00edt stav\u011bt. Pokud v\u0161e p\u016fjde podle pl\u00e1nu, prvn\u00ed f\u00e1ze Let\u0148ansk\u00fdch lentilek bude hotov\u00e1 v&nbsp;\u0159\u00edjnu 2014.<\/p>\n<p>&#8222;Dal\u0161\u00ed f\u00e1ze Lentilek budou zahrnovat rekonstrukci Bahoku a vytvo\u0159en\u00ed parkovac\u00edch ploch, dokon\u010den\u00ed revitalizace vnitrobloku u mate\u0159sk\u00e9 \u0161kolky Malkovsk\u00e9ho a \u00fapravu zelen\u011b v&nbsp;N\u00fddeck\u00e9 a Jablunkovsk\u00e9 ulici,&#8220; \u0159\u00edk\u00e1 zastupitel Jan Mikuleck\u00fd, Let\u0148any. Samostatnou etapou Let\u0148ansk\u00fdch lentilek je&nbsp;<a title=\"Lentilky etapa 9: Had\u00ed stezka Fry\u010dovick\u00e1\" href=\"http:\/\/letnanskelentilky.cz\/lentilky-etapa-9-hadi-stezka-frycovicka\/\">Had\u00ed stezka Fry\u010dovick\u00e1<\/a>, kter\u00e1 pob\u011b\u017e\u00ed po z\u00e1padn\u00ed stran\u011b stejnojmenn\u00e9 z\u00e1kladn\u00ed \u0161koly. Rozpo\u010det Let\u0148an nedovoluje tak vysok\u00e9 investice, a proto budou v\u0161echny f\u00e1ze projektu financov\u00e1ny z&nbsp;Evropsk\u00fdch struktur\u00e1ln\u00edch fond\u016f.<\/p>\n<p><strong>V\u00edce mo\u017enost\u00ed parkov\u00e1n\u00ed<\/strong><\/p>\n<p>Vedle n\u011bkolika h\u0159i\u0161\u0165 p\u0159inesou Lentilky i nov\u00e1 parkovac\u00ed m\u00edsta. Projektanti hledali ka\u017ed\u00fd metr \u010dtvere\u010dn\u00ed, kde by mohl prostor pro parkov\u00e1n\u00ed vzniknout, ale ka\u017ed\u00fd ur\u010dit\u011b pochop\u00ed, \u017ee d\u00edky charakteru s\u00eddli\u0161t\u011b prvn\u00ed f\u00e1ze Lentilek probl\u00e9m parkov\u00e1n\u00ed nevy\u0159e\u0161\u00ed na 100%.&nbsp;<em>\u201eZrovna ned\u00e1vno m\u011b zastavila jedna pan\u00ed u n\u00e1s p\u0159ed domem a ptala se m\u011b, pro\u010d chceme zav\u0159\u00edt Krausovu ulici a zru\u0161it tam parkovac\u00ed m\u00edsta. P\u0159ekvapilo m\u011b, jak na to p\u0159i\u0161la. Potvrdil jsem j\u00ed, \u017ee&nbsp;<strong>Krausova z\u016fstane takov\u00e1, jak\u00e1 je, a&nbsp;<a title=\"Budoucnost parkov\u00e1n\u00ed v Krausov\u011b ulici\" href=\"http:\/\/letnanskelentilky.cz\/budoucnost-parkovani-v-krausove-ulici\/\">\u017e\u00e1dn\u00e9 parkov\u00e1n\u00ed ru\u0161it nebudeme<\/a>,&#8220;&nbsp;<\/strong>\u0159\u00edk\u00e1&nbsp;zastupitel Jan Mikuleck\u00fd, Let\u0148any.<\/em><\/p>\n<p>V&nbsp;r\u00e1mci v\u00fdstavby Lentilek p\u0159ibydou des\u00edtky nov\u00fdch parkovac\u00edch m\u00edst v&nbsp;M\u00edsteck\u00e9 a&nbsp;Jan\u010dov\u011b ulici. N\u011bkter\u00e9 m\u00edsta nap\u0159\u00edklad v&nbsp;<a title=\"Variantn\u00ed \u0159e\u0161en\u00ed ulice Ku\u017eelova\" href=\"http:\/\/letnanskelentilky.cz\/variantni-reseni-ulice-kuzelova\/\">Ku\u017eelov\u011b ulici<\/a>&nbsp;nebo p\u0159ed domem M\u00edsteck\u00e1 453-448 budou zru\u0161ena, ale celkov\u011b v&nbsp;prvn\u00ed f\u00e1zi Lentilek narostou parkovac\u00ed m\u00edsta o cca 25. Lid\u00e9 z&nbsp;N\u00fddeck\u00e9, M\u00edsteck\u00e9, Ku\u017eelovy, Ivan\u010dick\u00e9 nebo Krausovy ulice tak budou m\u00edt v\u00edce mo\u017enost\u00ed pro parkov\u00e1n\u00ed. V&nbsp;p\u0159\u00ed\u0161t\u00edch letech by m\u011bla vzniknout dal\u0161\u00ed parkovac\u00ed m\u00edsta p\u0159i&nbsp;<a title=\"Etapa 6: Val z\u016fst\u00e1v\u00e1, parkovi\u0161t\u011b v Bahoku\" href=\"http:\/\/letnanskelentilky.cz\/etapa-6-val-zustava-parkoviste-v-bahoku\/\">rekonstrukci Bahoku<\/a>&nbsp;&#8211; v\u00edce bude z\u0159ejm\u00e9 po dokon\u010den\u00ed studie v&nbsp;l\u00e9t\u011b 2014.<\/p>\n<p><strong>Nov\u00e9 atrium Z\u0160 Fry\u010dovick\u00e1<\/strong><\/p>\n<p>S&nbsp;Lentilkami souvis\u00ed i revitalizace atria Z\u0160 Fry\u010dovick\u00e1, kter\u00e9 pr\u00e1v\u011b v&nbsp;t\u011bchto dnech dost\u00e1v\u00e1 novou podobu. Dla\u017eby za star\u00fd asfalt, kter\u00fd je z\u00e1rove\u0148 z&nbsp;velk\u00e9 \u010d\u00e1sti nahrazov\u00e1n zelen\u00ed. \u0160kol\u00e1ci budou m\u00edt na ja\u0159e mnohem kr\u00e1sn\u011bj\u0161\u00ed prostory pro voln\u00fd \u010das o p\u0159est\u00e1vk\u00e1ch. &#8222;Ti nejmen\u0161\u00ed \u0161kol\u00e1ci z\u00e1rove\u0148 dostanou v&nbsp;p\u0159\u00ed\u0161t\u00edch letech nov\u00e9 h\u0159i\u0161t\u011b, kter\u00e9 bude vybudov\u00e1no v&nbsp;r\u00e1mci Had\u00ed stezky hned vedle \u0161koly. A pak je \u010dek\u00e1 u \u0161koly je\u0161t\u011b jedno p\u0159ekvapen\u00ed, kter\u00e9 souvis\u00ed s&nbsp;realizac\u00ed Had\u00ed stezky, ale to zat\u00edm nebudeme prozrazovat,&#8220; nechce detaily odhalit&nbsp;zastupitel Jan Mikuleck\u00fd, Let\u0148any.<\/p>\n<p><a href=\"http:\/\/letnanskelentilky.cz\/wp-content\/uploads\/cropped-kuzelova_varA.jpg\"><img loading=\"lazy\" class=\"wp-image-33 aligncenter\" src=\"http:\/\/letnanskelentilky.cz\/wp-content\/uploads\/cropped-kuzelova_varA.jpg\" alt=\"cropped-kuzelova_varA.jpg\" width=\"1000\" height=\"288\"><\/a><\/p>\n<p><strong>F\u00e1zov\u00e1n\u00ed Lentilek<\/strong><\/p>\n<p>Na Lentilk\u00e1ch radn\u00ed Mikuleck\u00fd a jeho t\u00fdm pracuje ji\u017e 3 roky. Od prvn\u00ed studie se projekt velmi zm\u011bnil a&nbsp;p\u0159izp\u016fsobil po\u017eadavk\u016fm obyvatel let\u0148ansk\u00e9ho s\u00eddli\u0161t\u011b. V&nbsp;tuto chv\u00edli je v\u0161e p\u0159ipraveno pro realizaci prvn\u00ed f\u00e1ze a ty dal\u0161\u00ed budou n\u00e1sledovat. Dokon\u010den\u00ed cel\u00e9ho projektu v\u0161ak zabere je\u0161t\u011b n\u011bkolik dal\u0161\u00edch let. Hlavn\u00edm d\u016fvodem je financov\u00e1n\u00ed, kter\u00e9 je zalo\u017eeno zejm\u00e9na na evropsk\u00fdch fondech. \u010casov\u011b jsou Lentilky rozd\u011bleny do 3 f\u00e1z\u00ed:<\/p>\n<table cellspacing=\"0\" cellpadding=\"0\" border=\"1\">\n<tbody>\n<tr>\n<td width=\"614\" valign=\"top\">F\u00e1ze 1 \u2013 Ku\u017eelova, Jan\u010dova a M\u00edsteck\u00e1 ulice, vnitroblok kolem \u017dabky a ji\u017en\u00ed \u010d\u00e1st vnitrobloku u M\u0160 Malkovsk\u00e9ho \u2013 p\u0159iznan\u00e9 dotace 27mil, p\u0159edpokl\u00e1dan\u00fd term\u00edn dokon\u010den\u00ed: \u0159\u00edjen 2014<\/td>\n<\/tr>\n<tr>\n<td width=\"614\" valign=\"top\">F\u00e1ze 2 \u2013 Had\u00ed stezka Fry\u010dovick\u00e1, N\u00fddeck\u00e1 a Jablunkovsk\u00e1 ulice, dokon\u010den\u00ed vnitrobloku u M\u0160 Malkovsk\u00e9ho \u2013 \u017e\u00e1dost o dotace v&nbsp;p\u0159\u00edprav\u011b, p\u0159edpokl\u00e1dan\u00e1 realizace v&nbsp;roce 2015<\/td>\n<\/tr>\n<tr>\n<td width=\"614\" valign=\"top\">F\u00e1ze 3 \u2013 Bahok, h\u0159i\u0161t\u011b v&nbsp;Krausov\u011b ulici, revitalizace zelen\u011b u Tupolevovy ulice a v&nbsp;K\u0159ivokl\u00e1tsk\u00e9 \u2013 p\u0159edpokl\u00e1dan\u00e1 realizace v&nbsp;letech 2015 \u2013 2018<\/td>\n<\/tr>\n<\/tbody>\n<\/table>\n<p><strong>Lentilky jsou ve\u0159ejn\u00fd projekt<\/strong><\/p>\n<p>Projekt Let\u0148ansk\u00fdch lentilek p\u0159\u00edmo zasahuje do \u017eivota t\u00e9m\u011b\u0159 3500 lid\u00ed a nen\u00ed proto p\u0159ekvapiv\u00e9, \u017ee se o n\u011bm diskutuje na ulic\u00edch, u piva nebo i na shrom\u00e1\u017ed\u011bn\u00ed vlastn\u00edk\u016f. Projekt samoz\u0159ejm\u011b vyvol\u00e1v\u00e1 ot\u00e1zky a naj\u00edt na n\u011b odpov\u011bdi je velmi snadn\u00e9. U\u017e pat\u0159\u00ed ke koloritu Let\u0148an, \u017ee se ob\u010das objev\u00ed nesmysln\u00e1 f\u00e1ma, jako nap\u0159\u00edklad s&nbsp;p\u0159estavbou Krausovy ulice. Nicm\u00e9n\u011b drtiv\u00e1 v\u011bt\u0161ina obyvatel Let\u0148an v\u00ed, kde naj\u00edt spr\u00e1vn\u00e9 informace. Radn\u00ed Mikuleck\u00fd k&nbsp;tomu dod\u00e1v\u00e1:&nbsp;<em>\u201eT\u011b\u0161\u00ed m\u011b, jak velk\u00e9 mno\u017estv\u00ed lid\u00ed se o&nbsp;Lentilky zaj\u00edm\u00e1 a&nbsp;chce zn\u00e1t detailn\u00ed informace. Lentilky maj\u00ed vlastn\u00ed web&nbsp;<\/em><a href=\"http:\/\/www.letnanskelentilky.cz\/\"><em>www.letnanskelentilky.cz<\/em><\/a><em>, kde je mo\u017en\u00e9 vyu\u017e\u00edt otev\u0159enou diskusi pod ka\u017ed\u00fdm \u010dl\u00e1nkem. Lid\u00e9 se mohou pt\u00e1t v&nbsp;sekci Ot\u00e1zky a odpov\u011bdi na&nbsp;<\/em><a href=\"http:\/\/letnany.cz\/otazky-a-odpovedi.php\"><em>www.letnany.cz<\/em><\/a><em>. Nav\u00edc moje mobiln\u00ed \u010d\u00edslo je ve\u0159ejn\u00e9 a dostupn\u00e9 prakticky v&nbsp;re\u017eimu 24&#215;7,\u201c&nbsp;<\/em>\u0159\u00edk\u00e1&nbsp;zastupitel Jan Mikuleck\u00fd, Let\u0148any.&nbsp;Kdokoli z&nbsp;ob\u010dan\u016f m\u016f\u017ee tak\u00e9 dorazit na&nbsp;<a title=\"Komise RS\u017dP: mo\u017enost \u00fa\u010dasti na jedn\u00e1n\u00ed\" href=\"http:\/\/letnanskelentilky.cz\/komise-rszp-moznost-ucasti-na-jednani-o-lentilkach\/\">jedn\u00e1n\u00ed Komise regenerace s\u00eddli\u0161t\u011b a \u017eivotn\u00edho prost\u0159ed\u00ed<\/a>, kter\u00e9 se kon\u00e1 ka\u017ed\u00fd m\u011bs\u00edc (pi\u0161t\u011b na mikulecky@letnany.cz). Komise v\u017edy prob\u00edr\u00e1 aktu\u00e1ln\u00ed stav projektu a dal\u0161\u00ed v\u011bci t\u00fdkaj\u00edc\u00ed se s\u00eddli\u0161t\u011b a \u017eivotn\u00edho prost\u0159ed\u00ed.<\/p>\n<p><strong>Lentilky v&nbsp;roce 2014<\/strong><\/p>\n<p>P\u0159\u00ed\u0161t\u00ed jaro a l\u00e9to bude s\u00eddli\u0161t\u011b proch\u00e1zet zm\u011bnou a na podzim budou k&nbsp;dispozici nov\u00e1 d\u011btsk\u00e1 h\u0159i\u0161t\u011b, chodn\u00edky, zele\u0148 a samoz\u0159ejm\u011b i tolik \u017e\u00e1dan\u00e1 parkovac\u00ed m\u00edsta. Jedin\u00e9, co m\u016f\u017ee Lentilky pozdr\u017eet, je bohu\u017eel proces v\u00fdb\u011brov\u00e9ho \u0159\u00edzen\u00ed. Z\u00e1kon o ve\u0159ejn\u00fdch zak\u00e1zk\u00e1ch dovoluje pora\u017een\u00fdm uchaze\u010d\u016fm o&nbsp;zak\u00e1zku se t\u00e9m\u011b\u0159 bezd\u016fvodn\u011b odvolat na \u00da\u0159ad pro ochranu hospod\u00e1\u0159sk\u00e9 sout\u011b\u017ee, jeho\u017e rozhodov\u00e1n\u00ed m\u016f\u017ee trvat i 2 roky. Odvol\u00e1n\u00ed v&nbsp;mnoha p\u0159\u00edpadech je pouze \u00fa\u010delov\u00e9 a&nbsp;proveden\u00e9 s&nbsp;jedin\u00fdm c\u00edlem \u2013 po\u0161kodit konkuren\u010dn\u00ed firmu, kter\u00e1 zak\u00e1zku vyhr\u00e1la. Nicm\u00e9n\u011b doufejme, \u017ee k&nbsp;tomuto nedojde a Lentilky p\u0159\u00ed\u0161t\u00ed rok o\u017eiv\u00ed let\u0148ansk\u00e9 s\u00eddli\u0161t\u011b, kter\u00e9 posledn\u00edch 30 let pouze st\u00e1rlo a ch\u00e1tralo.<\/p>\n<p><a href=\"http:\/\/letnanskelentilky.cz\/wp-content\/uploads\/Fand%C3%ADme-fialov%C3%A1.png\"><img loading=\"lazy\" class=\"alignleft size-full wp-image-1152\" src=\"http:\/\/letnanskelentilky.cz\/wp-content\/uploads\/Fand%C3%ADme-fialov%C3%A1.png\" alt=\"Fand\u00edme fialov\u00e1\" width=\"331\" height=\"333\"><\/a><strong>Fand\u00edme Lentilk\u00e1m<\/strong><\/p>\n<p>&#8222;Let\u0148ansk\u00e9 lentilky jsou nejv\u011bt\u0161\u00ed projekt, kter\u00fd kdy let\u0148ansk\u00e1 radnice realizovala. Z\u00e1rove\u0148 dotace ve v\u00fd\u0161i 27 mil je nejvy\u0161\u0161\u00ed, kterou Let\u0148any z&nbsp;evropsk\u00fdch fond\u016f z\u00edskaly, je nejvy\u0161\u0161\u00ed v historii. Projekt Lentilek byl ohodnocen jako nejlep\u0161\u00ed projekt, kter\u00fd v&nbsp;Praze realizovala m\u011bstsk\u00e1 \u010d\u00e1st v&nbsp;letech 2008-2014 (dota\u010dn\u00ed perioda programu OPPK),&#8220; \u0159\u00edk\u00e1 zastupitel Jan Mikuleck\u00fd, Let\u0148any. Lentilky p\u0159inesou nov\u00e1 h\u0159i\u0161t\u011b, zele\u0148 i lep\u0161\u00ed parkov\u00e1n\u00ed. Fand\u011bte Lentilk\u00e1m!<\/p>\n","protected":false},"excerpt":{"rendered":"<p>Projekt revitalizace b\u00fdval\u00e9ho s\u00eddli\u0161t\u011b Avia se bl\u00ed\u017e\u00ed ke sv\u00e9 realizaci. Let\u0148any ji\u017e v roce 2014 budou m\u00edt nov\u00e1 d\u011btsk\u00e1 h\u0159i\u0161t\u011b, chodn\u00edky, parkovac\u00ed m\u00edsta a zelen\u00e9 plochy, sd\u011bluje zastupitel Jan Mikuleck\u00fd, Let\u0148any.<\/p>\n","protected":false},"author":1,"featured_media":0,"comment_status":"closed","ping_status":"open","sticky":false,"template":"","format":"standard","meta":[],"categories":[24],"tags":[],"_links":{"self":[{"href":"https:\/\/www.jan-mikulecky.cz\/index.php\/wp-json\/wp\/v2\/posts\/2244"}],"collection":[{"href":"https:\/\/www.jan-mikulecky.cz\/index.php\/wp-json\/wp\/v2\/posts"}],"about":[{"href":"https:\/\/www.jan-mikulecky.cz\/index.php\/wp-json\/wp\/v2\/types\/post"}],"author":[{"embeddable":true,"href":"https:\/\/www.jan-mikulecky.cz\/index.php\/wp-json\/wp\/v2\/users\/1"}],"replies":[{"embeddable":true,"href":"https:\/\/www.jan-mikulecky.cz\/index.php\/wp-json\/wp\/v2\/comments?post=2244"}],"version-history":[{"count":1,"href":"https:\/\/www.jan-mikulecky.cz\/index.php\/wp-json\/wp\/v2\/posts\/2244\/revisions"}],"predecessor-version":[{"id":2720,"href":"https:\/\/www.jan-mikulecky.cz\/index.php\/wp-json\/wp\/v2\/posts\/2244\/revisions\/2720"}],"wp:attachment":[{"href":"https:\/\/www.jan-mikulecky.cz\/index.php\/wp-json\/wp\/v2\/media?parent=2244"}],"wp:term":[{"taxonomy":"category","embeddable":true,"href":"https:\/\/www.jan-mikulecky.cz\/index.php\/wp-json\/wp\/v2\/categories?post=2244"},{"taxonomy":"post_tag","embeddable":true,"href":"https:\/\/www.jan-mikulecky.cz\/index.php\/wp-json\/wp\/v2\/tags?post=2244"}],"curies":[{"name":"wp","href":"https:\/\/api.w.org\/{rel}","templated":true}]}}