{"id":2680,"date":"2020-09-14T19:13:30","date_gmt":"2020-09-14T19:13:30","guid":{"rendered":"https:\/\/www.janmikulecky.com\/?p=2680"},"modified":"2020-08-27T08:52:52","modified_gmt":"2020-08-27T08:52:52","slug":"jan-mikulecky-budou-pres-sysla-jezdit-nakladni-auta-letnanska-rada-rekla-ne","status":"publish","type":"post","link":"https:\/\/www.jan-mikulecky.cz\/index.php\/2020\/09\/14\/jan-mikulecky-budou-pres-sysla-jezdit-nakladni-auta-letnanska-rada-rekla-ne\/","title":{"rendered":"Jan Mikuleck\u00fd: Budou p\u0159es sysla jezdit n\u00e1kladn\u00ed auta? Let\u0148ansk\u00e1 rada \u0159ekla: NE!"},"content":{"rendered":"<p><img loading=\"lazy\" class=\"size-thumbnail wp-image-2678 alignleft\" src=\"https:\/\/www.janmikulecky.com\/wp-content\/uploads\/2018\/09\/Jan-Mikulecky-zastupitel-Letnany-Bytov\u00fd-soubor-Kbely-1-150x150.jpg\" alt=\"\" width=\"150\" height=\"150\">Rada M\u010c Praha 18 Let\u0148any vyslovila na sv\u00e9m jedn\u00e1n\u00ed 19\/4\/2012 z\u00e1sadn\u00ed nesouhlas s&nbsp;novou v\u00fdstavou v&nbsp;okol\u00ed Leti\u0161t\u011b Let\u0148any. &#8222;Na konci b\u0159ezna zah\u00e1jil Magistr\u00e1t HMP zji\u0161\u0165ovac\u00ed \u0159\u00edzen\u00ed podle z\u00e1kona 101\/2001 sb., ve&nbsp;kter\u00e9m budou zkoum\u00e1ny vlivy na \u017eivotn\u00ed prost\u0159ed\u00ed vypl\u00fdvaj\u00edc\u00ed z&nbsp;v\u00fdstavby Bytov\u00e9ho souboru Kbely, kter\u00fd by m\u011bl b\u00fdt v&nbsp;p\u0159\u00ed\u0161t\u00edm roce postaven u ji\u017en\u00ed strany leti\u0161t\u011b,&#8220; sd\u011blil Jan Mikuleck\u00fd, zastupitel Let\u0148any.<!--more--><\/p>\n<p>Investor v&nbsp;ozn\u00e1men\u00ed z\u00e1m\u011bru v\u00fdstavby uv\u00e1d\u00ed, \u017ee \u201e\u2026hlavn\u00ed vjezd\/v\u00fdjezd VJ1 na hlavn\u00ed staveni\u0161t\u011b je v&nbsp;severov\u00fdchodn\u00edm rohu staveni\u0161t\u011b, je napojen na poln\u00ed cestu vyu\u017e\u00edvanou jako p\u0159\u00edjezd n\u00e1kladn\u00edch automobil\u016f na stavbu\u201c. Toto vyj\u00e1d\u0159en\u00ed a p\u0159ilo\u017een\u00fd obr\u00e1zek potvrzuje fakt, \u017ee n\u00e1kladn\u00ed auta s&nbsp;betonem a dal\u0161\u00edm stavebn\u00edm materi\u00e1lem maj\u00ed po celou dobu v\u00fdstavby jezdit v ochrann\u00e9m p\u00e1smu N\u00e1rodn\u00ed p\u0159\u00edrodn\u00ed pam\u00e1tky Leti\u0161t\u011b Let\u0148any. &#8222;Re\u00e1ln\u011b hroz\u00ed, \u017ee t\u011b\u017ek\u00e1 n\u00e1kladn\u00ed doprava v\u00fdznamn\u011b naru\u0161\u00ed biotop sysla, kter\u00fd je chr\u00e1n\u011bn\u00fdm \u017eivo\u010dichem a v&nbsp;Let\u0148anech m\u00e1 nejvy\u0161\u0161\u00ed populaci v&nbsp;\u010cesk\u00e9 republice. Nav\u00edc by n\u00e1kladn\u00ed auta voz\u00edc\u00ed odpad ze stavby m\u011bla b\u00fdt odv\u00e1d\u011bna na Polaneck\u00e9ho ulici &#8211; novou spojku Mladoboleslavsk\u00e9 a&nbsp;Tou\u017eimsk\u00e9 a d\u00e1le p\u0159es Let\u0148any, kde by nepochybn\u011b zhor\u0161ila ji\u017e tak hustou dopravu, tak i kvalitu \u017eivota a \u017eivotn\u00edho prost\u0159ed\u00ed zna\u010dn\u00fdm mno\u017estv\u00edm hluku a prachu,&#8220; \u0159ekl&nbsp;Jan Mikuleck\u00fd, zastupitel Let\u0148any.<\/p>\n<p><img loading=\"lazy\" class=\"alignnone wp-image-2677 size-full\" src=\"https:\/\/www.janmikulecky.com\/wp-content\/uploads\/2018\/09\/Jan-Mikulecky-zastupitel-Letnany-Bytov\u00fd-soubor-Kbely.jpg\" alt=\"\" width=\"845\" height=\"606\"><\/p>\n<p>Let\u0148an\u0161t\u00ed radn\u00ed maj\u00ed z\u00e1jem na rozvoji podnik\u00e1n\u00ed a jsou p\u0159ipraveni jej i podpo\u0159it, nicm\u00e9n\u011b v\u017edy mus\u00ed b\u00fdt br\u00e1n z\u0159etel na \u017eivotn\u00ed prost\u0159ed\u00ed a kvalitu \u017eivota lid\u00ed. &#8222;Za dan\u00e9 situace se veden\u00ed let\u0148ansk\u00e9 radnice ohradilo proti v\u00fd\u0161e popsan\u00fdm negativn\u00edm dopad\u016fm a \u017e\u00e1d\u00e1, aby byl cel\u00fd projekt podroben tzv. velk\u00e9 EIE, kter\u00e1 by posoudila a n\u00e1sledn\u011b i stanovila v\u00fdchoz\u00ed p\u0159edpoklady pro takov\u00e1 dopravn\u00ed \u0159e\u0161en\u00ed, kter\u00e1 nezat\u00ed\u017e\u00ed ob\u010dany Let\u0148an ani unik\u00e1tn\u00ed populaci sysla obecn\u00e9ho,&#8220; \u0159ekl&nbsp;Jan Mikuleck\u00fd, zastupitel Let\u0148any. Rada je p\u0159ipravena ji\u017e v&nbsp;r\u00e1mci zji\u0161\u0165ovac\u00edho \u0159\u00edzen\u00ed vyu\u017e\u00edt v\u0161ech mo\u017enost\u00ed, aby zabr\u00e1nila bezprost\u0159edn\u011b hroz\u00edc\u00ed devastaci p\u0159\u00edrodn\u00ed pam\u00e1tky a ohro\u017eov\u00e1n\u00ed populace let\u0148ansk\u00e9ho sysla.<\/p>\n<p>&#8222;Je a\u017e s&nbsp;podivem, \u017ee obvykle aktivn\u00ed ekologick\u00e1 sdru\u017een\u00ed a jejich p\u0159edstavitel\u00e9, kte\u0159\u00ed jindy halasn\u011b broj\u00ed za ochranu na\u0161eho sysla, jsou nyn\u00ed potichu a nemaj\u00ed k&nbsp;projektu \u017e\u00e1dn\u00e9 p\u0159ipom\u00ednky,&#8220; dodal&nbsp;Jan Mikuleck\u00fd, zastupitel Let\u0148any.<\/p>\n","protected":false},"excerpt":{"rendered":"<p>Rada M\u010c Praha 18 Let\u0148any vyslovila na sv\u00e9m jedn\u00e1n\u00ed 19\/4\/2012 z\u00e1sadn\u00ed nesouhlas s&nbsp;novou v\u00fdstavou v&nbsp;okol\u00ed Leti\u0161t\u011b Let\u0148any. &#8222;Na konci b\u0159ezna zah\u00e1jil Magistr\u00e1t HMP zji\u0161\u0165ovac\u00ed \u0159\u00edzen\u00ed podle z\u00e1kona 101\/2001 sb., ve&nbsp;kter\u00e9m budou zkoum\u00e1ny vlivy na \u017eivotn\u00ed prost\u0159ed\u00ed vypl\u00fdvaj\u00edc\u00ed z&nbsp;v\u00fdstavby Bytov\u00e9ho souboru Kbely, kter\u00fd by m\u011bl b\u00fdt v&nbsp;p\u0159\u00ed\u0161t\u00edm roce postaven u ji\u017en\u00ed strany leti\u0161t\u011b,&#8220; sd\u011blil Jan Mikuleck\u00fd, &hellip; <\/p>\n<p class=\"link-more\"><a href=\"https:\/\/www.jan-mikulecky.cz\/index.php\/2020\/09\/14\/jan-mikulecky-budou-pres-sysla-jezdit-nakladni-auta-letnanska-rada-rekla-ne\/\" class=\"more-link\">Pokra\u010dovat ve \u010dten\u00ed<span class=\"screen-reader-text\"> &#8222;Jan Mikuleck\u00fd: Budou p\u0159es sysla jezdit n\u00e1kladn\u00ed auta? Let\u0148ansk\u00e1 rada \u0159ekla: NE!&#8220;<\/span><\/a><\/p>\n","protected":false},"author":1,"featured_media":0,"comment_status":"closed","ping_status":"open","sticky":false,"template":"","format":"standard","meta":[],"categories":[1],"tags":[],"_links":{"self":[{"href":"https:\/\/www.jan-mikulecky.cz\/index.php\/wp-json\/wp\/v2\/posts\/2680"}],"collection":[{"href":"https:\/\/www.jan-mikulecky.cz\/index.php\/wp-json\/wp\/v2\/posts"}],"about":[{"href":"https:\/\/www.jan-mikulecky.cz\/index.php\/wp-json\/wp\/v2\/types\/post"}],"author":[{"embeddable":true,"href":"https:\/\/www.jan-mikulecky.cz\/index.php\/wp-json\/wp\/v2\/users\/1"}],"replies":[{"embeddable":true,"href":"https:\/\/www.jan-mikulecky.cz\/index.php\/wp-json\/wp\/v2\/comments?post=2680"}],"version-history":[{"count":1,"href":"https:\/\/www.jan-mikulecky.cz\/index.php\/wp-json\/wp\/v2\/posts\/2680\/revisions"}],"predecessor-version":[{"id":2719,"href":"https:\/\/www.jan-mikulecky.cz\/index.php\/wp-json\/wp\/v2\/posts\/2680\/revisions\/2719"}],"wp:attachment":[{"href":"https:\/\/www.jan-mikulecky.cz\/index.php\/wp-json\/wp\/v2\/media?parent=2680"}],"wp:term":[{"taxonomy":"category","embeddable":true,"href":"https:\/\/www.jan-mikulecky.cz\/index.php\/wp-json\/wp\/v2\/categories?post=2680"},{"taxonomy":"post_tag","embeddable":true,"href":"https:\/\/www.jan-mikulecky.cz\/index.php\/wp-json\/wp\/v2\/tags?post=2680"}],"curies":[{"name":"wp","href":"https:\/\/api.w.org\/{rel}","templated":true}]}}